{"id":942,"date":"2018-06-12T11:44:03","date_gmt":"2018-06-12T10:44:03","guid":{"rendered":"http:\/\/pscg.me\/?p=942"},"modified":"2018-07-09T09:00:49","modified_gmt":"2018-07-09T08:00:49","slug":"21-susreti-planinara-balkana-orzani-su-u-trscu-u-hrvatskoj","status":"publish","type":"post","link":"https:\/\/pscg.me\/en\/21-susreti-planinara-balkana-orzani-su-u-trscu-u-hrvatskoj\/","title":{"rendered":"(Montenegro) 21. susreti planinara Balkana odr\u017eani su u Tr\u0161\u010du u Hrvatskoj"},"content":{"rendered":"<p class=\"qtranxs-available-languages-message qtranxs-available-languages-message-en\">Sorry, this entry is only available in <a href=\"https:\/\/pscg.me\/sr\/wp-json\/wp\/v2\/posts\/942\" class=\"qtranxs-available-language-link qtranxs-available-language-link-sr\" title=\"Montenegro\">Montenegro<\/a>.<\/p>","protected":false},"excerpt":{"rendered":"<p>Sorry, this entry is only available in Montenegro.<\/p>\n","protected":false},"author":2,"featured_media":941,"comment_status":"open","ping_status":"open","sticky":false,"template":"","format":"standard","meta":{"jetpack_post_was_ever_published":false,"_jetpack_newsletter_access":"","_jetpack_dont_email_post_to_subs":false,"_jetpack_newsletter_tier_id":0,"_jetpack_memberships_contains_paywalled_content":false,"_jetpack_memberships_contains_paid_content":false,"footnotes":""},"categories":[3],"tags":[],"class_list":["post-942","post","type-post","status-publish","format-standard","has-post-thumbnail","hentry","category-novosti"],"jetpack_featured_media_url":"https:\/\/pscg.me\/wp-content\/uploads\/2018\/06\/IMG_20180609_131858-scaled.jpg","jetpack_likes_enabled":true,"jetpack-related-posts":[{"id":3808,"url":"https:\/\/pscg.me\/en\/izvjestaj-sa-24-susreta-planinara-balkana-negotino-sjeverna-makedonija\/","url_meta":{"origin":942,"position":0},"title":"(Montenegro) Izvje\u0161taj sa  24. Susreta planinara Balkana &#8211; Negotino, Sjeverna Makedonija","author":"Tatjana Ivanovic","date":"Wednesday June 15th, 2022","format":false,"excerpt":"Sorry, this entry is only available in Montenegro.","rel":"","context":"In &quot;News&quot;","block_context":{"text":"News","link":"https:\/\/pscg.me\/en\/category\/novosti\/"},"img":{"alt_text":"","src":"https:\/\/i0.wp.com\/pscg.me\/wp-content\/uploads\/2022\/06\/Gorica-6.jpg?resize=350%2C200&ssl=1","width":350,"height":200,"srcset":"https:\/\/i0.wp.com\/pscg.me\/wp-content\/uploads\/2022\/06\/Gorica-6.jpg?resize=350%2C200&ssl=1 1x, https:\/\/i0.wp.com\/pscg.me\/wp-content\/uploads\/2022\/06\/Gorica-6.jpg?resize=525%2C300&ssl=1 1.5x, https:\/\/i0.wp.com\/pscg.me\/wp-content\/uploads\/2022\/06\/Gorica-6.jpg?resize=700%2C400&ssl=1 2x"},"classes":[]},{"id":6689,"url":"https:\/\/pscg.me\/en\/27-susreti-planinarskih-klubova-balkana-smetovi-2025-zenica\/","url_meta":{"origin":942,"position":1},"title":"(Montenegro) 27. SUSRETI PLANINARSKIH KLUBOVA BALKANA &#8211; SMETOVI 2025, ZENICA","author":"Tatjana Ivanovic","date":"Thursday June 19th, 2025","format":false,"excerpt":"Sorry, this entry is only available in Montenegro.","rel":"","context":"In &quot;News&quot;","block_context":{"text":"News","link":"https:\/\/pscg.me\/en\/category\/novosti\/"},"img":{"alt_text":"","src":"https:\/\/i0.wp.com\/pscg.me\/wp-content\/uploads\/2025\/06\/IMG_7848.jpeg?resize=350%2C200&ssl=1","width":350,"height":200,"srcset":"https:\/\/i0.wp.com\/pscg.me\/wp-content\/uploads\/2025\/06\/IMG_7848.jpeg?resize=350%2C200&ssl=1 1x, https:\/\/i0.wp.com\/pscg.me\/wp-content\/uploads\/2025\/06\/IMG_7848.jpeg?resize=525%2C300&ssl=1 1.5x, https:\/\/i0.wp.com\/pscg.me\/wp-content\/uploads\/2025\/06\/IMG_7848.jpeg?resize=700%2C400&ssl=1 2x"},"classes":[]},{"id":4869,"url":"https:\/\/pscg.me\/en\/u-andrijevici-odrzani-susreti-mladih-planinara-balkana\/","url_meta":{"origin":942,"position":2},"title":"(Montenegro) U ANDRIJEVICI ODR\u017dANI SUSRETI MLADIH PLANINARA BALKANA","author":"Tatjana Ivanovic","date":"Monday August 28th, 2023","format":false,"excerpt":"Sorry, this entry is only available in Montenegro.","rel":"","context":"In &quot;News&quot;","block_context":{"text":"News","link":"https:\/\/pscg.me\/en\/category\/novosti\/"},"img":{"alt_text":"","src":"https:\/\/i0.wp.com\/pscg.me\/wp-content\/uploads\/2023\/08\/Susreti-1.jpg?resize=350%2C200&ssl=1","width":350,"height":200,"srcset":"https:\/\/i0.wp.com\/pscg.me\/wp-content\/uploads\/2023\/08\/Susreti-1.jpg?resize=350%2C200&ssl=1 1x, https:\/\/i0.wp.com\/pscg.me\/wp-content\/uploads\/2023\/08\/Susreti-1.jpg?resize=525%2C300&ssl=1 1.5x, https:\/\/i0.wp.com\/pscg.me\/wp-content\/uploads\/2023\/08\/Susreti-1.jpg?resize=700%2C400&ssl=1 2x, https:\/\/i0.wp.com\/pscg.me\/wp-content\/uploads\/2023\/08\/Susreti-1.jpg?resize=1050%2C600&ssl=1 3x, https:\/\/i0.wp.com\/pscg.me\/wp-content\/uploads\/2023\/08\/Susreti-1.jpg?resize=1400%2C800&ssl=1 4x"},"classes":[]},{"id":4037,"url":"https:\/\/pscg.me\/en\/klub-vojnih-planinara-kapetan-ucestvovao-na-omladinskim-susretima-planinara-balkana\/","url_meta":{"origin":942,"position":3},"title":"(Montenegro) KLUB VOJNIH PLANINARA &#8220;KAPETAN&#8221; U\u010cESTVOVAO NA OMLADINSKIM SUSRETIMA PLANINARA BALKANA","author":"Tatjana Ivanovic","date":"Tuesday August 23rd, 2022","format":false,"excerpt":"Sorry, this entry is only available in Montenegro.","rel":"","context":"In &quot;News&quot;","block_context":{"text":"News","link":"https:\/\/pscg.me\/en\/category\/novosti\/"},"img":{"alt_text":"","src":"https:\/\/i0.wp.com\/pscg.me\/wp-content\/uploads\/2022\/08\/Rajac-7.jpg?resize=350%2C200&ssl=1","width":350,"height":200,"srcset":"https:\/\/i0.wp.com\/pscg.me\/wp-content\/uploads\/2022\/08\/Rajac-7.jpg?resize=350%2C200&ssl=1 1x, https:\/\/i0.wp.com\/pscg.me\/wp-content\/uploads\/2022\/08\/Rajac-7.jpg?resize=525%2C300&ssl=1 1.5x, https:\/\/i0.wp.com\/pscg.me\/wp-content\/uploads\/2022\/08\/Rajac-7.jpg?resize=700%2C400&ssl=1 2x, https:\/\/i0.wp.com\/pscg.me\/wp-content\/uploads\/2022\/08\/Rajac-7.jpg?resize=1050%2C600&ssl=1 3x, https:\/\/i0.wp.com\/pscg.me\/wp-content\/uploads\/2022\/08\/Rajac-7.jpg?resize=1400%2C800&ssl=1 4x"},"classes":[]},{"id":5832,"url":"https:\/\/pscg.me\/en\/mladi-iz-kvp-kapetan-ucestvovali-na-balkanskim-susretima\/","url_meta":{"origin":942,"position":4},"title":"(Montenegro) MLADI IZ KVP &#8220;KAPETAN&#8221; U\u010cESTVOVALI NA BALKANSKIM SUSRETIMA","author":"Tatjana Ivanovic","date":"Tuesday August 27th, 2024","format":false,"excerpt":"Sorry, this entry is only available in Montenegro.","rel":"","context":"In &quot;News&quot;","block_context":{"text":"News","link":"https:\/\/pscg.me\/en\/category\/novosti\/"},"img":{"alt_text":"","src":"https:\/\/i0.wp.com\/pscg.me\/wp-content\/uploads\/2024\/08\/D7930C94-99DB-4604-9212-30DC3C8B35DE.jpeg?resize=350%2C200&ssl=1","width":350,"height":200,"srcset":"https:\/\/i0.wp.com\/pscg.me\/wp-content\/uploads\/2024\/08\/D7930C94-99DB-4604-9212-30DC3C8B35DE.jpeg?resize=350%2C200&ssl=1 1x, https:\/\/i0.wp.com\/pscg.me\/wp-content\/uploads\/2024\/08\/D7930C94-99DB-4604-9212-30DC3C8B35DE.jpeg?resize=525%2C300&ssl=1 1.5x, https:\/\/i0.wp.com\/pscg.me\/wp-content\/uploads\/2024\/08\/D7930C94-99DB-4604-9212-30DC3C8B35DE.jpeg?resize=700%2C400&ssl=1 2x, https:\/\/i0.wp.com\/pscg.me\/wp-content\/uploads\/2024\/08\/D7930C94-99DB-4604-9212-30DC3C8B35DE.jpeg?resize=1050%2C600&ssl=1 3x"},"classes":[]},{"id":6528,"url":"https:\/\/pscg.me\/en\/odrzana-je-xviii-manifestacija-prvomajski-uranak-na-vojnik\/","url_meta":{"origin":942,"position":5},"title":"(Montenegro) Odr\u017eana je XVIII manifestacija &#8220;Prvomajski uranak na Vojnik\u201d","author":"Tatjana Ivanovic","date":"Friday May  9th, 2025","format":false,"excerpt":"Sorry, this entry is only available in Montenegro.","rel":"","context":"In &quot;News&quot;","block_context":{"text":"News","link":"https:\/\/pscg.me\/en\/category\/novosti\/"},"img":{"alt_text":"","src":"https:\/\/i0.wp.com\/pscg.me\/wp-content\/uploads\/2025\/05\/IMG_6991.jpeg?resize=350%2C200&ssl=1","width":350,"height":200,"srcset":"https:\/\/i0.wp.com\/pscg.me\/wp-content\/uploads\/2025\/05\/IMG_6991.jpeg?resize=350%2C200&ssl=1 1x, https:\/\/i0.wp.com\/pscg.me\/wp-content\/uploads\/2025\/05\/IMG_6991.jpeg?resize=525%2C300&ssl=1 1.5x, https:\/\/i0.wp.com\/pscg.me\/wp-content\/uploads\/2025\/05\/IMG_6991.jpeg?resize=700%2C400&ssl=1 2x, https:\/\/i0.wp.com\/pscg.me\/wp-content\/uploads\/2025\/05\/IMG_6991.jpeg?resize=1050%2C600&ssl=1 3x"},"classes":[]}],"jetpack_sharing_enabled":true,"jetpack_shortlink":"https:\/\/wp.me\/p9BVX3-fc","_links":{"self":[{"href":"https:\/\/pscg.me\/en\/wp-json\/wp\/v2\/posts\/942","targetHints":{"allow":["GET"]}}],"collection":[{"href":"https:\/\/pscg.me\/en\/wp-json\/wp\/v2\/posts"}],"about":[{"href":"https:\/\/pscg.me\/en\/wp-json\/wp\/v2\/types\/post"}],"author":[{"embeddable":true,"href":"https:\/\/pscg.me\/en\/wp-json\/wp\/v2\/users\/2"}],"replies":[{"embeddable":true,"href":"https:\/\/pscg.me\/en\/wp-json\/wp\/v2\/comments?post=942"}],"version-history":[{"count":0,"href":"https:\/\/pscg.me\/en\/wp-json\/wp\/v2\/posts\/942\/revisions"}],"wp:featuredmedia":[{"embeddable":true,"href":"https:\/\/pscg.me\/en\/wp-json\/wp\/v2\/media\/941"}],"wp:attachment":[{"href":"https:\/\/pscg.me\/en\/wp-json\/wp\/v2\/media?parent=942"}],"wp:term":[{"taxonomy":"category","embeddable":true,"href":"https:\/\/pscg.me\/en\/wp-json\/wp\/v2\/categories?post=942"},{"taxonomy":"post_tag","embeddable":true,"href":"https:\/\/pscg.me\/en\/wp-json\/wp\/v2\/tags?post=942"}],"curies":[{"name":"wp","href":"https:\/\/api.w.org\/{rel}","templated":true}]}}