{"id":738,"date":"2018-04-01T21:23:12","date_gmt":"2018-04-01T20:23:12","guid":{"rendered":"http:\/\/pscg.me\/?p=738"},"modified":"2018-04-03T07:54:43","modified_gmt":"2018-04-03T06:54:43","slug":"odrzana-je-redovna-proljecna-skupstina-planinarskog-saveza-crne-gore","status":"publish","type":"post","link":"https:\/\/pscg.me\/en\/odrzana-je-redovna-proljecna-skupstina-planinarskog-saveza-crne-gore\/","title":{"rendered":"(Montenegro) Odr\u017eana  je redovna\u00a0 prolje\u0107na Skup\u0161tina Planinarskog saveza Crne Gore"},"content":{"rendered":"<p class=\"qtranxs-available-languages-message qtranxs-available-languages-message-en\">Sorry, this entry is only available in <a href=\"https:\/\/pscg.me\/sr\/wp-json\/wp\/v2\/posts\/738\" class=\"qtranxs-available-language-link qtranxs-available-language-link-sr\" title=\"Montenegro\">Montenegro<\/a>.<\/p>","protected":false},"excerpt":{"rendered":"<p>Sorry, this entry is only available in Montenegro.<\/p>\n","protected":false},"author":2,"featured_media":751,"comment_status":"open","ping_status":"open","sticky":false,"template":"","format":"standard","meta":{"jetpack_post_was_ever_published":false,"_jetpack_newsletter_access":"","_jetpack_dont_email_post_to_subs":false,"_jetpack_newsletter_tier_id":0,"_jetpack_memberships_contains_paywalled_content":false,"_jetpack_memberships_contains_paid_content":false,"footnotes":""},"categories":[3],"tags":[],"class_list":["post-738","post","type-post","status-publish","format-standard","has-post-thumbnail","hentry","category-novosti"],"jetpack_featured_media_url":"https:\/\/pscg.me\/wp-content\/uploads\/2018\/04\/03.jpg","jetpack_likes_enabled":true,"jetpack-related-posts":[{"id":408,"url":"https:\/\/pscg.me\/en\/odrzana-je-redovna-jesenja-skupstina-planinarskog-saveza-crne-gore\/","url_meta":{"origin":738,"position":0},"title":"(Montenegro) Odr\u017eana je redovna jesenja Skup\u0161tina Planinarskog saveza Crne Gore","author":"Dragan Bulatovic","date":"Monday December 11th, 2017","format":false,"excerpt":"Sorry, this entry is only available in Montenegro.","rel":"","context":"In &quot;News&quot;","block_context":{"text":"News","link":"https:\/\/pscg.me\/en\/category\/novosti\/"},"img":{"alt_text":"","src":"https:\/\/i0.wp.com\/pscg.me\/wp-content\/uploads\/2018\/03\/25360030_10204034276414002_2068383186_n.jpg?resize=350%2C200&ssl=1","width":350,"height":200,"srcset":"https:\/\/i0.wp.com\/pscg.me\/wp-content\/uploads\/2018\/03\/25360030_10204034276414002_2068383186_n.jpg?resize=350%2C200&ssl=1 1x, https:\/\/i0.wp.com\/pscg.me\/wp-content\/uploads\/2018\/03\/25360030_10204034276414002_2068383186_n.jpg?resize=525%2C300&ssl=1 1.5x"},"classes":[]},{"id":3426,"url":"https:\/\/pscg.me\/en\/odrzana-je-redovna-godisnja-skupstina-planinarskog-saveza-crne-gore-za-2021\/","url_meta":{"origin":738,"position":1},"title":"(Montenegro) Odr\u017eana je redovna Godi\u0161nja skup\u0161tina Planinarskog saveza Crne Gore za 2021.","author":"Dragan Bulatovic","date":"Wednesday December 29th, 2021","format":false,"excerpt":"Sorry, this entry is only available in Montenegro.","rel":"","context":"In &quot;News&quot;","block_context":{"text":"News","link":"https:\/\/pscg.me\/en\/category\/novosti\/"},"img":{"alt_text":"","src":"https:\/\/i0.wp.com\/pscg.me\/wp-content\/uploads\/2022\/01\/SKUPSTINA.jpg?resize=350%2C200&ssl=1","width":350,"height":200,"srcset":"https:\/\/i0.wp.com\/pscg.me\/wp-content\/uploads\/2022\/01\/SKUPSTINA.jpg?resize=350%2C200&ssl=1 1x, https:\/\/i0.wp.com\/pscg.me\/wp-content\/uploads\/2022\/01\/SKUPSTINA.jpg?resize=525%2C300&ssl=1 1.5x, https:\/\/i0.wp.com\/pscg.me\/wp-content\/uploads\/2022\/01\/SKUPSTINA.jpg?resize=700%2C400&ssl=1 2x, https:\/\/i0.wp.com\/pscg.me\/wp-content\/uploads\/2022\/01\/SKUPSTINA.jpg?resize=1050%2C600&ssl=1 3x"},"classes":[]},{"id":1592,"url":"https:\/\/pscg.me\/en\/skupstina-planinarskog-saveza-usvojen-novi-statut-i-izabrano-rukovodstvo\/","url_meta":{"origin":738,"position":2},"title":"(Montenegro) SKUP\u0160TINA PLANINARSKOG SAVEZA &#8211; Usvojen novi Statut i izabrano rukovodstvo","author":"Dragan Bulatovic","date":"Sunday December 23rd, 2018","format":false,"excerpt":"Sorry, this entry is only available in Montenegro.","rel":"","context":"In &quot;News&quot;","block_context":{"text":"News","link":"https:\/\/pscg.me\/en\/category\/novosti\/"},"img":{"alt_text":"","src":"https:\/\/i0.wp.com\/pscg.me\/wp-content\/uploads\/2018\/12\/IMG-63c2fffdfa8112137c63a369bbbdd9b6-V.jpg?resize=350%2C200&ssl=1","width":350,"height":200,"srcset":"https:\/\/i0.wp.com\/pscg.me\/wp-content\/uploads\/2018\/12\/IMG-63c2fffdfa8112137c63a369bbbdd9b6-V.jpg?resize=350%2C200&ssl=1 1x, https:\/\/i0.wp.com\/pscg.me\/wp-content\/uploads\/2018\/12\/IMG-63c2fffdfa8112137c63a369bbbdd9b6-V.jpg?resize=525%2C300&ssl=1 1.5x, https:\/\/i0.wp.com\/pscg.me\/wp-content\/uploads\/2018\/12\/IMG-63c2fffdfa8112137c63a369bbbdd9b6-V.jpg?resize=700%2C400&ssl=1 2x, https:\/\/i0.wp.com\/pscg.me\/wp-content\/uploads\/2018\/12\/IMG-63c2fffdfa8112137c63a369bbbdd9b6-V.jpg?resize=1050%2C600&ssl=1 3x"},"classes":[]},{"id":2344,"url":"https:\/\/pscg.me\/en\/odrzana-redovna-sjednica-pscg\/","url_meta":{"origin":738,"position":3},"title":"(Montenegro) Odr\u017eana Redovna sjednica PSCG","author":"Tatjana Ivanovic","date":"Monday December 23rd, 2019","format":false,"excerpt":"Sorry, this entry is only available in Montenegro.","rel":"","context":"In &quot;News&quot;","block_context":{"text":"News","link":"https:\/\/pscg.me\/en\/category\/novosti\/"},"img":{"alt_text":"","src":"https:\/\/i0.wp.com\/pscg.me\/wp-content\/uploads\/2019\/12\/Skup%C5%A1tina.jpg?resize=350%2C200&ssl=1","width":350,"height":200,"srcset":"https:\/\/i0.wp.com\/pscg.me\/wp-content\/uploads\/2019\/12\/Skup%C5%A1tina.jpg?resize=350%2C200&ssl=1 1x, https:\/\/i0.wp.com\/pscg.me\/wp-content\/uploads\/2019\/12\/Skup%C5%A1tina.jpg?resize=525%2C300&ssl=1 1.5x, https:\/\/i0.wp.com\/pscg.me\/wp-content\/uploads\/2019\/12\/Skup%C5%A1tina.jpg?resize=700%2C400&ssl=1 2x, https:\/\/i0.wp.com\/pscg.me\/wp-content\/uploads\/2019\/12\/Skup%C5%A1tina.jpg?resize=1050%2C600&ssl=1 3x"},"classes":[]},{"id":6086,"url":"https:\/\/pscg.me\/en\/odrzana-redovna-godisnja-sjednica-skupstine-planinarskog-saveza-crne-gore\/","url_meta":{"origin":738,"position":4},"title":"(Montenegro) Odr\u017eana Redovna godi\u0161nja sjednica Skup\u0161tine Planinarskog saveza Crne Gore","author":"Tatjana Ivanovic","date":"Monday December 23rd, 2024","format":false,"excerpt":"Sorry, this entry is only available in Montenegro.","rel":"","context":"In &quot;News&quot;","block_context":{"text":"News","link":"https:\/\/pscg.me\/en\/category\/novosti\/"},"img":{"alt_text":"","src":"https:\/\/i0.wp.com\/pscg.me\/wp-content\/uploads\/2024\/12\/BC25E292-3E3B-49B9-A17C-94D8571DE421.jpeg?resize=350%2C200&ssl=1","width":350,"height":200,"srcset":"https:\/\/i0.wp.com\/pscg.me\/wp-content\/uploads\/2024\/12\/BC25E292-3E3B-49B9-A17C-94D8571DE421.jpeg?resize=350%2C200&ssl=1 1x, https:\/\/i0.wp.com\/pscg.me\/wp-content\/uploads\/2024\/12\/BC25E292-3E3B-49B9-A17C-94D8571DE421.jpeg?resize=525%2C300&ssl=1 1.5x, https:\/\/i0.wp.com\/pscg.me\/wp-content\/uploads\/2024\/12\/BC25E292-3E3B-49B9-A17C-94D8571DE421.jpeg?resize=700%2C400&ssl=1 2x, https:\/\/i0.wp.com\/pscg.me\/wp-content\/uploads\/2024\/12\/BC25E292-3E3B-49B9-A17C-94D8571DE421.jpeg?resize=1050%2C600&ssl=1 3x, https:\/\/i0.wp.com\/pscg.me\/wp-content\/uploads\/2024\/12\/BC25E292-3E3B-49B9-A17C-94D8571DE421.jpeg?resize=1400%2C800&ssl=1 4x"},"classes":[]},{"id":1532,"url":"https:\/\/pscg.me\/en\/u-briselu-odrzana-generalna-skupstina-evropske-unije-planinarskih-asocijacija-euma\/","url_meta":{"origin":738,"position":5},"title":"(Montenegro) GENERALNA SKUP\u0160TINA EVROPSKE UNIJE PLANINARSKIH ASOCIJACIJA EUMA &#8211; Predsjednik PSCG Dragan Bulatovi\u0107 izabran za auditora","author":"Dragan Bulatovic","date":"Saturday November 24th, 2018","format":false,"excerpt":"Sorry, this entry is only available in Montenegro.","rel":"","context":"In &quot;News&quot;","block_context":{"text":"News","link":"https:\/\/pscg.me\/en\/category\/novosti\/"},"img":{"alt_text":"","src":"https:\/\/i0.wp.com\/pscg.me\/wp-content\/uploads\/2018\/11\/EUMA.jpg?resize=350%2C200&ssl=1","width":350,"height":200,"srcset":"https:\/\/i0.wp.com\/pscg.me\/wp-content\/uploads\/2018\/11\/EUMA.jpg?resize=350%2C200&ssl=1 1x, https:\/\/i0.wp.com\/pscg.me\/wp-content\/uploads\/2018\/11\/EUMA.jpg?resize=525%2C300&ssl=1 1.5x, https:\/\/i0.wp.com\/pscg.me\/wp-content\/uploads\/2018\/11\/EUMA.jpg?resize=700%2C400&ssl=1 2x"},"classes":[]}],"jetpack_sharing_enabled":true,"jetpack_shortlink":"https:\/\/wp.me\/p9BVX3-bU","_links":{"self":[{"href":"https:\/\/pscg.me\/en\/wp-json\/wp\/v2\/posts\/738","targetHints":{"allow":["GET"]}}],"collection":[{"href":"https:\/\/pscg.me\/en\/wp-json\/wp\/v2\/posts"}],"about":[{"href":"https:\/\/pscg.me\/en\/wp-json\/wp\/v2\/types\/post"}],"author":[{"embeddable":true,"href":"https:\/\/pscg.me\/en\/wp-json\/wp\/v2\/users\/2"}],"replies":[{"embeddable":true,"href":"https:\/\/pscg.me\/en\/wp-json\/wp\/v2\/comments?post=738"}],"version-history":[{"count":0,"href":"https:\/\/pscg.me\/en\/wp-json\/wp\/v2\/posts\/738\/revisions"}],"wp:featuredmedia":[{"embeddable":true,"href":"https:\/\/pscg.me\/en\/wp-json\/wp\/v2\/media\/751"}],"wp:attachment":[{"href":"https:\/\/pscg.me\/en\/wp-json\/wp\/v2\/media?parent=738"}],"wp:term":[{"taxonomy":"category","embeddable":true,"href":"https:\/\/pscg.me\/en\/wp-json\/wp\/v2\/categories?post=738"},{"taxonomy":"post_tag","embeddable":true,"href":"https:\/\/pscg.me\/en\/wp-json\/wp\/v2\/tags?post=738"}],"curies":[{"name":"wp","href":"https:\/\/api.w.org\/{rel}","templated":true}]}}