{"id":6891,"date":"2025-09-29T15:30:52","date_gmt":"2025-09-29T14:30:52","guid":{"rendered":"https:\/\/pscg.me\/?p=6891"},"modified":"2025-09-29T19:25:12","modified_gmt":"2025-09-29T18:25:12","slug":"planinarski-savez-crne-gore-vas-poziva-na-mountain-sport-symposium-2025-pec-kosovo","status":"publish","type":"post","link":"https:\/\/pscg.me\/en\/planinarski-savez-crne-gore-vas-poziva-na-mountain-sport-symposium-2025-pec-kosovo\/","title":{"rendered":"(Montenegro) Planinarski savez Crne Gore Vas poziva na Mountain Sport Symposium 2025 \u2013 Pe\u0107, Kosovo"},"content":{"rendered":"<p class=\"qtranxs-available-languages-message qtranxs-available-languages-message-en\">Sorry, this entry is only available in <a href=\"https:\/\/pscg.me\/sr\/wp-json\/wp\/v2\/posts\/6891\" class=\"qtranxs-available-language-link qtranxs-available-language-link-sr\" title=\"Montenegro\">Montenegro<\/a>.<\/p>","protected":false},"excerpt":{"rendered":"<p>Sorry, this entry is only available in Montenegro.<\/p>\n","protected":false},"author":3,"featured_media":6623,"comment_status":"open","ping_status":"open","sticky":false,"template":"","format":"standard","meta":{"jetpack_post_was_ever_published":false,"_jetpack_newsletter_access":"","_jetpack_dont_email_post_to_subs":false,"_jetpack_newsletter_tier_id":0,"_jetpack_memberships_contains_paywalled_content":false,"_jetpack_memberships_contains_paid_content":false,"footnotes":""},"categories":[3],"tags":[],"class_list":["post-6891","post","type-post","status-publish","format-standard","has-post-thumbnail","hentry","category-novosti"],"jetpack_featured_media_url":"https:\/\/pscg.me\/wp-content\/uploads\/2025\/06\/IMG_6081.jpeg","jetpack_likes_enabled":true,"jetpack-related-posts":[{"id":5936,"url":"https:\/\/pscg.me\/en\/poziv-na-obuku-za-zvanje-markirant-i-markirant-pripravnik-1-3-novembar-2024\/","url_meta":{"origin":6891,"position":0},"title":"(Montenegro) POZIV NA OBUKU ZA ZVANJE MARKIRANT I MARKIRANT PRIPRAVNIK (1-3. novembar 2024.)","author":"Tatjana Ivanovic","date":"Monday October 14th, 2024","format":false,"excerpt":"Sorry, this entry is only available in Montenegro.","rel":"","context":"In &quot;News&quot;","block_context":{"text":"News","link":"https:\/\/pscg.me\/en\/category\/novosti\/"},"img":{"alt_text":"","src":"https:\/\/i0.wp.com\/pscg.me\/wp-content\/uploads\/2024\/10\/836F3D0F-42B0-4648-B75D-2B7B90A73C1F.jpeg?resize=350%2C200&ssl=1","width":350,"height":200,"srcset":"https:\/\/i0.wp.com\/pscg.me\/wp-content\/uploads\/2024\/10\/836F3D0F-42B0-4648-B75D-2B7B90A73C1F.jpeg?resize=350%2C200&ssl=1 1x, https:\/\/i0.wp.com\/pscg.me\/wp-content\/uploads\/2024\/10\/836F3D0F-42B0-4648-B75D-2B7B90A73C1F.jpeg?resize=525%2C300&ssl=1 1.5x, https:\/\/i0.wp.com\/pscg.me\/wp-content\/uploads\/2024\/10\/836F3D0F-42B0-4648-B75D-2B7B90A73C1F.jpeg?resize=700%2C400&ssl=1 2x, https:\/\/i0.wp.com\/pscg.me\/wp-content\/uploads\/2024\/10\/836F3D0F-42B0-4648-B75D-2B7B90A73C1F.jpeg?resize=1050%2C600&ssl=1 3x"},"classes":[]},{"id":2133,"url":"https:\/\/pscg.me\/en\/odluka-o-izboru-reizboru-planinarskih-klubova-domacina-za-odrzavanje-staza-nacionalne-mreze-u-sezoni-2019-2020\/","url_meta":{"origin":6891,"position":1},"title":"(Montenegro) Odluka o izboru reizboru  planinarskih  klubova doma\u0107ina  za odr\u017eavanje staza Nacionalne mre\u017ee u sezoni 2019\/ 2020.","author":"Tatjana Ivanovic","date":"Thursday July 25th, 2019","format":false,"excerpt":"Sorry, this entry is only available in Montenegro.","rel":"","context":"In &quot;News&quot;","block_context":{"text":"News","link":"https:\/\/pscg.me\/en\/category\/novosti\/"},"img":{"alt_text":"","src":"https:\/\/i0.wp.com\/pscg.me\/wp-content\/uploads\/2019\/05\/Logo-komisije-Pavle.png?resize=350%2C200&ssl=1","width":350,"height":200},"classes":[]},{"id":768,"url":"https:\/\/pscg.me\/en\/prvi-korak-pscg-ka-mrezi-evropskih-pjesackih-puteva\/","url_meta":{"origin":6891,"position":2},"title":"(Montenegro) Prvi korak PSCG ka mre\u017ei evropskih pje\u0161a\u010dkih puteva","author":"Dragan Bulatovic","date":"Friday April  3rd, 2009","format":false,"excerpt":"Sorry, this entry is only available in Montenegro.","rel":"","context":"In &quot;News&quot;","block_context":{"text":"News","link":"https:\/\/pscg.me\/en\/category\/novosti\/"},"img":{"alt_text":"","src":"","width":0,"height":0},"classes":[]},{"id":557,"url":"https:\/\/pscg.me\/en\/konsultacije-u-vezi-sa-nacrtom-zakona-o-sportu\/","url_meta":{"origin":6891,"position":3},"title":"(Montenegro) Konsultacije u vezi sa Nacrtom zakona o sportu","author":"Dragan Bulatovic","date":"Tuesday October 24th, 2017","format":false,"excerpt":"Sorry, this entry is only available in Montenegro.","rel":"","context":"In &quot;News&quot;","block_context":{"text":"News","link":"https:\/\/pscg.me\/en\/category\/novosti\/"},"img":{"alt_text":"","src":"https:\/\/i0.wp.com\/pscg.me\/wp-content\/uploads\/2018\/03\/Susret-sa-Ministrom-sporta-1.jpg?resize=350%2C200","width":350,"height":200},"classes":[]},{"id":1455,"url":"https:\/\/pscg.me\/en\/poziv-na-multimedijalno-predavanje-polarni-san\/","url_meta":{"origin":6891,"position":4},"title":"(Montenegro) Poziv na multimedijalno predavanje Polarni san","author":"Tatjana Ivanovic","date":"Thursday September 27th, 2018","format":false,"excerpt":"Sorry, this entry is only available in Montenegro.","rel":"","context":"In &quot;News&quot;","block_context":{"text":"News","link":"https:\/\/pscg.me\/en\/category\/novosti\/"},"img":{"alt_text":"","src":"https:\/\/i0.wp.com\/pscg.me\/wp-content\/uploads\/2018\/09\/Polarni-san.jpg?resize=350%2C200&ssl=1","width":350,"height":200,"srcset":"https:\/\/i0.wp.com\/pscg.me\/wp-content\/uploads\/2018\/09\/Polarni-san.jpg?resize=350%2C200&ssl=1 1x, https:\/\/i0.wp.com\/pscg.me\/wp-content\/uploads\/2018\/09\/Polarni-san.jpg?resize=525%2C300&ssl=1 1.5x, https:\/\/i0.wp.com\/pscg.me\/wp-content\/uploads\/2018\/09\/Polarni-san.jpg?resize=700%2C400&ssl=1 2x"},"classes":[]},{"id":4220,"url":"https:\/\/pscg.me\/en\/be-active-village-evropska-nedjelja-sporta-u-podgorici\/","url_meta":{"origin":6891,"position":5},"title":"(Montenegro) BE ACTIVE VILLAGE &#8211; Evropska nedjelja sporta u Podgorici","author":"Dragan Bulatovic","date":"Saturday October  8th, 2022","format":false,"excerpt":"Sorry, this entry is only available in Montenegro.","rel":"","context":"In &quot;News&quot;","block_context":{"text":"News","link":"https:\/\/pscg.me\/en\/category\/novosti\/"},"img":{"alt_text":"","src":"https:\/\/i0.wp.com\/pscg.me\/wp-content\/uploads\/2022\/10\/viber_image_2022-10-14_00-07-55-516.jpg?resize=350%2C200&ssl=1","width":350,"height":200,"srcset":"https:\/\/i0.wp.com\/pscg.me\/wp-content\/uploads\/2022\/10\/viber_image_2022-10-14_00-07-55-516.jpg?resize=350%2C200&ssl=1 1x, https:\/\/i0.wp.com\/pscg.me\/wp-content\/uploads\/2022\/10\/viber_image_2022-10-14_00-07-55-516.jpg?resize=525%2C300&ssl=1 1.5x, https:\/\/i0.wp.com\/pscg.me\/wp-content\/uploads\/2022\/10\/viber_image_2022-10-14_00-07-55-516.jpg?resize=700%2C400&ssl=1 2x, https:\/\/i0.wp.com\/pscg.me\/wp-content\/uploads\/2022\/10\/viber_image_2022-10-14_00-07-55-516.jpg?resize=1050%2C600&ssl=1 3x, https:\/\/i0.wp.com\/pscg.me\/wp-content\/uploads\/2022\/10\/viber_image_2022-10-14_00-07-55-516.jpg?resize=1400%2C800&ssl=1 4x"},"classes":[]}],"jetpack_sharing_enabled":true,"jetpack_shortlink":"https:\/\/wp.me\/p9BVX3-1N9","_links":{"self":[{"href":"https:\/\/pscg.me\/en\/wp-json\/wp\/v2\/posts\/6891","targetHints":{"allow":["GET"]}}],"collection":[{"href":"https:\/\/pscg.me\/en\/wp-json\/wp\/v2\/posts"}],"about":[{"href":"https:\/\/pscg.me\/en\/wp-json\/wp\/v2\/types\/post"}],"author":[{"embeddable":true,"href":"https:\/\/pscg.me\/en\/wp-json\/wp\/v2\/users\/3"}],"replies":[{"embeddable":true,"href":"https:\/\/pscg.me\/en\/wp-json\/wp\/v2\/comments?post=6891"}],"version-history":[{"count":0,"href":"https:\/\/pscg.me\/en\/wp-json\/wp\/v2\/posts\/6891\/revisions"}],"wp:featuredmedia":[{"embeddable":true,"href":"https:\/\/pscg.me\/en\/wp-json\/wp\/v2\/media\/6623"}],"wp:attachment":[{"href":"https:\/\/pscg.me\/en\/wp-json\/wp\/v2\/media?parent=6891"}],"wp:term":[{"taxonomy":"category","embeddable":true,"href":"https:\/\/pscg.me\/en\/wp-json\/wp\/v2\/categories?post=6891"},{"taxonomy":"post_tag","embeddable":true,"href":"https:\/\/pscg.me\/en\/wp-json\/wp\/v2\/tags?post=6891"}],"curies":[{"name":"wp","href":"https:\/\/api.w.org\/{rel}","templated":true}]}}