{"id":6888,"date":"2025-09-29T08:43:07","date_gmt":"2025-09-29T07:43:07","guid":{"rendered":"https:\/\/pscg.me\/?p=6888"},"modified":"2025-09-29T08:43:07","modified_gmt":"2025-09-29T07:43:07","slug":"najava-14-pjesacki-dan-kotor-lovcen-kotor","status":"publish","type":"post","link":"https:\/\/pscg.me\/en\/najava-14-pjesacki-dan-kotor-lovcen-kotor\/","title":{"rendered":"(Montenegro) NAJAVA \u2013 14. PJE\u0160A\u010cKI DAN KOTOR \u2013 LOV\u0106EN \u2013 KOTOR"},"content":{"rendered":"<p class=\"qtranxs-available-languages-message qtranxs-available-languages-message-en\">Sorry, this entry is only available in <a href=\"https:\/\/pscg.me\/sr\/wp-json\/wp\/v2\/posts\/6888\" class=\"qtranxs-available-language-link qtranxs-available-language-link-sr\" title=\"Montenegro\">Montenegro<\/a>.<\/p>","protected":false},"excerpt":{"rendered":"<p>Sorry, this entry is only available in Montenegro.<\/p>\n","protected":false},"author":3,"featured_media":6889,"comment_status":"open","ping_status":"open","sticky":false,"template":"","format":"standard","meta":{"jetpack_post_was_ever_published":false,"_jetpack_newsletter_access":"","_jetpack_dont_email_post_to_subs":false,"_jetpack_newsletter_tier_id":0,"_jetpack_memberships_contains_paywalled_content":false,"_jetpack_memberships_contains_paid_content":false,"footnotes":""},"categories":[3],"tags":[],"class_list":["post-6888","post","type-post","status-publish","format-standard","has-post-thumbnail","hentry","category-novosti"],"jetpack_featured_media_url":"https:\/\/pscg.me\/wp-content\/uploads\/2025\/09\/A6E8EC6F-EDD8-4271-A77B-FDA3482617AA.jpeg","jetpack_likes_enabled":true,"jetpack-related-posts":[{"id":1276,"url":"https:\/\/pscg.me\/en\/odrzan-19-orjenski-maraton\/","url_meta":{"origin":6888,"position":0},"title":"(Montenegro) Odr\u017ean 19. Orjenski maraton","author":"Dragan Bulatovic","date":"Wednesday May 30th, 2018","format":false,"excerpt":"Sorry, this entry is only available in Montenegro.","rel":"","context":"In &quot;News&quot;","block_context":{"text":"News","link":"https:\/\/pscg.me\/en\/category\/novosti\/"},"img":{"alt_text":"","src":"https:\/\/i0.wp.com\/pscg.me\/wp-content\/uploads\/2018\/08\/New-Microsoft-Publisher-Document.jpg?resize=350%2C200&ssl=1","width":350,"height":200,"srcset":"https:\/\/i0.wp.com\/pscg.me\/wp-content\/uploads\/2018\/08\/New-Microsoft-Publisher-Document.jpg?resize=350%2C200&ssl=1 1x, https:\/\/i0.wp.com\/pscg.me\/wp-content\/uploads\/2018\/08\/New-Microsoft-Publisher-Document.jpg?resize=525%2C300&ssl=1 1.5x, https:\/\/i0.wp.com\/pscg.me\/wp-content\/uploads\/2018\/08\/New-Microsoft-Publisher-Document.jpg?resize=700%2C400&ssl=1 2x, https:\/\/i0.wp.com\/pscg.me\/wp-content\/uploads\/2018\/08\/New-Microsoft-Publisher-Document.jpg?resize=1050%2C600&ssl=1 3x"},"classes":[]},{"id":1443,"url":"https:\/\/pscg.me\/en\/sinjavina-gusar-2018\/","url_meta":{"origin":6888,"position":1},"title":"(Montenegro) Sinjavina &#8211; Gusar 2018","author":"Tatjana Ivanovic","date":"Wednesday September 19th, 2018","format":false,"excerpt":"Sorry, this entry is only available in Montenegro.","rel":"","context":"In &quot;News&quot;","block_context":{"text":"News","link":"https:\/\/pscg.me\/en\/category\/novosti\/"},"img":{"alt_text":"","src":"https:\/\/i0.wp.com\/pscg.me\/wp-content\/uploads\/2018\/09\/PK-Sinjavina.png?resize=350%2C200&ssl=1","width":350,"height":200,"srcset":"https:\/\/i0.wp.com\/pscg.me\/wp-content\/uploads\/2018\/09\/PK-Sinjavina.png?resize=350%2C200&ssl=1 1x, https:\/\/i0.wp.com\/pscg.me\/wp-content\/uploads\/2018\/09\/PK-Sinjavina.png?resize=525%2C300&ssl=1 1.5x"},"classes":[]},{"id":1890,"url":"https:\/\/pscg.me\/en\/8-lovcenski-planinski-maraton-lovcen-trail-2019\/","url_meta":{"origin":6888,"position":2},"title":"(Montenegro) 8. Lov\u0107enski planinski maraton &#8220;Lov\u0107en trail 2019&#8243;","author":"Tatjana Ivanovic","date":"Sunday May 12th, 2019","format":false,"excerpt":"Sorry, this entry is only available in Montenegro.","rel":"","context":"In &quot;News&quot;","block_context":{"text":"News","link":"https:\/\/pscg.me\/en\/category\/novosti\/"},"img":{"alt_text":"","src":"https:\/\/i0.wp.com\/pscg.me\/wp-content\/uploads\/2019\/05\/Lovcenski-maraton-1.png?resize=350%2C200&ssl=1","width":350,"height":200,"srcset":"https:\/\/i0.wp.com\/pscg.me\/wp-content\/uploads\/2019\/05\/Lovcenski-maraton-1.png?resize=350%2C200&ssl=1 1x, https:\/\/i0.wp.com\/pscg.me\/wp-content\/uploads\/2019\/05\/Lovcenski-maraton-1.png?resize=525%2C300&ssl=1 1.5x, https:\/\/i0.wp.com\/pscg.me\/wp-content\/uploads\/2019\/05\/Lovcenski-maraton-1.png?resize=700%2C400&ssl=1 2x"},"classes":[]},{"id":4517,"url":"https:\/\/pscg.me\/en\/poziv-na-proljecni-kamp\/","url_meta":{"origin":6888,"position":3},"title":"(Montenegro) Poziv na Prolje\u0107ni kamp","author":"Tatjana Ivanovic","date":"Thursday May 11th, 2023","format":false,"excerpt":"Sorry, this entry is only available in Montenegro.","rel":"","context":"In &quot;News&quot;","block_context":{"text":"News","link":"https:\/\/pscg.me\/en\/category\/novosti\/"},"img":{"alt_text":"","src":"https:\/\/i0.wp.com\/pscg.me\/wp-content\/uploads\/2023\/05\/Proljecni-kamp.jpg?resize=350%2C200&ssl=1","width":350,"height":200,"srcset":"https:\/\/i0.wp.com\/pscg.me\/wp-content\/uploads\/2023\/05\/Proljecni-kamp.jpg?resize=350%2C200&ssl=1 1x, https:\/\/i0.wp.com\/pscg.me\/wp-content\/uploads\/2023\/05\/Proljecni-kamp.jpg?resize=525%2C300&ssl=1 1.5x, https:\/\/i0.wp.com\/pscg.me\/wp-content\/uploads\/2023\/05\/Proljecni-kamp.jpg?resize=700%2C400&ssl=1 2x, https:\/\/i0.wp.com\/pscg.me\/wp-content\/uploads\/2023\/05\/Proljecni-kamp.jpg?resize=1050%2C600&ssl=1 3x, https:\/\/i0.wp.com\/pscg.me\/wp-content\/uploads\/2023\/05\/Proljecni-kamp.jpg?resize=1400%2C800&ssl=1 4x"},"classes":[]},{"id":2241,"url":"https:\/\/pscg.me\/en\/povodom-evropske-nedelje-sporta-odrzano-druzenje-na-najvisem-vrhu-primorskih-dinarida\/","url_meta":{"origin":6888,"position":4},"title":"(Montenegro) Povodom Evropske nedelje sporta odr\u017eano dru\u017eenje na najvi\u0161em vrhu primorskih Dinarida","author":"Tatjana Ivanovic","date":"Wednesday October  2nd, 2019","format":false,"excerpt":"Sorry, this entry is only available in Montenegro.","rel":"","context":"In &quot;News&quot;","block_context":{"text":"News","link":"https:\/\/pscg.me\/en\/category\/novosti\/"},"img":{"alt_text":"","src":"https:\/\/i0.wp.com\/pscg.me\/wp-content\/uploads\/2019\/10\/Predah-na-vrhu.jpg?resize=350%2C200&ssl=1","width":350,"height":200,"srcset":"https:\/\/i0.wp.com\/pscg.me\/wp-content\/uploads\/2019\/10\/Predah-na-vrhu.jpg?resize=350%2C200&ssl=1 1x, https:\/\/i0.wp.com\/pscg.me\/wp-content\/uploads\/2019\/10\/Predah-na-vrhu.jpg?resize=525%2C300&ssl=1 1.5x, https:\/\/i0.wp.com\/pscg.me\/wp-content\/uploads\/2019\/10\/Predah-na-vrhu.jpg?resize=700%2C400&ssl=1 2x, https:\/\/i0.wp.com\/pscg.me\/wp-content\/uploads\/2019\/10\/Predah-na-vrhu.jpg?resize=1050%2C600&ssl=1 3x, https:\/\/i0.wp.com\/pscg.me\/wp-content\/uploads\/2019\/10\/Predah-na-vrhu.jpg?resize=1400%2C800&ssl=1 4x"},"classes":[]},{"id":5525,"url":"https:\/\/pscg.me\/en\/pozivamo-vas-na-planinarski-pohod-proscenskim-planinama\/","url_meta":{"origin":6888,"position":5},"title":"(Montenegro) Pozivamo Vas na planinarski pohod \u201cPro\u0161\u0107enskim planinama\u201d","author":"Tatjana Ivanovic","date":"Sunday May 12th, 2024","format":false,"excerpt":"Sorry, this entry is only available in Montenegro.","rel":"","context":"In &quot;News&quot;","block_context":{"text":"News","link":"https:\/\/pscg.me\/en\/category\/novosti\/"},"img":{"alt_text":"","src":"https:\/\/i0.wp.com\/pscg.me\/wp-content\/uploads\/2024\/05\/2D0CB230-E3EA-4A8B-8F8D-70F222E9DDE1.jpeg?resize=350%2C200&ssl=1","width":350,"height":200,"srcset":"https:\/\/i0.wp.com\/pscg.me\/wp-content\/uploads\/2024\/05\/2D0CB230-E3EA-4A8B-8F8D-70F222E9DDE1.jpeg?resize=350%2C200&ssl=1 1x, https:\/\/i0.wp.com\/pscg.me\/wp-content\/uploads\/2024\/05\/2D0CB230-E3EA-4A8B-8F8D-70F222E9DDE1.jpeg?resize=525%2C300&ssl=1 1.5x, https:\/\/i0.wp.com\/pscg.me\/wp-content\/uploads\/2024\/05\/2D0CB230-E3EA-4A8B-8F8D-70F222E9DDE1.jpeg?resize=700%2C400&ssl=1 2x, https:\/\/i0.wp.com\/pscg.me\/wp-content\/uploads\/2024\/05\/2D0CB230-E3EA-4A8B-8F8D-70F222E9DDE1.jpeg?resize=1050%2C600&ssl=1 3x"},"classes":[]}],"jetpack_sharing_enabled":true,"jetpack_shortlink":"https:\/\/wp.me\/p9BVX3-1N6","_links":{"self":[{"href":"https:\/\/pscg.me\/en\/wp-json\/wp\/v2\/posts\/6888","targetHints":{"allow":["GET"]}}],"collection":[{"href":"https:\/\/pscg.me\/en\/wp-json\/wp\/v2\/posts"}],"about":[{"href":"https:\/\/pscg.me\/en\/wp-json\/wp\/v2\/types\/post"}],"author":[{"embeddable":true,"href":"https:\/\/pscg.me\/en\/wp-json\/wp\/v2\/users\/3"}],"replies":[{"embeddable":true,"href":"https:\/\/pscg.me\/en\/wp-json\/wp\/v2\/comments?post=6888"}],"version-history":[{"count":0,"href":"https:\/\/pscg.me\/en\/wp-json\/wp\/v2\/posts\/6888\/revisions"}],"wp:featuredmedia":[{"embeddable":true,"href":"https:\/\/pscg.me\/en\/wp-json\/wp\/v2\/media\/6889"}],"wp:attachment":[{"href":"https:\/\/pscg.me\/en\/wp-json\/wp\/v2\/media?parent=6888"}],"wp:term":[{"taxonomy":"category","embeddable":true,"href":"https:\/\/pscg.me\/en\/wp-json\/wp\/v2\/categories?post=6888"},{"taxonomy":"post_tag","embeddable":true,"href":"https:\/\/pscg.me\/en\/wp-json\/wp\/v2\/tags?post=6888"}],"curies":[{"name":"wp","href":"https:\/\/api.w.org\/{rel}","templated":true}]}}