{"id":6878,"date":"2025-09-26T07:07:21","date_gmt":"2025-09-26T06:07:21","guid":{"rendered":"https:\/\/pscg.me\/?p=6878"},"modified":"2025-09-26T07:07:21","modified_gmt":"2025-09-26T06:07:21","slug":"medjunarodni-dan-cistih-planina-26-septembar-2","status":"publish","type":"post","link":"https:\/\/pscg.me\/en\/medjunarodni-dan-cistih-planina-26-septembar-2\/","title":{"rendered":"(Montenegro) Me\u0111unarodni dan \u010distih planina 26. septembar"},"content":{"rendered":"<p class=\"qtranxs-available-languages-message qtranxs-available-languages-message-en\">Sorry, this entry is only available in <a href=\"https:\/\/pscg.me\/sr\/wp-json\/wp\/v2\/posts\/6878\" class=\"qtranxs-available-language-link qtranxs-available-language-link-sr\" title=\"Montenegro\">Montenegro<\/a>.<\/p>","protected":false},"excerpt":{"rendered":"<p>Sorry, this entry is only available in Montenegro.<\/p>\n","protected":false},"author":3,"featured_media":6879,"comment_status":"open","ping_status":"open","sticky":false,"template":"","format":"standard","meta":{"jetpack_post_was_ever_published":false,"_jetpack_newsletter_access":"","_jetpack_dont_email_post_to_subs":false,"_jetpack_newsletter_tier_id":0,"_jetpack_memberships_contains_paywalled_content":false,"_jetpack_memberships_contains_paid_content":false,"footnotes":""},"categories":[3],"tags":[],"class_list":["post-6878","post","type-post","status-publish","format-standard","has-post-thumbnail","hentry","category-novosti"],"jetpack_featured_media_url":"https:\/\/pscg.me\/wp-content\/uploads\/2025\/09\/IMG_7542-scaled.jpeg","jetpack_likes_enabled":true,"jetpack-related-posts":[{"id":5878,"url":"https:\/\/pscg.me\/en\/medjunarodni-dan-cistih-planina-26-septembar\/","url_meta":{"origin":6878,"position":0},"title":"(Montenegro) Me\u0111unarodni dan \u010distih planina 26. septembar","author":"Tatjana Ivanovic","date":"Wednesday September 25th, 2024","format":false,"excerpt":"Sorry, this entry is only available in Montenegro.","rel":"","context":"In &quot;News&quot;","block_context":{"text":"News","link":"https:\/\/pscg.me\/en\/category\/novosti\/"},"img":{"alt_text":"","src":"https:\/\/i0.wp.com\/pscg.me\/wp-content\/uploads\/2024\/09\/942B3327-E70B-4612-9C06-5C10615007E5.jpeg?resize=350%2C200&ssl=1","width":350,"height":200,"srcset":"https:\/\/i0.wp.com\/pscg.me\/wp-content\/uploads\/2024\/09\/942B3327-E70B-4612-9C06-5C10615007E5.jpeg?resize=350%2C200&ssl=1 1x, https:\/\/i0.wp.com\/pscg.me\/wp-content\/uploads\/2024\/09\/942B3327-E70B-4612-9C06-5C10615007E5.jpeg?resize=525%2C300&ssl=1 1.5x, https:\/\/i0.wp.com\/pscg.me\/wp-content\/uploads\/2024\/09\/942B3327-E70B-4612-9C06-5C10615007E5.jpeg?resize=700%2C400&ssl=1 2x, https:\/\/i0.wp.com\/pscg.me\/wp-content\/uploads\/2024\/09\/942B3327-E70B-4612-9C06-5C10615007E5.jpeg?resize=1050%2C600&ssl=1 3x"},"classes":[]},{"id":6896,"url":"https:\/\/pscg.me\/en\/dan-cistih-planina-sa-malisanima-iz-vrtica-izvor\/","url_meta":{"origin":6878,"position":1},"title":"(Montenegro) Dan \u010distih planina sa mali\u0161anima iz vrti\u0107a \u201cIzvor\u201d","author":"Tatjana Ivanovic","date":"Friday September 26th, 2025","format":false,"excerpt":"Sorry, this entry is only available in Montenegro.","rel":"","context":"In &quot;News&quot;","block_context":{"text":"News","link":"https:\/\/pscg.me\/en\/category\/novosti\/"},"img":{"alt_text":"","src":"https:\/\/i0.wp.com\/pscg.me\/wp-content\/uploads\/2025\/09\/IMG_9834.jpeg?resize=350%2C200&ssl=1","width":350,"height":200,"srcset":"https:\/\/i0.wp.com\/pscg.me\/wp-content\/uploads\/2025\/09\/IMG_9834.jpeg?resize=350%2C200&ssl=1 1x, https:\/\/i0.wp.com\/pscg.me\/wp-content\/uploads\/2025\/09\/IMG_9834.jpeg?resize=525%2C300&ssl=1 1.5x, https:\/\/i0.wp.com\/pscg.me\/wp-content\/uploads\/2025\/09\/IMG_9834.jpeg?resize=700%2C400&ssl=1 2x, https:\/\/i0.wp.com\/pscg.me\/wp-content\/uploads\/2025\/09\/IMG_9834.jpeg?resize=1050%2C600&ssl=1 3x"},"classes":[]},{"id":6046,"url":"https:\/\/pscg.me\/en\/medjunarodni-dan-planina-11-decembar-2\/","url_meta":{"origin":6878,"position":2},"title":"(Montenegro) Me\u0111unarodni dan planina 11. decembar","author":"Tatjana Ivanovic","date":"Tuesday December 10th, 2024","format":false,"excerpt":"Sorry, this entry is only available in Montenegro.","rel":"","context":"In &quot;News&quot;","block_context":{"text":"News","link":"https:\/\/pscg.me\/en\/category\/novosti\/"},"img":{"alt_text":"","src":"https:\/\/i0.wp.com\/pscg.me\/wp-content\/uploads\/2024\/12\/549BDA46-7EDC-4764-AC2B-17C3C3DF717C.jpeg?resize=350%2C200&ssl=1","width":350,"height":200,"srcset":"https:\/\/i0.wp.com\/pscg.me\/wp-content\/uploads\/2024\/12\/549BDA46-7EDC-4764-AC2B-17C3C3DF717C.jpeg?resize=350%2C200&ssl=1 1x, https:\/\/i0.wp.com\/pscg.me\/wp-content\/uploads\/2024\/12\/549BDA46-7EDC-4764-AC2B-17C3C3DF717C.jpeg?resize=525%2C300&ssl=1 1.5x"},"classes":[]},{"id":2728,"url":"https:\/\/pscg.me\/en\/saopstenje-povodom-svjetskog-dana-cistih-planina-i-svjetskog-dana-turizma\/","url_meta":{"origin":6878,"position":3},"title":"(Montenegro) Saop\u0161tenje povodom Svjetskog dana \u010distih planina i Svjetskog dana turizma","author":"Dragan Bulatovic","date":"Saturday September 26th, 2020","format":false,"excerpt":"Sorry, this entry is only available in Montenegro.","rel":"","context":"In &quot;News&quot;","block_context":{"text":"News","link":"https:\/\/pscg.me\/en\/category\/novosti\/"},"img":{"alt_text":"","src":"https:\/\/i0.wp.com\/pscg.me\/wp-content\/uploads\/2020\/09\/Svjetski-dan-turizma.jpg?resize=350%2C200&ssl=1","width":350,"height":200,"srcset":"https:\/\/i0.wp.com\/pscg.me\/wp-content\/uploads\/2020\/09\/Svjetski-dan-turizma.jpg?resize=350%2C200&ssl=1 1x, https:\/\/i0.wp.com\/pscg.me\/wp-content\/uploads\/2020\/09\/Svjetski-dan-turizma.jpg?resize=525%2C300&ssl=1 1.5x, https:\/\/i0.wp.com\/pscg.me\/wp-content\/uploads\/2020\/09\/Svjetski-dan-turizma.jpg?resize=700%2C400&ssl=1 2x, https:\/\/i0.wp.com\/pscg.me\/wp-content\/uploads\/2020\/09\/Svjetski-dan-turizma.jpg?resize=1050%2C600&ssl=1 3x, https:\/\/i0.wp.com\/pscg.me\/wp-content\/uploads\/2020\/09\/Svjetski-dan-turizma.jpg?resize=1400%2C800&ssl=1 4x"},"classes":[]},{"id":5197,"url":"https:\/\/pscg.me\/en\/medjunarodni-dan-planina-11-decembar-obnova-planinskih-ekosistema\/","url_meta":{"origin":6878,"position":4},"title":"(Montenegro) Me\u0111unarodni Dan planina 11. decembar \u2013 Obnova planinskih ekosistema","author":"Tatjana Ivanovic","date":"Sunday December 10th, 2023","format":false,"excerpt":"Sorry, this entry is only available in Montenegro.","rel":"","context":"In &quot;News&quot;","block_context":{"text":"News","link":"https:\/\/pscg.me\/en\/category\/novosti\/"},"img":{"alt_text":"","src":"https:\/\/i0.wp.com\/pscg.me\/wp-content\/uploads\/2023\/12\/Medjunarodni-dan-planina-2023.jpg?resize=350%2C200&ssl=1","width":350,"height":200,"srcset":"https:\/\/i0.wp.com\/pscg.me\/wp-content\/uploads\/2023\/12\/Medjunarodni-dan-planina-2023.jpg?resize=350%2C200&ssl=1 1x, https:\/\/i0.wp.com\/pscg.me\/wp-content\/uploads\/2023\/12\/Medjunarodni-dan-planina-2023.jpg?resize=525%2C300&ssl=1 1.5x, https:\/\/i0.wp.com\/pscg.me\/wp-content\/uploads\/2023\/12\/Medjunarodni-dan-planina-2023.jpg?resize=700%2C400&ssl=1 2x"},"classes":[]},{"id":7041,"url":"https:\/\/pscg.me\/en\/medjunarodni-dan-planina-11-decembar-3\/","url_meta":{"origin":6878,"position":5},"title":"(Montenegro) Me\u0111unarodni dan planina 11. decembar","author":"Tatjana Ivanovic","date":"Thursday December 11th, 2025","format":false,"excerpt":"Sorry, this entry is only available in Montenegro.","rel":"","context":"In &quot;News&quot;","block_context":{"text":"News","link":"https:\/\/pscg.me\/en\/category\/novosti\/"},"img":{"alt_text":"","src":"https:\/\/i0.wp.com\/pscg.me\/wp-content\/uploads\/2025\/12\/IMG_1095.jpeg?resize=350%2C200&ssl=1","width":350,"height":200,"srcset":"https:\/\/i0.wp.com\/pscg.me\/wp-content\/uploads\/2025\/12\/IMG_1095.jpeg?resize=350%2C200&ssl=1 1x, https:\/\/i0.wp.com\/pscg.me\/wp-content\/uploads\/2025\/12\/IMG_1095.jpeg?resize=525%2C300&ssl=1 1.5x"},"classes":[]}],"jetpack_sharing_enabled":true,"jetpack_shortlink":"https:\/\/wp.me\/p9BVX3-1MW","_links":{"self":[{"href":"https:\/\/pscg.me\/en\/wp-json\/wp\/v2\/posts\/6878","targetHints":{"allow":["GET"]}}],"collection":[{"href":"https:\/\/pscg.me\/en\/wp-json\/wp\/v2\/posts"}],"about":[{"href":"https:\/\/pscg.me\/en\/wp-json\/wp\/v2\/types\/post"}],"author":[{"embeddable":true,"href":"https:\/\/pscg.me\/en\/wp-json\/wp\/v2\/users\/3"}],"replies":[{"embeddable":true,"href":"https:\/\/pscg.me\/en\/wp-json\/wp\/v2\/comments?post=6878"}],"version-history":[{"count":0,"href":"https:\/\/pscg.me\/en\/wp-json\/wp\/v2\/posts\/6878\/revisions"}],"wp:featuredmedia":[{"embeddable":true,"href":"https:\/\/pscg.me\/en\/wp-json\/wp\/v2\/media\/6879"}],"wp:attachment":[{"href":"https:\/\/pscg.me\/en\/wp-json\/wp\/v2\/media?parent=6878"}],"wp:term":[{"taxonomy":"category","embeddable":true,"href":"https:\/\/pscg.me\/en\/wp-json\/wp\/v2\/categories?post=6878"},{"taxonomy":"post_tag","embeddable":true,"href":"https:\/\/pscg.me\/en\/wp-json\/wp\/v2\/tags?post=6878"}],"curies":[{"name":"wp","href":"https:\/\/api.w.org\/{rel}","templated":true}]}}