{"id":6874,"date":"2025-09-11T15:22:32","date_gmt":"2025-09-11T14:22:32","guid":{"rendered":"https:\/\/pscg.me\/?p=6874"},"modified":"2025-09-11T15:44:16","modified_gmt":"2025-09-11T14:44:16","slug":"evropska-nedelja-sporta-2025-10-vrhova-10-zastava-ujedinjeni-na-visini","status":"publish","type":"post","link":"https:\/\/pscg.me\/en\/evropska-nedelja-sporta-2025-10-vrhova-10-zastava-ujedinjeni-na-visini\/","title":{"rendered":"(Montenegro) Evropska nedelja sporta 2025 \u2013 10 vrhova, 10 zastava: Ujedinjeni na visini"},"content":{"rendered":"<p class=\"qtranxs-available-languages-message qtranxs-available-languages-message-en\">Sorry, this entry is only available in <a href=\"https:\/\/pscg.me\/sr\/wp-json\/wp\/v2\/posts\/6874\" class=\"qtranxs-available-language-link qtranxs-available-language-link-sr\" title=\"Montenegro\">Montenegro<\/a>.<\/p>","protected":false},"excerpt":{"rendered":"<p>Sorry, this entry is only available in Montenegro.<\/p>\n","protected":false},"author":3,"featured_media":6623,"comment_status":"open","ping_status":"open","sticky":false,"template":"","format":"standard","meta":{"jetpack_post_was_ever_published":false,"_jetpack_newsletter_access":"","_jetpack_dont_email_post_to_subs":false,"_jetpack_newsletter_tier_id":0,"_jetpack_memberships_contains_paywalled_content":false,"_jetpack_memberships_contains_paid_content":false,"footnotes":""},"categories":[3],"tags":[],"class_list":["post-6874","post","type-post","status-publish","format-standard","has-post-thumbnail","hentry","category-novosti"],"jetpack_featured_media_url":"https:\/\/pscg.me\/wp-content\/uploads\/2025\/06\/IMG_6081.jpeg","jetpack_likes_enabled":true,"jetpack-related-posts":[{"id":6926,"url":"https:\/\/pscg.me\/en\/planinarski-savez-crne-gore-na-sajmu-sporta-1-oktobar-2025\/","url_meta":{"origin":6874,"position":0},"title":"(Montenegro) Planinarski savez Crne Gore na Sajmu sporta  &#8211; 1. oktobar 2025.","author":"Tatjana Ivanovic","date":"Thursday October  2nd, 2025","format":false,"excerpt":"Sorry, this entry is only available in Montenegro.","rel":"","context":"In &quot;News&quot;","block_context":{"text":"News","link":"https:\/\/pscg.me\/en\/category\/novosti\/"},"img":{"alt_text":"","src":"https:\/\/i0.wp.com\/pscg.me\/wp-content\/uploads\/2025\/10\/IMG_9886.jpeg?resize=350%2C200&ssl=1","width":350,"height":200,"srcset":"https:\/\/i0.wp.com\/pscg.me\/wp-content\/uploads\/2025\/10\/IMG_9886.jpeg?resize=350%2C200&ssl=1 1x, https:\/\/i0.wp.com\/pscg.me\/wp-content\/uploads\/2025\/10\/IMG_9886.jpeg?resize=525%2C300&ssl=1 1.5x, https:\/\/i0.wp.com\/pscg.me\/wp-content\/uploads\/2025\/10\/IMG_9886.jpeg?resize=700%2C400&ssl=1 2x, https:\/\/i0.wp.com\/pscg.me\/wp-content\/uploads\/2025\/10\/IMG_9886.jpeg?resize=1050%2C600&ssl=1 3x, https:\/\/i0.wp.com\/pscg.me\/wp-content\/uploads\/2025\/10\/IMG_9886.jpeg?resize=1400%2C800&ssl=1 4x"},"classes":[]},{"id":5479,"url":"https:\/\/pscg.me\/en\/planinarski-pohod-zijova-staza\/","url_meta":{"origin":6874,"position":1},"title":"(Montenegro) Planinarski pohod \u201cZijova staza\u201d","author":"Tatjana Ivanovic","date":"Tuesday April 30th, 2024","format":false,"excerpt":"Sorry, this entry is only available in Montenegro.","rel":"","context":"In &quot;News&quot;","block_context":{"text":"News","link":"https:\/\/pscg.me\/en\/category\/novosti\/"},"img":{"alt_text":"","src":"https:\/\/i0.wp.com\/pscg.me\/wp-content\/uploads\/2024\/04\/6CFD8005-DBCA-4B63-B6C7-5C90CA6E905E-scaled.jpeg?resize=350%2C200&ssl=1","width":350,"height":200,"srcset":"https:\/\/i0.wp.com\/pscg.me\/wp-content\/uploads\/2024\/04\/6CFD8005-DBCA-4B63-B6C7-5C90CA6E905E-scaled.jpeg?resize=350%2C200&ssl=1 1x, https:\/\/i0.wp.com\/pscg.me\/wp-content\/uploads\/2024\/04\/6CFD8005-DBCA-4B63-B6C7-5C90CA6E905E-scaled.jpeg?resize=525%2C300&ssl=1 1.5x, https:\/\/i0.wp.com\/pscg.me\/wp-content\/uploads\/2024\/04\/6CFD8005-DBCA-4B63-B6C7-5C90CA6E905E-scaled.jpeg?resize=700%2C400&ssl=1 2x, https:\/\/i0.wp.com\/pscg.me\/wp-content\/uploads\/2024\/04\/6CFD8005-DBCA-4B63-B6C7-5C90CA6E905E-scaled.jpeg?resize=1050%2C600&ssl=1 3x, https:\/\/i0.wp.com\/pscg.me\/wp-content\/uploads\/2024\/04\/6CFD8005-DBCA-4B63-B6C7-5C90CA6E905E-scaled.jpeg?resize=1400%2C800&ssl=1 4x"},"classes":[]},{"id":6496,"url":"https:\/\/pscg.me\/en\/planinske-trke-prvo-i-drugo-kolo-lige-pscg-2025\/","url_meta":{"origin":6874,"position":2},"title":"(Montenegro) Planinske trke prvo i drugo kolo lige PSCG 2025","author":"Tatjana Ivanovic","date":"Sunday May  4th, 2025","format":false,"excerpt":"Sorry, this entry is only available in Montenegro.","rel":"","context":"In &quot;News&quot;","block_context":{"text":"News","link":"https:\/\/pscg.me\/en\/category\/novosti\/"},"img":{"alt_text":"","src":"https:\/\/i0.wp.com\/pscg.me\/wp-content\/uploads\/2025\/05\/IMG_6813-scaled.jpeg?resize=350%2C200&ssl=1","width":350,"height":200,"srcset":"https:\/\/i0.wp.com\/pscg.me\/wp-content\/uploads\/2025\/05\/IMG_6813-scaled.jpeg?resize=350%2C200&ssl=1 1x, https:\/\/i0.wp.com\/pscg.me\/wp-content\/uploads\/2025\/05\/IMG_6813-scaled.jpeg?resize=525%2C300&ssl=1 1.5x, https:\/\/i0.wp.com\/pscg.me\/wp-content\/uploads\/2025\/05\/IMG_6813-scaled.jpeg?resize=700%2C400&ssl=1 2x, https:\/\/i0.wp.com\/pscg.me\/wp-content\/uploads\/2025\/05\/IMG_6813-scaled.jpeg?resize=1050%2C600&ssl=1 3x, https:\/\/i0.wp.com\/pscg.me\/wp-content\/uploads\/2025\/05\/IMG_6813-scaled.jpeg?resize=1400%2C800&ssl=1 4x"},"classes":[]},{"id":1386,"url":"https:\/\/pscg.me\/en\/predsjednik-evropske-pjesacke-federacije-boris-micic-u-posjeti-planinarskom-savezu-crne-gore\/","url_meta":{"origin":6874,"position":3},"title":"(Montenegro) Predsjednik Evropske pje\u0161a\u010dke federacije Boris Mi\u0107i\u0107 u posjeti Planinarskom savezu Crne Gore","author":"Dragan Bulatovic","date":"Thursday September  6th, 2018","format":false,"excerpt":"Sorry, this entry is only available in Montenegro.","rel":"","context":"In &quot;News&quot;","block_context":{"text":"News","link":"https:\/\/pscg.me\/en\/category\/novosti\/"},"img":{"alt_text":"","src":"https:\/\/i0.wp.com\/pscg.me\/wp-content\/uploads\/2018\/09\/IMG_20180905_155030-2.jpg?resize=350%2C200&ssl=1","width":350,"height":200,"srcset":"https:\/\/i0.wp.com\/pscg.me\/wp-content\/uploads\/2018\/09\/IMG_20180905_155030-2.jpg?resize=350%2C200&ssl=1 1x, https:\/\/i0.wp.com\/pscg.me\/wp-content\/uploads\/2018\/09\/IMG_20180905_155030-2.jpg?resize=525%2C300&ssl=1 1.5x, https:\/\/i0.wp.com\/pscg.me\/wp-content\/uploads\/2018\/09\/IMG_20180905_155030-2.jpg?resize=700%2C400&ssl=1 2x, https:\/\/i0.wp.com\/pscg.me\/wp-content\/uploads\/2018\/09\/IMG_20180905_155030-2.jpg?resize=1050%2C600&ssl=1 3x, https:\/\/i0.wp.com\/pscg.me\/wp-content\/uploads\/2018\/09\/IMG_20180905_155030-2.jpg?resize=1400%2C800&ssl=1 4x"},"classes":[]},{"id":4593,"url":"https:\/\/pscg.me\/en\/odrzan-je-17-pohod-zijovom-stazom-na-vrh-karaula-1915-mnv\/","url_meta":{"origin":6874,"position":4},"title":"(Montenegro) Odr\u017ean je 17. pohod Zijovom stazom na vrh Karaula 1915 mnv","author":"Tatjana Ivanovic","date":"Friday June  2nd, 2023","format":false,"excerpt":"Sorry, this entry is only available in Montenegro.","rel":"","context":"In &quot;News&quot;","block_context":{"text":"News","link":"https:\/\/pscg.me\/en\/category\/novosti\/"},"img":{"alt_text":"","src":"https:\/\/i0.wp.com\/pscg.me\/wp-content\/uploads\/2023\/06\/Zijova-staza-1-scaled.jpg?resize=350%2C200&ssl=1","width":350,"height":200,"srcset":"https:\/\/i0.wp.com\/pscg.me\/wp-content\/uploads\/2023\/06\/Zijova-staza-1-scaled.jpg?resize=350%2C200&ssl=1 1x, https:\/\/i0.wp.com\/pscg.me\/wp-content\/uploads\/2023\/06\/Zijova-staza-1-scaled.jpg?resize=525%2C300&ssl=1 1.5x, https:\/\/i0.wp.com\/pscg.me\/wp-content\/uploads\/2023\/06\/Zijova-staza-1-scaled.jpg?resize=700%2C400&ssl=1 2x, https:\/\/i0.wp.com\/pscg.me\/wp-content\/uploads\/2023\/06\/Zijova-staza-1-scaled.jpg?resize=1050%2C600&ssl=1 3x, https:\/\/i0.wp.com\/pscg.me\/wp-content\/uploads\/2023\/06\/Zijova-staza-1-scaled.jpg?resize=1400%2C800&ssl=1 4x"},"classes":[]},{"id":3029,"url":"https:\/\/pscg.me\/en\/izvjestaj-sa-memorijala-zijova-staza-2021\/","url_meta":{"origin":6874,"position":5},"title":"(Montenegro) Izvje\u0161taj sa memorijala Zijova staza 2021","author":"Tatjana Ivanovic","date":"Tuesday June  1st, 2021","format":false,"excerpt":"Sorry, this entry is only available in Montenegro.","rel":"","context":"In &quot;News&quot;","block_context":{"text":"News","link":"https:\/\/pscg.me\/en\/category\/novosti\/"},"img":{"alt_text":"","src":"https:\/\/i0.wp.com\/pscg.me\/wp-content\/uploads\/2021\/06\/vrh.jpg?resize=350%2C200&ssl=1","width":350,"height":200,"srcset":"https:\/\/i0.wp.com\/pscg.me\/wp-content\/uploads\/2021\/06\/vrh.jpg?resize=350%2C200&ssl=1 1x, https:\/\/i0.wp.com\/pscg.me\/wp-content\/uploads\/2021\/06\/vrh.jpg?resize=525%2C300&ssl=1 1.5x, https:\/\/i0.wp.com\/pscg.me\/wp-content\/uploads\/2021\/06\/vrh.jpg?resize=700%2C400&ssl=1 2x, https:\/\/i0.wp.com\/pscg.me\/wp-content\/uploads\/2021\/06\/vrh.jpg?resize=1050%2C600&ssl=1 3x, https:\/\/i0.wp.com\/pscg.me\/wp-content\/uploads\/2021\/06\/vrh.jpg?resize=1400%2C800&ssl=1 4x"},"classes":[]}],"jetpack_sharing_enabled":true,"jetpack_shortlink":"https:\/\/wp.me\/p9BVX3-1MS","_links":{"self":[{"href":"https:\/\/pscg.me\/en\/wp-json\/wp\/v2\/posts\/6874","targetHints":{"allow":["GET"]}}],"collection":[{"href":"https:\/\/pscg.me\/en\/wp-json\/wp\/v2\/posts"}],"about":[{"href":"https:\/\/pscg.me\/en\/wp-json\/wp\/v2\/types\/post"}],"author":[{"embeddable":true,"href":"https:\/\/pscg.me\/en\/wp-json\/wp\/v2\/users\/3"}],"replies":[{"embeddable":true,"href":"https:\/\/pscg.me\/en\/wp-json\/wp\/v2\/comments?post=6874"}],"version-history":[{"count":0,"href":"https:\/\/pscg.me\/en\/wp-json\/wp\/v2\/posts\/6874\/revisions"}],"wp:featuredmedia":[{"embeddable":true,"href":"https:\/\/pscg.me\/en\/wp-json\/wp\/v2\/media\/6623"}],"wp:attachment":[{"href":"https:\/\/pscg.me\/en\/wp-json\/wp\/v2\/media?parent=6874"}],"wp:term":[{"taxonomy":"category","embeddable":true,"href":"https:\/\/pscg.me\/en\/wp-json\/wp\/v2\/categories?post=6874"},{"taxonomy":"post_tag","embeddable":true,"href":"https:\/\/pscg.me\/en\/wp-json\/wp\/v2\/tags?post=6874"}],"curies":[{"name":"wp","href":"https:\/\/api.w.org\/{rel}","templated":true}]}}