{"id":6784,"date":"2025-07-23T23:01:04","date_gmt":"2025-07-23T22:01:04","guid":{"rendered":"https:\/\/pscg.me\/?p=6784"},"modified":"2025-07-23T23:01:04","modified_gmt":"2025-07-23T22:01:04","slug":"cestitka-drazenu-markovicu-na-uspjesnom-usponu-na-lenjinov-vrh","status":"publish","type":"post","link":"https:\/\/pscg.me\/en\/cestitka-drazenu-markovicu-na-uspjesnom-usponu-na-lenjinov-vrh\/","title":{"rendered":"(Montenegro) \u010cestitka Dra\u017eenu Markovi\u0107u na uspje\u0161nom usponu na Lenjinov vrh"},"content":{"rendered":"<p class=\"qtranxs-available-languages-message qtranxs-available-languages-message-en\">Sorry, this entry is only available in <a href=\"https:\/\/pscg.me\/sr\/wp-json\/wp\/v2\/posts\/6784\" class=\"qtranxs-available-language-link qtranxs-available-language-link-sr\" title=\"Montenegro\">Montenegro<\/a>.<\/p>","protected":false},"excerpt":{"rendered":"<p>Sorry, this entry is only available in Montenegro.<\/p>\n","protected":false},"author":3,"featured_media":6787,"comment_status":"open","ping_status":"open","sticky":false,"template":"","format":"standard","meta":{"jetpack_post_was_ever_published":false,"_jetpack_newsletter_access":"","_jetpack_dont_email_post_to_subs":false,"_jetpack_newsletter_tier_id":0,"_jetpack_memberships_contains_paywalled_content":false,"_jetpack_memberships_contains_paid_content":false,"footnotes":""},"categories":[3],"tags":[],"class_list":["post-6784","post","type-post","status-publish","format-standard","has-post-thumbnail","hentry","category-novosti"],"jetpack_featured_media_url":"https:\/\/pscg.me\/wp-content\/uploads\/2025\/07\/IMG_8613.jpeg","jetpack_likes_enabled":true,"jetpack-related-posts":[{"id":6076,"url":"https:\/\/pscg.me\/en\/alpinisticki-uspon-sak-slobodni-penjaci-na-zastanit-maja-e-vojushit-2275-mnv-prokletije\/","url_meta":{"origin":6784,"position":0},"title":"(Montenegro) Alpinisti\u010dki uspon SAK \u201cSlobodni penja\u010di\u201d na Zastanit Maja e Vojushit 2275 mnv  Prokletije","author":"Tatjana Ivanovic","date":"Tuesday December 24th, 2024","format":false,"excerpt":"Sorry, this entry is only available in Montenegro.","rel":"","context":"In &quot;News&quot;","block_context":{"text":"News","link":"https:\/\/pscg.me\/en\/category\/novosti\/"},"img":{"alt_text":"","src":"https:\/\/i0.wp.com\/pscg.me\/wp-content\/uploads\/2024\/12\/26207E64-98E7-444F-BBC1-6C8F96663119.jpeg?resize=350%2C200&ssl=1","width":350,"height":200,"srcset":"https:\/\/i0.wp.com\/pscg.me\/wp-content\/uploads\/2024\/12\/26207E64-98E7-444F-BBC1-6C8F96663119.jpeg?resize=350%2C200&ssl=1 1x, https:\/\/i0.wp.com\/pscg.me\/wp-content\/uploads\/2024\/12\/26207E64-98E7-444F-BBC1-6C8F96663119.jpeg?resize=525%2C300&ssl=1 1.5x, https:\/\/i0.wp.com\/pscg.me\/wp-content\/uploads\/2024\/12\/26207E64-98E7-444F-BBC1-6C8F96663119.jpeg?resize=700%2C400&ssl=1 2x, https:\/\/i0.wp.com\/pscg.me\/wp-content\/uploads\/2024\/12\/26207E64-98E7-444F-BBC1-6C8F96663119.jpeg?resize=1050%2C600&ssl=1 3x"},"classes":[]},{"id":6305,"url":"https:\/\/pscg.me\/en\/cestitamo-na-izvanrednim-rezultatima-sportskom-alpinistickom-klubu-slobodni-penjaci\/","url_meta":{"origin":6784,"position":1},"title":"(Montenegro) \u010cestitamo na izvanrednim rezultatima Sportskom alpinisti\u010dkom klubu Slobodni penja\u010di","author":"Tatjana Ivanovic","date":"Thursday February 27th, 2025","format":false,"excerpt":"Sorry, this entry is only available in Montenegro.","rel":"","context":"In &quot;News&quot;","block_context":{"text":"News","link":"https:\/\/pscg.me\/en\/category\/novosti\/"},"img":{"alt_text":"","src":"https:\/\/i0.wp.com\/pscg.me\/wp-content\/uploads\/2025\/02\/IMG_6024.jpeg?resize=350%2C200&ssl=1","width":350,"height":200,"srcset":"https:\/\/i0.wp.com\/pscg.me\/wp-content\/uploads\/2025\/02\/IMG_6024.jpeg?resize=350%2C200&ssl=1 1x, https:\/\/i0.wp.com\/pscg.me\/wp-content\/uploads\/2025\/02\/IMG_6024.jpeg?resize=525%2C300&ssl=1 1.5x, https:\/\/i0.wp.com\/pscg.me\/wp-content\/uploads\/2025\/02\/IMG_6024.jpeg?resize=700%2C400&ssl=1 2x, https:\/\/i0.wp.com\/pscg.me\/wp-content\/uploads\/2025\/02\/IMG_6024.jpeg?resize=1050%2C600&ssl=1 3x"},"classes":[]},{"id":3273,"url":"https:\/\/pscg.me\/en\/uspjesno-izveden-nocni-uspon-na-planini-vojnik\/","url_meta":{"origin":6784,"position":2},"title":"(Montenegro) Uspje\u0161no izveden no\u0107ni uspon na planinu Vojnik","author":"Tatjana Ivanovic","date":"Tuesday October  5th, 2021","format":false,"excerpt":"Sorry, this entry is only available in Montenegro.","rel":"","context":"In &quot;News&quot;","block_context":{"text":"News","link":"https:\/\/pscg.me\/en\/category\/novosti\/"},"img":{"alt_text":"","src":"https:\/\/i0.wp.com\/pscg.me\/wp-content\/uploads\/2021\/10\/12.jpg?resize=350%2C200&ssl=1","width":350,"height":200,"srcset":"https:\/\/i0.wp.com\/pscg.me\/wp-content\/uploads\/2021\/10\/12.jpg?resize=350%2C200&ssl=1 1x, https:\/\/i0.wp.com\/pscg.me\/wp-content\/uploads\/2021\/10\/12.jpg?resize=525%2C300&ssl=1 1.5x, https:\/\/i0.wp.com\/pscg.me\/wp-content\/uploads\/2021\/10\/12.jpg?resize=700%2C400&ssl=1 2x"},"classes":[]},{"id":6152,"url":"https:\/\/pscg.me\/en\/poziv-na-humanitarni-planinarski-uspon-na-bjelasicu-vrh-mucnica-1809-mnv\/","url_meta":{"origin":6784,"position":3},"title":"(Montenegro) Poziv na humanitarni planinarski uspon na Bjelasicu, vrh Mu\u010dnica (1809 mnv)","author":"Tatjana Ivanovic","date":"Monday January 27th, 2025","format":false,"excerpt":"Sorry, this entry is only available in Montenegro.","rel":"","context":"In &quot;News&quot;","block_context":{"text":"News","link":"https:\/\/pscg.me\/en\/category\/novosti\/"},"img":{"alt_text":"","src":"https:\/\/i0.wp.com\/pscg.me\/wp-content\/uploads\/2025\/01\/IMG_5554.jpeg?resize=350%2C200&ssl=1","width":350,"height":200,"srcset":"https:\/\/i0.wp.com\/pscg.me\/wp-content\/uploads\/2025\/01\/IMG_5554.jpeg?resize=350%2C200&ssl=1 1x, https:\/\/i0.wp.com\/pscg.me\/wp-content\/uploads\/2025\/01\/IMG_5554.jpeg?resize=525%2C300&ssl=1 1.5x, https:\/\/i0.wp.com\/pscg.me\/wp-content\/uploads\/2025\/01\/IMG_5554.jpeg?resize=700%2C400&ssl=1 2x, https:\/\/i0.wp.com\/pscg.me\/wp-content\/uploads\/2025\/01\/IMG_5554.jpeg?resize=1050%2C600&ssl=1 3x"},"classes":[]},{"id":6328,"url":"https:\/\/pscg.me\/en\/uspjesan-mjesec-za-nase-planinare\/","url_meta":{"origin":6784,"position":4},"title":"(Montenegro) Uspje\u0161an mjesec za na\u0161e planinare","author":"Tatjana Ivanovic","date":"Thursday February 27th, 2025","format":false,"excerpt":"Sorry, this entry is only available in Montenegro.","rel":"","context":"In &quot;News&quot;","block_context":{"text":"News","link":"https:\/\/pscg.me\/en\/category\/novosti\/"},"img":{"alt_text":"","src":"https:\/\/i0.wp.com\/pscg.me\/wp-content\/uploads\/2025\/02\/IMG_6037.jpeg?resize=350%2C200&ssl=1","width":350,"height":200,"srcset":"https:\/\/i0.wp.com\/pscg.me\/wp-content\/uploads\/2025\/02\/IMG_6037.jpeg?resize=350%2C200&ssl=1 1x, https:\/\/i0.wp.com\/pscg.me\/wp-content\/uploads\/2025\/02\/IMG_6037.jpeg?resize=525%2C300&ssl=1 1.5x, https:\/\/i0.wp.com\/pscg.me\/wp-content\/uploads\/2025\/02\/IMG_6037.jpeg?resize=700%2C400&ssl=1 2x, https:\/\/i0.wp.com\/pscg.me\/wp-content\/uploads\/2025\/02\/IMG_6037.jpeg?resize=1050%2C600&ssl=1 3x"},"classes":[]},{"id":2740,"url":"https:\/\/pscg.me\/en\/4-oktobar-2008-dan-kada-su-pomjerene-granice-crnogorskog-alpinizma-uspon-na-manaslu-8163-m\/","url_meta":{"origin":6784,"position":5},"title":"(Montenegro) 4. oktobar 2008. Dan kada su pomjerene granice crnogorskog alpinizma &#8211; Uspon na MANASLU 8163 m","author":"Dragan Bulatovic","date":"Sunday October  4th, 2020","format":false,"excerpt":"Sorry, this entry is only available in Montenegro.","rel":"","context":"In &quot;News&quot;","block_context":{"text":"News","link":"https:\/\/pscg.me\/en\/category\/novosti\/"},"img":{"alt_text":"","src":"https:\/\/i0.wp.com\/pscg.me\/wp-content\/uploads\/2020\/10\/Manaslu.jpg?resize=350%2C200&ssl=1","width":350,"height":200,"srcset":"https:\/\/i0.wp.com\/pscg.me\/wp-content\/uploads\/2020\/10\/Manaslu.jpg?resize=350%2C200&ssl=1 1x, https:\/\/i0.wp.com\/pscg.me\/wp-content\/uploads\/2020\/10\/Manaslu.jpg?resize=525%2C300&ssl=1 1.5x, https:\/\/i0.wp.com\/pscg.me\/wp-content\/uploads\/2020\/10\/Manaslu.jpg?resize=700%2C400&ssl=1 2x, https:\/\/i0.wp.com\/pscg.me\/wp-content\/uploads\/2020\/10\/Manaslu.jpg?resize=1050%2C600&ssl=1 3x, https:\/\/i0.wp.com\/pscg.me\/wp-content\/uploads\/2020\/10\/Manaslu.jpg?resize=1400%2C800&ssl=1 4x"},"classes":[]}],"jetpack_sharing_enabled":true,"jetpack_shortlink":"https:\/\/wp.me\/p9BVX3-1Lq","_links":{"self":[{"href":"https:\/\/pscg.me\/en\/wp-json\/wp\/v2\/posts\/6784","targetHints":{"allow":["GET"]}}],"collection":[{"href":"https:\/\/pscg.me\/en\/wp-json\/wp\/v2\/posts"}],"about":[{"href":"https:\/\/pscg.me\/en\/wp-json\/wp\/v2\/types\/post"}],"author":[{"embeddable":true,"href":"https:\/\/pscg.me\/en\/wp-json\/wp\/v2\/users\/3"}],"replies":[{"embeddable":true,"href":"https:\/\/pscg.me\/en\/wp-json\/wp\/v2\/comments?post=6784"}],"version-history":[{"count":0,"href":"https:\/\/pscg.me\/en\/wp-json\/wp\/v2\/posts\/6784\/revisions"}],"wp:featuredmedia":[{"embeddable":true,"href":"https:\/\/pscg.me\/en\/wp-json\/wp\/v2\/media\/6787"}],"wp:attachment":[{"href":"https:\/\/pscg.me\/en\/wp-json\/wp\/v2\/media?parent=6784"}],"wp:term":[{"taxonomy":"category","embeddable":true,"href":"https:\/\/pscg.me\/en\/wp-json\/wp\/v2\/categories?post=6784"},{"taxonomy":"post_tag","embeddable":true,"href":"https:\/\/pscg.me\/en\/wp-json\/wp\/v2\/tags?post=6784"}],"curies":[{"name":"wp","href":"https:\/\/api.w.org\/{rel}","templated":true}]}}