{"id":6753,"date":"2025-07-16T16:19:55","date_gmt":"2025-07-16T15:19:55","guid":{"rendered":"https:\/\/pscg.me\/?p=6753"},"modified":"2025-07-16T17:22:56","modified_gmt":"2025-07-16T16:22:56","slug":"izvjestaj-sa-memorijalnog-uspona-na-bobotov-kuk-u-cast-generala-danila-jaukovica","status":"publish","type":"post","link":"https:\/\/pscg.me\/en\/izvjestaj-sa-memorijalnog-uspona-na-bobotov-kuk-u-cast-generala-danila-jaukovica\/","title":{"rendered":"(Montenegro) Izvje\u0161taj sa memorijalnog uspona na Bobotov kuk \u2013 u \u010dast generala Danila Jaukovi\u0107a"},"content":{"rendered":"<p class=\"qtranxs-available-languages-message qtranxs-available-languages-message-en\">Sorry, this entry is only available in <a href=\"https:\/\/pscg.me\/sr\/wp-json\/wp\/v2\/posts\/6753\" class=\"qtranxs-available-language-link qtranxs-available-language-link-sr\" title=\"Montenegro\">Montenegro<\/a>.<\/p>","protected":false},"excerpt":{"rendered":"<p>Sorry, this entry is only available in Montenegro.<\/p>\n","protected":false},"author":3,"featured_media":6755,"comment_status":"open","ping_status":"open","sticky":false,"template":"","format":"standard","meta":{"jetpack_post_was_ever_published":false,"_jetpack_newsletter_access":"","_jetpack_dont_email_post_to_subs":false,"_jetpack_newsletter_tier_id":0,"_jetpack_memberships_contains_paywalled_content":false,"_jetpack_memberships_contains_paid_content":false,"footnotes":""},"categories":[3],"tags":[],"class_list":["post-6753","post","type-post","status-publish","format-standard","has-post-thumbnail","hentry","category-novosti"],"jetpack_featured_media_url":"https:\/\/pscg.me\/wp-content\/uploads\/2025\/07\/IMG_8441.jpeg","jetpack_likes_enabled":true,"jetpack-related-posts":[{"id":3137,"url":"https:\/\/pscg.me\/en\/sjecanje-na-omiljenog-generala-izvjestaj-sa-memorijalnog-uspona-general-danilo-jaukovic\/","url_meta":{"origin":6753,"position":0},"title":"(Montenegro) SJE\u0106ANJE NA OMILJENOG GENERALA &#8211; Izvje\u0161taj sa memorijalnog uspona General Danilo Jaukovi\u0107","author":"Tatjana Ivanovic","date":"Monday July 26th, 2021","format":false,"excerpt":"Sorry, this entry is only available in Montenegro.","rel":"","context":"In &quot;News&quot;","block_context":{"text":"News","link":"https:\/\/pscg.me\/en\/category\/novosti\/"},"img":{"alt_text":"","src":"https:\/\/i0.wp.com\/pscg.me\/wp-content\/uploads\/2021\/07\/220137556_339846111006855_4970573849869603954_n.jpg?resize=350%2C200&ssl=1","width":350,"height":200,"srcset":"https:\/\/i0.wp.com\/pscg.me\/wp-content\/uploads\/2021\/07\/220137556_339846111006855_4970573849869603954_n.jpg?resize=350%2C200&ssl=1 1x, https:\/\/i0.wp.com\/pscg.me\/wp-content\/uploads\/2021\/07\/220137556_339846111006855_4970573849869603954_n.jpg?resize=525%2C300&ssl=1 1.5x, https:\/\/i0.wp.com\/pscg.me\/wp-content\/uploads\/2021\/07\/220137556_339846111006855_4970573849869603954_n.jpg?resize=700%2C400&ssl=1 2x"},"classes":[]},{"id":2138,"url":"https:\/\/pscg.me\/en\/odrzan-42-memorijalni-uspon-na-bobotov-kuk\/","url_meta":{"origin":6753,"position":1},"title":"(Montenegro) Odr\u017ean 42. Memorijalni uspon na Bobotov kuk","author":"Tatjana Ivanovic","date":"Saturday July 20th, 2019","format":false,"excerpt":"Sorry, this entry is only available in Montenegro.","rel":"","context":"In &quot;News&quot;","block_context":{"text":"News","link":"https:\/\/pscg.me\/en\/category\/novosti\/"},"img":{"alt_text":"","src":"https:\/\/i0.wp.com\/pscg.me\/wp-content\/uploads\/2019\/07\/64860115_10217159403634482_6024993274018660352_n.jpg?resize=350%2C200&ssl=1","width":350,"height":200,"srcset":"https:\/\/i0.wp.com\/pscg.me\/wp-content\/uploads\/2019\/07\/64860115_10217159403634482_6024993274018660352_n.jpg?resize=350%2C200&ssl=1 1x, https:\/\/i0.wp.com\/pscg.me\/wp-content\/uploads\/2019\/07\/64860115_10217159403634482_6024993274018660352_n.jpg?resize=525%2C300&ssl=1 1.5x, https:\/\/i0.wp.com\/pscg.me\/wp-content\/uploads\/2019\/07\/64860115_10217159403634482_6024993274018660352_n.jpg?resize=700%2C400&ssl=1 2x"},"classes":[]},{"id":6729,"url":"https:\/\/pscg.me\/en\/memorijal-general-danilo-jaukovic\/","url_meta":{"origin":6753,"position":2},"title":"(Montenegro) Memorijal general Danilo Jaukovi\u0107","author":"Tatjana Ivanovic","date":"Sunday June 15th, 2025","format":false,"excerpt":"Sorry, this entry is only available in Montenegro.","rel":"","context":"In &quot;News&quot;","block_context":{"text":"News","link":"https:\/\/pscg.me\/en\/category\/novosti\/"},"img":{"alt_text":"","src":"https:\/\/i0.wp.com\/pscg.me\/wp-content\/uploads\/2025\/07\/C6E2719A-936B-44D3-96FC-1977B106E116.jpeg?resize=350%2C200&ssl=1","width":350,"height":200,"srcset":"https:\/\/i0.wp.com\/pscg.me\/wp-content\/uploads\/2025\/07\/C6E2719A-936B-44D3-96FC-1977B106E116.jpeg?resize=350%2C200&ssl=1 1x, https:\/\/i0.wp.com\/pscg.me\/wp-content\/uploads\/2025\/07\/C6E2719A-936B-44D3-96FC-1977B106E116.jpeg?resize=525%2C300&ssl=1 1.5x, https:\/\/i0.wp.com\/pscg.me\/wp-content\/uploads\/2025\/07\/C6E2719A-936B-44D3-96FC-1977B106E116.jpeg?resize=700%2C400&ssl=1 2x, https:\/\/i0.wp.com\/pscg.me\/wp-content\/uploads\/2025\/07\/C6E2719A-936B-44D3-96FC-1977B106E116.jpeg?resize=1050%2C600&ssl=1 3x"},"classes":[]},{"id":5716,"url":"https:\/\/pscg.me\/en\/pozivamo-vas-na-memorijalni-planinarski-pohod-general-danilo-jaukovic\/","url_meta":{"origin":6753,"position":3},"title":"(Montenegro) Pozivamo Vas na memorijalni planinarski pohod \u201cGeneral Danilo Jaukovi\u0107\u201d","author":"Tatjana Ivanovic","date":"Friday June 28th, 2024","format":false,"excerpt":"Sorry, this entry is only available in Montenegro.","rel":"","context":"In &quot;News&quot;","block_context":{"text":"News","link":"https:\/\/pscg.me\/en\/category\/novosti\/"},"img":{"alt_text":"","src":"https:\/\/i0.wp.com\/pscg.me\/wp-content\/uploads\/2024\/06\/3432B4C7-8EB4-4469-B836-B5053DF539E5.jpeg?resize=350%2C200&ssl=1","width":350,"height":200,"srcset":"https:\/\/i0.wp.com\/pscg.me\/wp-content\/uploads\/2024\/06\/3432B4C7-8EB4-4469-B836-B5053DF539E5.jpeg?resize=350%2C200&ssl=1 1x, https:\/\/i0.wp.com\/pscg.me\/wp-content\/uploads\/2024\/06\/3432B4C7-8EB4-4469-B836-B5053DF539E5.jpeg?resize=525%2C300&ssl=1 1.5x, https:\/\/i0.wp.com\/pscg.me\/wp-content\/uploads\/2024\/06\/3432B4C7-8EB4-4469-B836-B5053DF539E5.jpeg?resize=700%2C400&ssl=1 2x, https:\/\/i0.wp.com\/pscg.me\/wp-content\/uploads\/2024\/06\/3432B4C7-8EB4-4469-B836-B5053DF539E5.jpeg?resize=1050%2C600&ssl=1 3x"},"classes":[]},{"id":5731,"url":"https:\/\/pscg.me\/en\/izvjestaj-sa-memorijala-general-danilo-jaukovic-2\/","url_meta":{"origin":6753,"position":4},"title":"(Montenegro) Izvje\u0161taj sa memorijala General Danilo Jaukovi\u0107","author":"Tatjana Ivanovic","date":"Thursday July 18th, 2024","format":false,"excerpt":"Sorry, this entry is only available in Montenegro.","rel":"","context":"In &quot;News&quot;","block_context":{"text":"News","link":"https:\/\/pscg.me\/en\/category\/novosti\/"},"img":{"alt_text":"","src":"https:\/\/i0.wp.com\/pscg.me\/wp-content\/uploads\/2024\/07\/067D4047-9687-4C55-A136-8A3C1FA6BC47.jpeg?resize=350%2C200&ssl=1","width":350,"height":200,"srcset":"https:\/\/i0.wp.com\/pscg.me\/wp-content\/uploads\/2024\/07\/067D4047-9687-4C55-A136-8A3C1FA6BC47.jpeg?resize=350%2C200&ssl=1 1x, https:\/\/i0.wp.com\/pscg.me\/wp-content\/uploads\/2024\/07\/067D4047-9687-4C55-A136-8A3C1FA6BC47.jpeg?resize=525%2C300&ssl=1 1.5x, https:\/\/i0.wp.com\/pscg.me\/wp-content\/uploads\/2024\/07\/067D4047-9687-4C55-A136-8A3C1FA6BC47.jpeg?resize=700%2C400&ssl=1 2x, https:\/\/i0.wp.com\/pscg.me\/wp-content\/uploads\/2024\/07\/067D4047-9687-4C55-A136-8A3C1FA6BC47.jpeg?resize=1050%2C600&ssl=1 3x, https:\/\/i0.wp.com\/pscg.me\/wp-content\/uploads\/2024\/07\/067D4047-9687-4C55-A136-8A3C1FA6BC47.jpeg?resize=1400%2C800&ssl=1 4x"},"classes":[]},{"id":3099,"url":"https:\/\/pscg.me\/en\/poziv-na-44-memorijal-general-danilo-jaukovic\/","url_meta":{"origin":6753,"position":5},"title":"(Montenegro) Poziv na 44. Memorijal general Danilo Jaukovi\u0107","author":"Tatjana Ivanovic","date":"Thursday July  1st, 2021","format":false,"excerpt":"Sorry, this entry is only available in Montenegro.","rel":"","context":"In &quot;News&quot;","block_context":{"text":"News","link":"https:\/\/pscg.me\/en\/category\/novosti\/"},"img":{"alt_text":"","src":"https:\/\/i0.wp.com\/pscg.me\/wp-content\/uploads\/2019\/01\/Amblem-Kluba.jpg?resize=350%2C200&ssl=1","width":350,"height":200,"srcset":"https:\/\/i0.wp.com\/pscg.me\/wp-content\/uploads\/2019\/01\/Amblem-Kluba.jpg?resize=350%2C200&ssl=1 1x, https:\/\/i0.wp.com\/pscg.me\/wp-content\/uploads\/2019\/01\/Amblem-Kluba.jpg?resize=525%2C300&ssl=1 1.5x, https:\/\/i0.wp.com\/pscg.me\/wp-content\/uploads\/2019\/01\/Amblem-Kluba.jpg?resize=700%2C400&ssl=1 2x"},"classes":[]}],"jetpack_sharing_enabled":true,"jetpack_shortlink":"https:\/\/wp.me\/p9BVX3-1KV","_links":{"self":[{"href":"https:\/\/pscg.me\/en\/wp-json\/wp\/v2\/posts\/6753","targetHints":{"allow":["GET"]}}],"collection":[{"href":"https:\/\/pscg.me\/en\/wp-json\/wp\/v2\/posts"}],"about":[{"href":"https:\/\/pscg.me\/en\/wp-json\/wp\/v2\/types\/post"}],"author":[{"embeddable":true,"href":"https:\/\/pscg.me\/en\/wp-json\/wp\/v2\/users\/3"}],"replies":[{"embeddable":true,"href":"https:\/\/pscg.me\/en\/wp-json\/wp\/v2\/comments?post=6753"}],"version-history":[{"count":0,"href":"https:\/\/pscg.me\/en\/wp-json\/wp\/v2\/posts\/6753\/revisions"}],"wp:featuredmedia":[{"embeddable":true,"href":"https:\/\/pscg.me\/en\/wp-json\/wp\/v2\/media\/6755"}],"wp:attachment":[{"href":"https:\/\/pscg.me\/en\/wp-json\/wp\/v2\/media?parent=6753"}],"wp:term":[{"taxonomy":"category","embeddable":true,"href":"https:\/\/pscg.me\/en\/wp-json\/wp\/v2\/categories?post=6753"},{"taxonomy":"post_tag","embeddable":true,"href":"https:\/\/pscg.me\/en\/wp-json\/wp\/v2\/tags?post=6753"}],"curies":[{"name":"wp","href":"https:\/\/api.w.org\/{rel}","templated":true}]}}