{"id":6673,"date":"2025-06-14T09:16:58","date_gmt":"2025-06-14T08:16:58","guid":{"rendered":"https:\/\/pscg.me\/?p=6673"},"modified":"2025-06-14T09:16:58","modified_gmt":"2025-06-14T08:16:58","slug":"dobrodosli-na-planinski-festival-mojkovac-2025","status":"publish","type":"post","link":"https:\/\/pscg.me\/en\/dobrodosli-na-planinski-festival-mojkovac-2025\/","title":{"rendered":"(Montenegro) DOBRODO\u0160LI NA PLANINSKI FESTIVAL MOJKOVAC 2025"},"content":{"rendered":"<p class=\"qtranxs-available-languages-message qtranxs-available-languages-message-en\">Sorry, this entry is only available in <a href=\"https:\/\/pscg.me\/sr\/wp-json\/wp\/v2\/posts\/6673\" class=\"qtranxs-available-language-link qtranxs-available-language-link-sr\" title=\"Montenegro\">Montenegro<\/a>.<\/p>","protected":false},"excerpt":{"rendered":"<p>Sorry, this entry is only available in Montenegro.<\/p>\n","protected":false},"author":3,"featured_media":6674,"comment_status":"open","ping_status":"open","sticky":false,"template":"","format":"standard","meta":{"jetpack_post_was_ever_published":false,"_jetpack_newsletter_access":"","_jetpack_dont_email_post_to_subs":false,"_jetpack_newsletter_tier_id":0,"_jetpack_memberships_contains_paywalled_content":false,"_jetpack_memberships_contains_paid_content":false,"footnotes":""},"categories":[3],"tags":[],"class_list":["post-6673","post","type-post","status-publish","format-standard","has-post-thumbnail","hentry","category-novosti"],"jetpack_featured_media_url":"https:\/\/pscg.me\/wp-content\/uploads\/2025\/06\/IMG_7745.jpeg","jetpack_likes_enabled":true,"jetpack-related-posts":[{"id":6631,"url":"https:\/\/pscg.me\/en\/bjelogrivac-trail-2025-prvo-kolo-lige-planinarskog-saveza-crne-gore-u-planinskom-trcanju\/","url_meta":{"origin":6673,"position":0},"title":"(Montenegro) BJELOGRIVAC TRAIL 2025 PRVO KOLO LIGE PLANINARSKOG SAVEZA CRNE GORE U PLANINSKOM TR\u010cANJU","author":"Tatjana Ivanovic","date":"Wednesday June  4th, 2025","format":false,"excerpt":"Sorry, this entry is only available in Montenegro.","rel":"","context":"In &quot;News&quot;","block_context":{"text":"News","link":"https:\/\/pscg.me\/en\/category\/novosti\/"},"img":{"alt_text":"","src":"https:\/\/i0.wp.com\/pscg.me\/wp-content\/uploads\/2025\/06\/D4C069CE-C556-479C-BBA4-F631A7FE41AA.jpeg?resize=350%2C200&ssl=1","width":350,"height":200,"srcset":"https:\/\/i0.wp.com\/pscg.me\/wp-content\/uploads\/2025\/06\/D4C069CE-C556-479C-BBA4-F631A7FE41AA.jpeg?resize=350%2C200&ssl=1 1x, https:\/\/i0.wp.com\/pscg.me\/wp-content\/uploads\/2025\/06\/D4C069CE-C556-479C-BBA4-F631A7FE41AA.jpeg?resize=525%2C300&ssl=1 1.5x, https:\/\/i0.wp.com\/pscg.me\/wp-content\/uploads\/2025\/06\/D4C069CE-C556-479C-BBA4-F631A7FE41AA.jpeg?resize=700%2C400&ssl=1 2x, https:\/\/i0.wp.com\/pscg.me\/wp-content\/uploads\/2025\/06\/D4C069CE-C556-479C-BBA4-F631A7FE41AA.jpeg?resize=1050%2C600&ssl=1 3x"},"classes":[]},{"id":6726,"url":"https:\/\/pscg.me\/en\/planinski-festival-mojkovac-2025\/","url_meta":{"origin":6673,"position":1},"title":"(Montenegro) Planinski festival \u201cMojkovac 2025\u201d","author":"Tatjana Ivanovic","date":"Tuesday July  1st, 2025","format":false,"excerpt":"Sorry, this entry is only available in Montenegro.","rel":"","context":"In &quot;News&quot;","block_context":{"text":"News","link":"https:\/\/pscg.me\/en\/category\/novosti\/"},"img":{"alt_text":"","src":"https:\/\/i0.wp.com\/pscg.me\/wp-content\/uploads\/2025\/07\/IMG_8030-scaled.jpeg?resize=350%2C200&ssl=1","width":350,"height":200,"srcset":"https:\/\/i0.wp.com\/pscg.me\/wp-content\/uploads\/2025\/07\/IMG_8030-scaled.jpeg?resize=350%2C200&ssl=1 1x, https:\/\/i0.wp.com\/pscg.me\/wp-content\/uploads\/2025\/07\/IMG_8030-scaled.jpeg?resize=525%2C300&ssl=1 1.5x, https:\/\/i0.wp.com\/pscg.me\/wp-content\/uploads\/2025\/07\/IMG_8030-scaled.jpeg?resize=700%2C400&ssl=1 2x, https:\/\/i0.wp.com\/pscg.me\/wp-content\/uploads\/2025\/07\/IMG_8030-scaled.jpeg?resize=1050%2C600&ssl=1 3x, https:\/\/i0.wp.com\/pscg.me\/wp-content\/uploads\/2025\/07\/IMG_8030-scaled.jpeg?resize=1400%2C800&ssl=1 4x"},"classes":[]},{"id":3023,"url":"https:\/\/pscg.me\/en\/poziv-na-memorijalni-pohod-u-cast-dusana-bulatovica-dzambasa\/","url_meta":{"origin":6673,"position":2},"title":"(Montenegro) Poziv na memorijalni pohod u \u010dast Du\u0161ana Bulatovi\u0107a D\u017eambasa","author":"Tatjana Ivanovic","date":"Tuesday June  1st, 2021","format":false,"excerpt":"Sorry, this entry is only available in Montenegro.","rel":"","context":"In &quot;News&quot;","block_context":{"text":"News","link":"https:\/\/pscg.me\/en\/category\/novosti\/"},"img":{"alt_text":"","src":"https:\/\/i0.wp.com\/pscg.me\/wp-content\/uploads\/2021\/06\/Planinarski-dom-Dzambas.jpg?resize=350%2C200&ssl=1","width":350,"height":200,"srcset":"https:\/\/i0.wp.com\/pscg.me\/wp-content\/uploads\/2021\/06\/Planinarski-dom-Dzambas.jpg?resize=350%2C200&ssl=1 1x, https:\/\/i0.wp.com\/pscg.me\/wp-content\/uploads\/2021\/06\/Planinarski-dom-Dzambas.jpg?resize=525%2C300&ssl=1 1.5x, https:\/\/i0.wp.com\/pscg.me\/wp-content\/uploads\/2021\/06\/Planinarski-dom-Dzambas.jpg?resize=700%2C400&ssl=1 2x"},"classes":[]},{"id":6496,"url":"https:\/\/pscg.me\/en\/planinske-trke-prvo-i-drugo-kolo-lige-pscg-2025\/","url_meta":{"origin":6673,"position":3},"title":"(Montenegro) Planinske trke prvo i drugo kolo lige PSCG 2025","author":"Tatjana Ivanovic","date":"Sunday May  4th, 2025","format":false,"excerpt":"Sorry, this entry is only available in Montenegro.","rel":"","context":"In &quot;News&quot;","block_context":{"text":"News","link":"https:\/\/pscg.me\/en\/category\/novosti\/"},"img":{"alt_text":"","src":"https:\/\/i0.wp.com\/pscg.me\/wp-content\/uploads\/2025\/05\/IMG_6813-scaled.jpeg?resize=350%2C200&ssl=1","width":350,"height":200,"srcset":"https:\/\/i0.wp.com\/pscg.me\/wp-content\/uploads\/2025\/05\/IMG_6813-scaled.jpeg?resize=350%2C200&ssl=1 1x, https:\/\/i0.wp.com\/pscg.me\/wp-content\/uploads\/2025\/05\/IMG_6813-scaled.jpeg?resize=525%2C300&ssl=1 1.5x, https:\/\/i0.wp.com\/pscg.me\/wp-content\/uploads\/2025\/05\/IMG_6813-scaled.jpeg?resize=700%2C400&ssl=1 2x, https:\/\/i0.wp.com\/pscg.me\/wp-content\/uploads\/2025\/05\/IMG_6813-scaled.jpeg?resize=1050%2C600&ssl=1 3x, https:\/\/i0.wp.com\/pscg.me\/wp-content\/uploads\/2025\/05\/IMG_6813-scaled.jpeg?resize=1400%2C800&ssl=1 4x"},"classes":[]},{"id":4800,"url":"https:\/\/pscg.me\/en\/poziv-na-manifestaciju-planinski-festival-2023\/","url_meta":{"origin":6673,"position":4},"title":"(Montenegro) Poziv na manifestaciju Planinski festival &#8220;Pljevlja 2023&#8243;","author":"Tatjana Ivanovic","date":"Wednesday August  2nd, 2023","format":false,"excerpt":"Sorry, this entry is only available in Montenegro.","rel":"","context":"In &quot;News&quot;","block_context":{"text":"News","link":"https:\/\/pscg.me\/en\/category\/novosti\/"},"img":{"alt_text":"","src":"https:\/\/i0.wp.com\/pscg.me\/wp-content\/uploads\/2023\/08\/1-Planinski-festival-Pljevlja-2023.jpg?resize=350%2C200&ssl=1","width":350,"height":200,"srcset":"https:\/\/i0.wp.com\/pscg.me\/wp-content\/uploads\/2023\/08\/1-Planinski-festival-Pljevlja-2023.jpg?resize=350%2C200&ssl=1 1x, https:\/\/i0.wp.com\/pscg.me\/wp-content\/uploads\/2023\/08\/1-Planinski-festival-Pljevlja-2023.jpg?resize=525%2C300&ssl=1 1.5x, https:\/\/i0.wp.com\/pscg.me\/wp-content\/uploads\/2023\/08\/1-Planinski-festival-Pljevlja-2023.jpg?resize=700%2C400&ssl=1 2x, https:\/\/i0.wp.com\/pscg.me\/wp-content\/uploads\/2023\/08\/1-Planinski-festival-Pljevlja-2023.jpg?resize=1050%2C600&ssl=1 3x, https:\/\/i0.wp.com\/pscg.me\/wp-content\/uploads\/2023\/08\/1-Planinski-festival-Pljevlja-2023.jpg?resize=1400%2C800&ssl=1 4x"},"classes":[]},{"id":5525,"url":"https:\/\/pscg.me\/en\/pozivamo-vas-na-planinarski-pohod-proscenskim-planinama\/","url_meta":{"origin":6673,"position":5},"title":"(Montenegro) Pozivamo Vas na planinarski pohod \u201cPro\u0161\u0107enskim planinama\u201d","author":"Tatjana Ivanovic","date":"Sunday May 12th, 2024","format":false,"excerpt":"Sorry, this entry is only available in Montenegro.","rel":"","context":"In &quot;News&quot;","block_context":{"text":"News","link":"https:\/\/pscg.me\/en\/category\/novosti\/"},"img":{"alt_text":"","src":"https:\/\/i0.wp.com\/pscg.me\/wp-content\/uploads\/2024\/05\/2D0CB230-E3EA-4A8B-8F8D-70F222E9DDE1.jpeg?resize=350%2C200&ssl=1","width":350,"height":200,"srcset":"https:\/\/i0.wp.com\/pscg.me\/wp-content\/uploads\/2024\/05\/2D0CB230-E3EA-4A8B-8F8D-70F222E9DDE1.jpeg?resize=350%2C200&ssl=1 1x, https:\/\/i0.wp.com\/pscg.me\/wp-content\/uploads\/2024\/05\/2D0CB230-E3EA-4A8B-8F8D-70F222E9DDE1.jpeg?resize=525%2C300&ssl=1 1.5x, https:\/\/i0.wp.com\/pscg.me\/wp-content\/uploads\/2024\/05\/2D0CB230-E3EA-4A8B-8F8D-70F222E9DDE1.jpeg?resize=700%2C400&ssl=1 2x, https:\/\/i0.wp.com\/pscg.me\/wp-content\/uploads\/2024\/05\/2D0CB230-E3EA-4A8B-8F8D-70F222E9DDE1.jpeg?resize=1050%2C600&ssl=1 3x"},"classes":[]}],"jetpack_sharing_enabled":true,"jetpack_shortlink":"https:\/\/wp.me\/p9BVX3-1JD","_links":{"self":[{"href":"https:\/\/pscg.me\/en\/wp-json\/wp\/v2\/posts\/6673","targetHints":{"allow":["GET"]}}],"collection":[{"href":"https:\/\/pscg.me\/en\/wp-json\/wp\/v2\/posts"}],"about":[{"href":"https:\/\/pscg.me\/en\/wp-json\/wp\/v2\/types\/post"}],"author":[{"embeddable":true,"href":"https:\/\/pscg.me\/en\/wp-json\/wp\/v2\/users\/3"}],"replies":[{"embeddable":true,"href":"https:\/\/pscg.me\/en\/wp-json\/wp\/v2\/comments?post=6673"}],"version-history":[{"count":0,"href":"https:\/\/pscg.me\/en\/wp-json\/wp\/v2\/posts\/6673\/revisions"}],"wp:featuredmedia":[{"embeddable":true,"href":"https:\/\/pscg.me\/en\/wp-json\/wp\/v2\/media\/6674"}],"wp:attachment":[{"href":"https:\/\/pscg.me\/en\/wp-json\/wp\/v2\/media?parent=6673"}],"wp:term":[{"taxonomy":"category","embeddable":true,"href":"https:\/\/pscg.me\/en\/wp-json\/wp\/v2\/categories?post=6673"},{"taxonomy":"post_tag","embeddable":true,"href":"https:\/\/pscg.me\/en\/wp-json\/wp\/v2\/tags?post=6673"}],"curies":[{"name":"wp","href":"https:\/\/api.w.org\/{rel}","templated":true}]}}