{"id":6618,"date":"2025-05-28T20:14:05","date_gmt":"2025-05-28T19:14:05","guid":{"rendered":"https:\/\/pscg.me\/?p=6618"},"modified":"2025-05-28T20:14:05","modified_gmt":"2025-05-28T19:14:05","slug":"medjunarodni-nagradni-foto-konkurs-pscg-planine-crne-gore-ii","status":"publish","type":"post","link":"https:\/\/pscg.me\/en\/medjunarodni-nagradni-foto-konkurs-pscg-planine-crne-gore-ii\/","title":{"rendered":"(Montenegro) Me\u0111unarodni nagradni foto konkurs PSCG &#8220;Planine Crne Gore II&#8221;"},"content":{"rendered":"<p class=\"qtranxs-available-languages-message qtranxs-available-languages-message-en\">Sorry, this entry is only available in <a href=\"https:\/\/pscg.me\/sr\/wp-json\/wp\/v2\/posts\/6618\" class=\"qtranxs-available-language-link qtranxs-available-language-link-sr\" title=\"Montenegro\">Montenegro<\/a>.<\/p>","protected":false},"excerpt":{"rendered":"<p>Sorry, this entry is only available in Montenegro.<\/p>\n","protected":false},"author":3,"featured_media":6620,"comment_status":"open","ping_status":"open","sticky":false,"template":"","format":"standard","meta":{"jetpack_post_was_ever_published":false,"_jetpack_newsletter_access":"","_jetpack_dont_email_post_to_subs":false,"_jetpack_newsletter_tier_id":0,"_jetpack_memberships_contains_paywalled_content":false,"_jetpack_memberships_contains_paid_content":false,"footnotes":""},"categories":[3],"tags":[],"class_list":["post-6618","post","type-post","status-publish","format-standard","has-post-thumbnail","hentry","category-novosti"],"jetpack_featured_media_url":"https:\/\/pscg.me\/wp-content\/uploads\/2025\/05\/konkurs.jpg","jetpack_likes_enabled":true,"jetpack-related-posts":[{"id":2541,"url":"https:\/\/pscg.me\/en\/nagradni-konkurs-za-kratku-pricu\/","url_meta":{"origin":6618,"position":0},"title":"(Montenegro) Nagradni konkurs za kratku pri\u010du","author":"Tatjana Ivanovic","date":"Sunday April 19th, 2020","format":false,"excerpt":"Sorry, this entry is only available in Montenegro.","rel":"","context":"In &quot;News&quot;","block_context":{"text":"News","link":"https:\/\/pscg.me\/en\/category\/novosti\/"},"img":{"alt_text":"","src":"","width":0,"height":0},"classes":[]},{"id":6679,"url":"https:\/\/pscg.me\/en\/rezultati-medjunarodnog-nagradnog-konkursa-povodom-75-godina-pscg-a\/","url_meta":{"origin":6618,"position":1},"title":"(Montenegro) Rezultati me\u0111unarodnog nagradnog konkursa povodom 75 godina PSCG-a","author":"Tatjana Ivanovic","date":"Wednesday June 18th, 2025","format":false,"excerpt":"Sorry, this entry is only available in Montenegro.","rel":"","context":"In &quot;News&quot;","block_context":{"text":"News","link":"https:\/\/pscg.me\/en\/category\/novosti\/"},"img":{"alt_text":"","src":"https:\/\/i0.wp.com\/pscg.me\/wp-content\/uploads\/2025\/06\/IMG_6081.jpeg?resize=350%2C200&ssl=1","width":350,"height":200,"srcset":"https:\/\/i0.wp.com\/pscg.me\/wp-content\/uploads\/2025\/06\/IMG_6081.jpeg?resize=350%2C200&ssl=1 1x, https:\/\/i0.wp.com\/pscg.me\/wp-content\/uploads\/2025\/06\/IMG_6081.jpeg?resize=525%2C300&ssl=1 1.5x"},"classes":[]},{"id":3649,"url":"https:\/\/pscg.me\/en\/english-rezultati-medjunarodng-foto-konkursa-bmu\/","url_meta":{"origin":6618,"position":2},"title":"Rezultati me\u0111unarodng foto konkursa BMU","author":"Tatjana Ivanovic","date":"Wednesday December  8th, 2021","format":false,"excerpt":"Balkanska planinarska unija (BMU) je u aprilu 2021. godine organizovala me\u0111unarodni nagradni foto konkurs pod nazivom \"Du\u0161a planine\". Konkurs je bio otvoren za sve zainteresovane fotografe iz balkanskih zemalja i inostranstva. Ocjenjivanje Me\u0111unarodne nagrade za fotografije BMU izvr\u0161io je \u017eiri od 5 (pet) nezavisnih \u010dlanova razli\u010ditih zemalja: Planinarski savez TDF\u2026","rel":"","context":"In &quot;News&quot;","block_context":{"text":"News","link":"https:\/\/pscg.me\/en\/category\/novosti\/"},"img":{"alt_text":"","src":"https:\/\/i0.wp.com\/pscg.me\/wp-content\/uploads\/2022\/04\/1-mjesto.jpg?resize=350%2C200","width":350,"height":200,"srcset":"https:\/\/i0.wp.com\/pscg.me\/wp-content\/uploads\/2022\/04\/1-mjesto.jpg?resize=350%2C200 1x, https:\/\/i0.wp.com\/pscg.me\/wp-content\/uploads\/2022\/04\/1-mjesto.jpg?resize=525%2C300 1.5x, https:\/\/i0.wp.com\/pscg.me\/wp-content\/uploads\/2022\/04\/1-mjesto.jpg?resize=700%2C400 2x"},"classes":[]},{"id":1218,"url":"https:\/\/pscg.me\/en\/na-stedimu-odrzan-iii-medjunarodni-planinarski-tabor\/","url_meta":{"origin":6618,"position":3},"title":"(Montenegro) Na \u0160tedimu odr\u017ean III Me\u0111unarodni planinarski tabor","author":"Dragan Bulatovic","date":"Sunday July 29th, 2018","format":false,"excerpt":"Sorry, this entry is only available in Montenegro.","rel":"","context":"In &quot;News&quot;","block_context":{"text":"News","link":"https:\/\/pscg.me\/en\/category\/novosti\/"},"img":{"alt_text":"","src":"https:\/\/i0.wp.com\/pscg.me\/wp-content\/uploads\/2018\/07\/IMG_20180728_112059.jpg?resize=350%2C200&ssl=1","width":350,"height":200,"srcset":"https:\/\/i0.wp.com\/pscg.me\/wp-content\/uploads\/2018\/07\/IMG_20180728_112059.jpg?resize=350%2C200&ssl=1 1x, https:\/\/i0.wp.com\/pscg.me\/wp-content\/uploads\/2018\/07\/IMG_20180728_112059.jpg?resize=525%2C300&ssl=1 1.5x, https:\/\/i0.wp.com\/pscg.me\/wp-content\/uploads\/2018\/07\/IMG_20180728_112059.jpg?resize=700%2C400&ssl=1 2x, https:\/\/i0.wp.com\/pscg.me\/wp-content\/uploads\/2018\/07\/IMG_20180728_112059.jpg?resize=1050%2C600&ssl=1 3x, https:\/\/i0.wp.com\/pscg.me\/wp-content\/uploads\/2018\/07\/IMG_20180728_112059.jpg?resize=1400%2C800&ssl=1 4x"},"classes":[]},{"id":4269,"url":"https:\/\/pscg.me\/en\/zene-pomjeraju-planine-medjunarodni-dan-planina-11-decembar\/","url_meta":{"origin":6618,"position":4},"title":"(Montenegro) \u017dene pomjeraju planine &#8211; Me\u0111unarodni dan planina 11. decembar","author":"Tatjana Ivanovic","date":"Sunday December 11th, 2022","format":false,"excerpt":"Sorry, this entry is only available in Montenegro.","rel":"","context":"In &quot;News&quot;","block_context":{"text":"News","link":"https:\/\/pscg.me\/en\/category\/novosti\/"},"img":{"alt_text":"","src":"https:\/\/i0.wp.com\/pscg.me\/wp-content\/uploads\/2022\/12\/Untitled.jpg?resize=350%2C200&ssl=1","width":350,"height":200,"srcset":"https:\/\/i0.wp.com\/pscg.me\/wp-content\/uploads\/2022\/12\/Untitled.jpg?resize=350%2C200&ssl=1 1x, https:\/\/i0.wp.com\/pscg.me\/wp-content\/uploads\/2022\/12\/Untitled.jpg?resize=525%2C300&ssl=1 1.5x, https:\/\/i0.wp.com\/pscg.me\/wp-content\/uploads\/2022\/12\/Untitled.jpg?resize=700%2C400&ssl=1 2x"},"classes":[]},{"id":5197,"url":"https:\/\/pscg.me\/en\/medjunarodni-dan-planina-11-decembar-obnova-planinskih-ekosistema\/","url_meta":{"origin":6618,"position":5},"title":"(Montenegro) Me\u0111unarodni Dan planina 11. decembar \u2013 Obnova planinskih ekosistema","author":"Tatjana Ivanovic","date":"Sunday December 10th, 2023","format":false,"excerpt":"Sorry, this entry is only available in Montenegro.","rel":"","context":"In &quot;News&quot;","block_context":{"text":"News","link":"https:\/\/pscg.me\/en\/category\/novosti\/"},"img":{"alt_text":"","src":"https:\/\/i0.wp.com\/pscg.me\/wp-content\/uploads\/2023\/12\/Medjunarodni-dan-planina-2023.jpg?resize=350%2C200&ssl=1","width":350,"height":200,"srcset":"https:\/\/i0.wp.com\/pscg.me\/wp-content\/uploads\/2023\/12\/Medjunarodni-dan-planina-2023.jpg?resize=350%2C200&ssl=1 1x, https:\/\/i0.wp.com\/pscg.me\/wp-content\/uploads\/2023\/12\/Medjunarodni-dan-planina-2023.jpg?resize=525%2C300&ssl=1 1.5x, https:\/\/i0.wp.com\/pscg.me\/wp-content\/uploads\/2023\/12\/Medjunarodni-dan-planina-2023.jpg?resize=700%2C400&ssl=1 2x"},"classes":[]}],"jetpack_sharing_enabled":true,"jetpack_shortlink":"https:\/\/wp.me\/p9BVX3-1IK","_links":{"self":[{"href":"https:\/\/pscg.me\/en\/wp-json\/wp\/v2\/posts\/6618","targetHints":{"allow":["GET"]}}],"collection":[{"href":"https:\/\/pscg.me\/en\/wp-json\/wp\/v2\/posts"}],"about":[{"href":"https:\/\/pscg.me\/en\/wp-json\/wp\/v2\/types\/post"}],"author":[{"embeddable":true,"href":"https:\/\/pscg.me\/en\/wp-json\/wp\/v2\/users\/3"}],"replies":[{"embeddable":true,"href":"https:\/\/pscg.me\/en\/wp-json\/wp\/v2\/comments?post=6618"}],"version-history":[{"count":0,"href":"https:\/\/pscg.me\/en\/wp-json\/wp\/v2\/posts\/6618\/revisions"}],"wp:featuredmedia":[{"embeddable":true,"href":"https:\/\/pscg.me\/en\/wp-json\/wp\/v2\/media\/6620"}],"wp:attachment":[{"href":"https:\/\/pscg.me\/en\/wp-json\/wp\/v2\/media?parent=6618"}],"wp:term":[{"taxonomy":"category","embeddable":true,"href":"https:\/\/pscg.me\/en\/wp-json\/wp\/v2\/categories?post=6618"},{"taxonomy":"post_tag","embeddable":true,"href":"https:\/\/pscg.me\/en\/wp-json\/wp\/v2\/tags?post=6618"}],"curies":[{"name":"wp","href":"https:\/\/api.w.org\/{rel}","templated":true}]}}