{"id":6580,"date":"2025-05-22T12:59:52","date_gmt":"2025-05-22T11:59:52","guid":{"rendered":"https:\/\/pscg.me\/?p=6580"},"modified":"2025-05-22T12:59:52","modified_gmt":"2025-05-22T11:59:52","slug":"izvjestaj-sa-pohoda-proscenskim-planinama","status":"publish","type":"post","link":"https:\/\/pscg.me\/en\/izvjestaj-sa-pohoda-proscenskim-planinama\/","title":{"rendered":"(Montenegro) IZVJE\u0160TAJ SA POHODA \u201cPRO\u0160\u0106ENSKIM PLANINAMA"},"content":{"rendered":"<p class=\"qtranxs-available-languages-message qtranxs-available-languages-message-en\">Sorry, this entry is only available in <a href=\"https:\/\/pscg.me\/sr\/wp-json\/wp\/v2\/posts\/6580\" class=\"qtranxs-available-language-link qtranxs-available-language-link-sr\" title=\"Montenegro\">Montenegro<\/a>.<\/p>","protected":false},"excerpt":{"rendered":"<p>Sorry, this entry is only available in Montenegro.<\/p>\n","protected":false},"author":3,"featured_media":6581,"comment_status":"open","ping_status":"open","sticky":false,"template":"","format":"standard","meta":{"jetpack_post_was_ever_published":false,"_jetpack_newsletter_access":"","_jetpack_dont_email_post_to_subs":false,"_jetpack_newsletter_tier_id":0,"_jetpack_memberships_contains_paywalled_content":false,"_jetpack_memberships_contains_paid_content":false,"footnotes":""},"categories":[3],"tags":[],"class_list":["post-6580","post","type-post","status-publish","format-standard","has-post-thumbnail","hentry","category-novosti"],"jetpack_featured_media_url":"https:\/\/pscg.me\/wp-content\/uploads\/2025\/05\/IMG_7313.jpeg","jetpack_likes_enabled":true,"jetpack-related-posts":[{"id":4567,"url":"https:\/\/pscg.me\/en\/planinari-proveli-dan-u-bajkovitim-proscenskim-planinama\/","url_meta":{"origin":6580,"position":0},"title":"(Montenegro) Planinari proveli dan u bajkovitim Pro\u0161\u0107enskim planinama","author":"Tatjana Ivanovic","date":"Thursday June  1st, 2023","format":false,"excerpt":"Sorry, this entry is only available in Montenegro.","rel":"","context":"In &quot;News&quot;","block_context":{"text":"News","link":"https:\/\/pscg.me\/en\/category\/novosti\/"},"img":{"alt_text":"","src":"https:\/\/i0.wp.com\/pscg.me\/wp-content\/uploads\/2023\/06\/Proscenske-planine-1.jpg?resize=350%2C200&ssl=1","width":350,"height":200,"srcset":"https:\/\/i0.wp.com\/pscg.me\/wp-content\/uploads\/2023\/06\/Proscenske-planine-1.jpg?resize=350%2C200&ssl=1 1x, https:\/\/i0.wp.com\/pscg.me\/wp-content\/uploads\/2023\/06\/Proscenske-planine-1.jpg?resize=525%2C300&ssl=1 1.5x, https:\/\/i0.wp.com\/pscg.me\/wp-content\/uploads\/2023\/06\/Proscenske-planine-1.jpg?resize=700%2C400&ssl=1 2x, https:\/\/i0.wp.com\/pscg.me\/wp-content\/uploads\/2023\/06\/Proscenske-planine-1.jpg?resize=1050%2C600&ssl=1 3x, https:\/\/i0.wp.com\/pscg.me\/wp-content\/uploads\/2023\/06\/Proscenske-planine-1.jpg?resize=1400%2C800&ssl=1 4x"},"classes":[]},{"id":3713,"url":"https:\/\/pscg.me\/en\/vi-tradicionalni-planinarski-pohod-proscenskim-planinama\/","url_meta":{"origin":6580,"position":1},"title":"(Montenegro) VI TRADICIONALNI PLANINARSKI POHOD  PRO\u0160\u0106ENSKIM PLANINAMA","author":"Tatjana Ivanovic","date":"Tuesday May 10th, 2022","format":false,"excerpt":"Sorry, this entry is only available in Montenegro.","rel":"","context":"In &quot;News&quot;","block_context":{"text":"News","link":"https:\/\/pscg.me\/en\/category\/novosti\/"},"img":{"alt_text":"","src":"https:\/\/i0.wp.com\/pscg.me\/wp-content\/uploads\/2022\/05\/Dom-Proscenske-planine.jpg?resize=350%2C200&ssl=1","width":350,"height":200,"srcset":"https:\/\/i0.wp.com\/pscg.me\/wp-content\/uploads\/2022\/05\/Dom-Proscenske-planine.jpg?resize=350%2C200&ssl=1 1x, https:\/\/i0.wp.com\/pscg.me\/wp-content\/uploads\/2022\/05\/Dom-Proscenske-planine.jpg?resize=525%2C300&ssl=1 1.5x, https:\/\/i0.wp.com\/pscg.me\/wp-content\/uploads\/2022\/05\/Dom-Proscenske-planine.jpg?resize=700%2C400&ssl=1 2x, https:\/\/i0.wp.com\/pscg.me\/wp-content\/uploads\/2022\/05\/Dom-Proscenske-planine.jpg?resize=1050%2C600&ssl=1 3x"},"classes":[]},{"id":5525,"url":"https:\/\/pscg.me\/en\/pozivamo-vas-na-planinarski-pohod-proscenskim-planinama\/","url_meta":{"origin":6580,"position":2},"title":"(Montenegro) Pozivamo Vas na planinarski pohod \u201cPro\u0161\u0107enskim planinama\u201d","author":"Tatjana Ivanovic","date":"Sunday May 12th, 2024","format":false,"excerpt":"Sorry, this entry is only available in Montenegro.","rel":"","context":"In &quot;News&quot;","block_context":{"text":"News","link":"https:\/\/pscg.me\/en\/category\/novosti\/"},"img":{"alt_text":"","src":"https:\/\/i0.wp.com\/pscg.me\/wp-content\/uploads\/2024\/05\/2D0CB230-E3EA-4A8B-8F8D-70F222E9DDE1.jpeg?resize=350%2C200&ssl=1","width":350,"height":200,"srcset":"https:\/\/i0.wp.com\/pscg.me\/wp-content\/uploads\/2024\/05\/2D0CB230-E3EA-4A8B-8F8D-70F222E9DDE1.jpeg?resize=350%2C200&ssl=1 1x, https:\/\/i0.wp.com\/pscg.me\/wp-content\/uploads\/2024\/05\/2D0CB230-E3EA-4A8B-8F8D-70F222E9DDE1.jpeg?resize=525%2C300&ssl=1 1.5x, https:\/\/i0.wp.com\/pscg.me\/wp-content\/uploads\/2024\/05\/2D0CB230-E3EA-4A8B-8F8D-70F222E9DDE1.jpeg?resize=700%2C400&ssl=1 2x, https:\/\/i0.wp.com\/pscg.me\/wp-content\/uploads\/2024\/05\/2D0CB230-E3EA-4A8B-8F8D-70F222E9DDE1.jpeg?resize=1050%2C600&ssl=1 3x"},"classes":[]},{"id":6543,"url":"https:\/\/pscg.me\/en\/poziv-na-planinarski-pohid-proscenskim-planinama\/","url_meta":{"origin":6580,"position":3},"title":"(Montenegro) Poziv na planinarski pohod Pro\u0161\u0107enskim planinama","author":"Tatjana Ivanovic","date":"Friday May  9th, 2025","format":false,"excerpt":"Sorry, this entry is only available in Montenegro.","rel":"","context":"In &quot;News&quot;","block_context":{"text":"News","link":"https:\/\/pscg.me\/en\/category\/novosti\/"},"img":{"alt_text":"","src":"https:\/\/i0.wp.com\/pscg.me\/wp-content\/uploads\/2025\/05\/B1E603A4-270D-4279-9AC3-D32E82CEC3E2.jpeg?resize=350%2C200&ssl=1","width":350,"height":200,"srcset":"https:\/\/i0.wp.com\/pscg.me\/wp-content\/uploads\/2025\/05\/B1E603A4-270D-4279-9AC3-D32E82CEC3E2.jpeg?resize=350%2C200&ssl=1 1x, https:\/\/i0.wp.com\/pscg.me\/wp-content\/uploads\/2025\/05\/B1E603A4-270D-4279-9AC3-D32E82CEC3E2.jpeg?resize=525%2C300&ssl=1 1.5x, https:\/\/i0.wp.com\/pscg.me\/wp-content\/uploads\/2025\/05\/B1E603A4-270D-4279-9AC3-D32E82CEC3E2.jpeg?resize=700%2C400&ssl=1 2x, https:\/\/i0.wp.com\/pscg.me\/wp-content\/uploads\/2025\/05\/B1E603A4-270D-4279-9AC3-D32E82CEC3E2.jpeg?resize=1050%2C600&ssl=1 3x"},"classes":[]},{"id":3731,"url":"https:\/\/pscg.me\/en\/izvjestaj-o-realizaciji-planinarskog-pohoda-na-proscenske-planine\/","url_meta":{"origin":6580,"position":4},"title":"(Montenegro) Izvje\u0161taj o realizaciji planinarskog pohoda na Pro\u0161\u0107enske planine","author":"Tatjana Ivanovic","date":"Monday May 30th, 2022","format":false,"excerpt":"Sorry, this entry is only available in Montenegro.","rel":"","context":"In &quot;News&quot;","block_context":{"text":"News","link":"https:\/\/pscg.me\/en\/category\/novosti\/"},"img":{"alt_text":"","src":"https:\/\/i0.wp.com\/pscg.me\/wp-content\/uploads\/2022\/05\/3-Proscenske-planine.jpg?resize=350%2C200&ssl=1","width":350,"height":200,"srcset":"https:\/\/i0.wp.com\/pscg.me\/wp-content\/uploads\/2022\/05\/3-Proscenske-planine.jpg?resize=350%2C200&ssl=1 1x, https:\/\/i0.wp.com\/pscg.me\/wp-content\/uploads\/2022\/05\/3-Proscenske-planine.jpg?resize=525%2C300&ssl=1 1.5x, https:\/\/i0.wp.com\/pscg.me\/wp-content\/uploads\/2022\/05\/3-Proscenske-planine.jpg?resize=700%2C400&ssl=1 2x, https:\/\/i0.wp.com\/pscg.me\/wp-content\/uploads\/2022\/05\/3-Proscenske-planine.jpg?resize=1050%2C600&ssl=1 3x"},"classes":[]},{"id":3629,"url":"https:\/\/pscg.me\/en\/izvjestaj-sa-tradicionalnog-pohoda-na-proscenske-planine\/","url_meta":{"origin":6580,"position":5},"title":"(Montenegro) Izvje\u0161taj sa tradicionalnog pohoda na Pro\u0161\u0107enske planine","author":"Tatjana Ivanovic","date":"Saturday May 29th, 2021","format":false,"excerpt":"Sorry, this entry is only available in Montenegro.","rel":"","context":"In &quot;News&quot;","block_context":{"text":"News","link":"https:\/\/pscg.me\/en\/category\/novosti\/"},"img":{"alt_text":"","src":"https:\/\/i0.wp.com\/pscg.me\/wp-content\/uploads\/2022\/03\/8-1.jpg?resize=350%2C200&ssl=1","width":350,"height":200,"srcset":"https:\/\/i0.wp.com\/pscg.me\/wp-content\/uploads\/2022\/03\/8-1.jpg?resize=350%2C200&ssl=1 1x, https:\/\/i0.wp.com\/pscg.me\/wp-content\/uploads\/2022\/03\/8-1.jpg?resize=525%2C300&ssl=1 1.5x, https:\/\/i0.wp.com\/pscg.me\/wp-content\/uploads\/2022\/03\/8-1.jpg?resize=700%2C400&ssl=1 2x, https:\/\/i0.wp.com\/pscg.me\/wp-content\/uploads\/2022\/03\/8-1.jpg?resize=1050%2C600&ssl=1 3x, https:\/\/i0.wp.com\/pscg.me\/wp-content\/uploads\/2022\/03\/8-1.jpg?resize=1400%2C800&ssl=1 4x"},"classes":[]}],"jetpack_sharing_enabled":true,"jetpack_shortlink":"https:\/\/wp.me\/p9BVX3-1I8","_links":{"self":[{"href":"https:\/\/pscg.me\/en\/wp-json\/wp\/v2\/posts\/6580","targetHints":{"allow":["GET"]}}],"collection":[{"href":"https:\/\/pscg.me\/en\/wp-json\/wp\/v2\/posts"}],"about":[{"href":"https:\/\/pscg.me\/en\/wp-json\/wp\/v2\/types\/post"}],"author":[{"embeddable":true,"href":"https:\/\/pscg.me\/en\/wp-json\/wp\/v2\/users\/3"}],"replies":[{"embeddable":true,"href":"https:\/\/pscg.me\/en\/wp-json\/wp\/v2\/comments?post=6580"}],"version-history":[{"count":0,"href":"https:\/\/pscg.me\/en\/wp-json\/wp\/v2\/posts\/6580\/revisions"}],"wp:featuredmedia":[{"embeddable":true,"href":"https:\/\/pscg.me\/en\/wp-json\/wp\/v2\/media\/6581"}],"wp:attachment":[{"href":"https:\/\/pscg.me\/en\/wp-json\/wp\/v2\/media?parent=6580"}],"wp:term":[{"taxonomy":"category","embeddable":true,"href":"https:\/\/pscg.me\/en\/wp-json\/wp\/v2\/categories?post=6580"},{"taxonomy":"post_tag","embeddable":true,"href":"https:\/\/pscg.me\/en\/wp-json\/wp\/v2\/tags?post=6580"}],"curies":[{"name":"wp","href":"https:\/\/api.w.org\/{rel}","templated":true}]}}