{"id":6301,"date":"2025-02-24T20:39:14","date_gmt":"2025-02-24T19:39:14","guid":{"rendered":"https:\/\/pscg.me\/?p=6301"},"modified":"2025-02-27T09:20:15","modified_gmt":"2025-02-27T08:20:15","slug":"izvjestaj-o-pripravnickim-akcijama-planinarskih-vodica-pscg-kategorija-a1","status":"publish","type":"post","link":"https:\/\/pscg.me\/en\/izvjestaj-o-pripravnickim-akcijama-planinarskih-vodica-pscg-kategorija-a1\/","title":{"rendered":"(Montenegro) Izvje\u0161taj o pripravni\u010dkim akcijama planinarskih vodi\u010da PSCG &#8211; Kategorija A1"},"content":{"rendered":"<p class=\"qtranxs-available-languages-message qtranxs-available-languages-message-en\">Sorry, this entry is only available in <a href=\"https:\/\/pscg.me\/sr\/wp-json\/wp\/v2\/posts\/6301\" class=\"qtranxs-available-language-link qtranxs-available-language-link-sr\" title=\"Montenegro\">Montenegro<\/a>.<\/p>","protected":false},"excerpt":{"rendered":"<p>Sorry, this entry is only available in Montenegro.<\/p>\n","protected":false},"author":3,"featured_media":6302,"comment_status":"open","ping_status":"open","sticky":false,"template":"","format":"standard","meta":{"jetpack_post_was_ever_published":false,"_jetpack_newsletter_access":"","_jetpack_dont_email_post_to_subs":false,"_jetpack_newsletter_tier_id":0,"_jetpack_memberships_contains_paywalled_content":false,"_jetpack_memberships_contains_paid_content":false,"footnotes":""},"categories":[3],"tags":[],"class_list":["post-6301","post","type-post","status-publish","format-standard","has-post-thumbnail","hentry","category-novosti"],"jetpack_featured_media_url":"https:\/\/pscg.me\/wp-content\/uploads\/2025\/02\/IMG_5908-scaled.jpeg","jetpack_likes_enabled":true,"jetpack-related-posts":[{"id":6930,"url":"https:\/\/pscg.me\/en\/poziv-za-prijavu-kandidata-za-obuku-planinarskih-vodica-pscg-2025-kategorija-a1\/","url_meta":{"origin":6301,"position":0},"title":"(Montenegro) POZIV ZA PRIJAVU KANDIDATA ZA OBUKU PLANINARSKIH VODI\u010cA PSCG 2025 \u2013 KATEGORIJA A1","author":"Tatjana Ivanovic","date":"Wednesday October  8th, 2025","format":false,"excerpt":"Sorry, this entry is only available in Montenegro.","rel":"","context":"In &quot;News&quot;","block_context":{"text":"News","link":"https:\/\/pscg.me\/en\/category\/novosti\/"},"img":{"alt_text":"","src":"https:\/\/i0.wp.com\/pscg.me\/wp-content\/uploads\/2025\/06\/IMG_6081.jpeg?resize=350%2C200&ssl=1","width":350,"height":200,"srcset":"https:\/\/i0.wp.com\/pscg.me\/wp-content\/uploads\/2025\/06\/IMG_6081.jpeg?resize=350%2C200&ssl=1 1x, https:\/\/i0.wp.com\/pscg.me\/wp-content\/uploads\/2025\/06\/IMG_6081.jpeg?resize=525%2C300&ssl=1 1.5x"},"classes":[]},{"id":5775,"url":"https:\/\/pscg.me\/en\/nakon-12-godina-u-crnoj-gori-odrzana-obuka-za-planinarske-vodice-pscg\/","url_meta":{"origin":6301,"position":1},"title":"(Montenegro) Nakon 17 godina u Crnoj Gori odr\u017eana obuka za planinarske vodi\u010de PSCG","author":"Tatjana Ivanovic","date":"Sunday July 28th, 2024","format":false,"excerpt":"Sorry, this entry is only available in Montenegro.","rel":"","context":"In &quot;News&quot;","block_context":{"text":"News","link":"https:\/\/pscg.me\/en\/category\/novosti\/"},"img":{"alt_text":"","src":"","width":0,"height":0},"classes":[]},{"id":2075,"url":"https:\/\/pscg.me\/en\/planinski-festival-durmitor-2019-zabljak-12-14-jul\/","url_meta":{"origin":6301,"position":2},"title":"(Montenegro) Planinski festival DURMITOR 2019 &#8211; \u017dabljak 12-14. jul","author":"Tatjana Ivanovic","date":"Friday July  5th, 2019","format":false,"excerpt":"Sorry, this entry is only available in Montenegro.","rel":"","context":"In &quot;News&quot;","block_context":{"text":"News","link":"https:\/\/pscg.me\/en\/category\/novosti\/"},"img":{"alt_text":"","src":"https:\/\/i0.wp.com\/pscg.me\/wp-content\/uploads\/2019\/07\/Flajer-a-strana.jpg?resize=350%2C200&ssl=1","width":350,"height":200,"srcset":"https:\/\/i0.wp.com\/pscg.me\/wp-content\/uploads\/2019\/07\/Flajer-a-strana.jpg?resize=350%2C200&ssl=1 1x, https:\/\/i0.wp.com\/pscg.me\/wp-content\/uploads\/2019\/07\/Flajer-a-strana.jpg?resize=525%2C300&ssl=1 1.5x, https:\/\/i0.wp.com\/pscg.me\/wp-content\/uploads\/2019\/07\/Flajer-a-strana.jpg?resize=700%2C400&ssl=1 2x"},"classes":[]},{"id":2327,"url":"https:\/\/pscg.me\/en\/obavjestenje-o-zatvaranju-planinarskih-staza\/","url_meta":{"origin":6301,"position":3},"title":"(Montenegro) Obavje\u0161tenje o zatvaranju planinarskih staza","author":"Tatjana Ivanovic","date":"Friday November 15th, 2019","format":false,"excerpt":"Sorry, this entry is only available in Montenegro.","rel":"","context":"In &quot;News&quot;","block_context":{"text":"News","link":"https:\/\/pscg.me\/en\/category\/novosti\/"},"img":{"alt_text":"","src":"https:\/\/i0.wp.com\/pscg.me\/wp-content\/uploads\/2019\/05\/Logo-komisije-Pavle.png?resize=350%2C200&ssl=1","width":350,"height":200},"classes":[]},{"id":3378,"url":"https:\/\/pscg.me\/en\/planinari-iz-crne-gore-pohodili-rilu\/","url_meta":{"origin":6301,"position":4},"title":"(Montenegro) Planinari iz Crne Gore pohodili Rilu","author":"Tatjana Ivanovic","date":"Wednesday August 25th, 2021","format":false,"excerpt":"Sorry, this entry is only available in Montenegro.","rel":"","context":"In &quot;News&quot;","block_context":{"text":"News","link":"https:\/\/pscg.me\/en\/category\/novosti\/"},"img":{"alt_text":"","src":"https:\/\/i0.wp.com\/pscg.me\/wp-content\/uploads\/2021\/12\/Rila-5.jpg?resize=350%2C200&ssl=1","width":350,"height":200,"srcset":"https:\/\/i0.wp.com\/pscg.me\/wp-content\/uploads\/2021\/12\/Rila-5.jpg?resize=350%2C200&ssl=1 1x, https:\/\/i0.wp.com\/pscg.me\/wp-content\/uploads\/2021\/12\/Rila-5.jpg?resize=525%2C300&ssl=1 1.5x, https:\/\/i0.wp.com\/pscg.me\/wp-content\/uploads\/2021\/12\/Rila-5.jpg?resize=700%2C400&ssl=1 2x, https:\/\/i0.wp.com\/pscg.me\/wp-content\/uploads\/2021\/12\/Rila-5.jpg?resize=1050%2C600&ssl=1 3x, https:\/\/i0.wp.com\/pscg.me\/wp-content\/uploads\/2021\/12\/Rila-5.jpg?resize=1400%2C800&ssl=1 4x"},"classes":[]},{"id":3881,"url":"https:\/\/pscg.me\/en\/saopstenje-upozorenje-korisnicima-planinarskih-staza-u-crnoj-gori\/","url_meta":{"origin":6301,"position":5},"title":"(Montenegro) Saop\u0161tenje &#8211; upozorenje korisnicima planinarskih staza u Crnoj Gori","author":"Tatjana Ivanovic","date":"Wednesday July 27th, 2022","format":false,"excerpt":"Sorry, this entry is only available in Montenegro.","rel":"","context":"In &quot;News&quot;","block_context":{"text":"News","link":"https:\/\/pscg.me\/en\/category\/novosti\/"},"img":{"alt_text":"","src":"https:\/\/i0.wp.com\/pscg.me\/wp-content\/uploads\/2021\/01\/Logo-Komisije-za-pjesacke-puteve-planinarske-staze-i-registar.jpg?resize=350%2C200&ssl=1","width":350,"height":200},"classes":[]}],"jetpack_sharing_enabled":true,"jetpack_shortlink":"https:\/\/wp.me\/p9BVX3-1DD","_links":{"self":[{"href":"https:\/\/pscg.me\/en\/wp-json\/wp\/v2\/posts\/6301","targetHints":{"allow":["GET"]}}],"collection":[{"href":"https:\/\/pscg.me\/en\/wp-json\/wp\/v2\/posts"}],"about":[{"href":"https:\/\/pscg.me\/en\/wp-json\/wp\/v2\/types\/post"}],"author":[{"embeddable":true,"href":"https:\/\/pscg.me\/en\/wp-json\/wp\/v2\/users\/3"}],"replies":[{"embeddable":true,"href":"https:\/\/pscg.me\/en\/wp-json\/wp\/v2\/comments?post=6301"}],"version-history":[{"count":0,"href":"https:\/\/pscg.me\/en\/wp-json\/wp\/v2\/posts\/6301\/revisions"}],"wp:featuredmedia":[{"embeddable":true,"href":"https:\/\/pscg.me\/en\/wp-json\/wp\/v2\/media\/6302"}],"wp:attachment":[{"href":"https:\/\/pscg.me\/en\/wp-json\/wp\/v2\/media?parent=6301"}],"wp:term":[{"taxonomy":"category","embeddable":true,"href":"https:\/\/pscg.me\/en\/wp-json\/wp\/v2\/categories?post=6301"},{"taxonomy":"post_tag","embeddable":true,"href":"https:\/\/pscg.me\/en\/wp-json\/wp\/v2\/tags?post=6301"}],"curies":[{"name":"wp","href":"https:\/\/api.w.org\/{rel}","templated":true}]}}