{"id":6134,"date":"2025-01-15T16:15:56","date_gmt":"2025-01-15T15:15:56","guid":{"rendered":"https:\/\/pscg.me\/?p=6134"},"modified":"2025-01-15T17:42:49","modified_gmt":"2025-01-15T16:42:49","slug":"poziv-na-memorijalni-zimski-pohod-nenad-vukomanovic-vuksin-mars-2025","status":"publish","type":"post","link":"https:\/\/pscg.me\/en\/poziv-na-memorijalni-zimski-pohod-nenad-vukomanovic-vuksin-mars-2025\/","title":{"rendered":"(Montenegro) POZIV NA MEMORIJALNI ZIMSKI POHOD \u201eNENAD VUKOMANOVI\u0106 &#8211; VUK\u0160IN MAR\u0160 2025\u201d"},"content":{"rendered":"<p class=\"qtranxs-available-languages-message qtranxs-available-languages-message-en\">Sorry, this entry is only available in <a href=\"https:\/\/pscg.me\/sr\/wp-json\/wp\/v2\/posts\/6134\" class=\"qtranxs-available-language-link qtranxs-available-language-link-sr\" title=\"Montenegro\">Montenegro<\/a>.<\/p>","protected":false},"excerpt":{"rendered":"<p>Sorry, this entry is only available in Montenegro.<\/p>\n","protected":false},"author":3,"featured_media":6135,"comment_status":"open","ping_status":"open","sticky":false,"template":"","format":"standard","meta":{"jetpack_post_was_ever_published":false,"_jetpack_newsletter_access":"","_jetpack_dont_email_post_to_subs":false,"_jetpack_newsletter_tier_id":0,"_jetpack_memberships_contains_paywalled_content":false,"_jetpack_memberships_contains_paid_content":false,"footnotes":""},"categories":[3],"tags":[],"class_list":["post-6134","post","type-post","status-publish","format-standard","has-post-thumbnail","hentry","category-novosti"],"jetpack_featured_media_url":"https:\/\/pscg.me\/wp-content\/uploads\/2025\/01\/A02449D0-EEFD-486E-B06D-372F2A82F9F3.jpeg","jetpack_likes_enabled":true,"jetpack-related-posts":[{"id":3451,"url":"https:\/\/pscg.me\/en\/poziv-na-memorijalni-zimski-pohod-na-skijama-i-krpljama-nenad-vukomanovic-vuksin-mars-2022\/","url_meta":{"origin":6134,"position":0},"title":"(Montenegro) Poziv na memorijalni zimski pohod na skijama i krpljama Nenad Vukomanovi\u0107 &#8211; Vuk\u0161in mar\u0161 2022","author":"Tatjana Ivanovic","date":"Friday February  4th, 2022","format":false,"excerpt":"Sorry, this entry is only available in Montenegro.","rel":"","context":"In &quot;News&quot;","block_context":{"text":"News","link":"https:\/\/pscg.me\/en\/category\/novosti\/"},"img":{"alt_text":"","src":"https:\/\/i0.wp.com\/pscg.me\/wp-content\/uploads\/2019\/01\/Amblem-Kluba.jpg?resize=350%2C200&ssl=1","width":350,"height":200,"srcset":"https:\/\/i0.wp.com\/pscg.me\/wp-content\/uploads\/2019\/01\/Amblem-Kluba.jpg?resize=350%2C200&ssl=1 1x, https:\/\/i0.wp.com\/pscg.me\/wp-content\/uploads\/2019\/01\/Amblem-Kluba.jpg?resize=525%2C300&ssl=1 1.5x, https:\/\/i0.wp.com\/pscg.me\/wp-content\/uploads\/2019\/01\/Amblem-Kluba.jpg?resize=700%2C400&ssl=1 2x"},"classes":[]},{"id":5254,"url":"https:\/\/pscg.me\/en\/7-memorijalni-zimski-pohod-na-skijama-i-krpljama-nenad-vukomanovic-vuksin-mars-2024\/","url_meta":{"origin":6134,"position":1},"title":"(Montenegro) 7. Memorijalni zimski pohod na skijama i krpljama \u201cNenad Vukomanovi\u0107-Vuk\u0161in mar\u0161 2024\u201d","author":"Tatjana Ivanovic","date":"Monday January 22nd, 2024","format":false,"excerpt":"Sorry, this entry is only available in Montenegro.","rel":"","context":"In &quot;News&quot;","block_context":{"text":"News","link":"https:\/\/pscg.me\/en\/category\/novosti\/"},"img":{"alt_text":"","src":"https:\/\/i0.wp.com\/pscg.me\/wp-content\/uploads\/2024\/01\/B7EEA12B-ED65-408D-A3AD-59E1BF5D4E84.jpeg?resize=350%2C200&ssl=1","width":350,"height":200,"srcset":"https:\/\/i0.wp.com\/pscg.me\/wp-content\/uploads\/2024\/01\/B7EEA12B-ED65-408D-A3AD-59E1BF5D4E84.jpeg?resize=350%2C200&ssl=1 1x, https:\/\/i0.wp.com\/pscg.me\/wp-content\/uploads\/2024\/01\/B7EEA12B-ED65-408D-A3AD-59E1BF5D4E84.jpeg?resize=525%2C300&ssl=1 1.5x, https:\/\/i0.wp.com\/pscg.me\/wp-content\/uploads\/2024\/01\/B7EEA12B-ED65-408D-A3AD-59E1BF5D4E84.jpeg?resize=700%2C400&ssl=1 2x, https:\/\/i0.wp.com\/pscg.me\/wp-content\/uploads\/2024\/01\/B7EEA12B-ED65-408D-A3AD-59E1BF5D4E84.jpeg?resize=1050%2C600&ssl=1 3x"},"classes":[]},{"id":4329,"url":"https:\/\/pscg.me\/en\/6-memorijalni-zimski-pohod-na-skijama-i-krpljama-nenad-vukomanovic-vuksin-mars-2023\/","url_meta":{"origin":6134,"position":2},"title":"(Montenegro) 6. MEMORIJALNI ZIMSKI POHOD NA SKIJAMA I KRPLJAMA NENAD VUKOMANOVI\u0106 &#8211; VUK\u0160IN MAR\u0160 2023.","author":"Tatjana Ivanovic","date":"Friday January 13th, 2023","format":false,"excerpt":"Sorry, this entry is only available in Montenegro.","rel":"","context":"In &quot;News&quot;","block_context":{"text":"News","link":"https:\/\/pscg.me\/en\/category\/novosti\/"},"img":{"alt_text":"","src":"https:\/\/i0.wp.com\/pscg.me\/wp-content\/uploads\/2023\/01\/1-Najava-Vuksin-mars-2023.jpg?resize=350%2C200&ssl=1","width":350,"height":200,"srcset":"https:\/\/i0.wp.com\/pscg.me\/wp-content\/uploads\/2023\/01\/1-Najava-Vuksin-mars-2023.jpg?resize=350%2C200&ssl=1 1x, https:\/\/i0.wp.com\/pscg.me\/wp-content\/uploads\/2023\/01\/1-Najava-Vuksin-mars-2023.jpg?resize=525%2C300&ssl=1 1.5x, https:\/\/i0.wp.com\/pscg.me\/wp-content\/uploads\/2023\/01\/1-Najava-Vuksin-mars-2023.jpg?resize=700%2C400&ssl=1 2x, https:\/\/i0.wp.com\/pscg.me\/wp-content\/uploads\/2023\/01\/1-Najava-Vuksin-mars-2023.jpg?resize=1050%2C600&ssl=1 3x, https:\/\/i0.wp.com\/pscg.me\/wp-content\/uploads\/2023\/01\/1-Najava-Vuksin-mars-2023.jpg?resize=1400%2C800&ssl=1 4x"},"classes":[]},{"id":1664,"url":"https:\/\/pscg.me\/en\/2-memorijalni-pohod-na-skijama-i-krpljama-nenad-vukomanovic-vuksin-mars\/","url_meta":{"origin":6134,"position":3},"title":"(Montenegro) 2. Memorijalni pohod na skijama i krpljama \u201eNenad Vukomanovi\u0107 &#8211; Vuk\u0161in mar\u0161\u201c","author":"Tatjana Ivanovic","date":"Tuesday January 15th, 2019","format":false,"excerpt":"Sorry, this entry is only available in Montenegro.","rel":"","context":"In &quot;News&quot;","block_context":{"text":"News","link":"https:\/\/pscg.me\/en\/category\/novosti\/"},"img":{"alt_text":"","src":"https:\/\/i0.wp.com\/pscg.me\/wp-content\/uploads\/2019\/01\/Logo-Vuk%C5%A1in-memorijal.jpg?resize=350%2C200&ssl=1","width":350,"height":200,"srcset":"https:\/\/i0.wp.com\/pscg.me\/wp-content\/uploads\/2019\/01\/Logo-Vuk%C5%A1in-memorijal.jpg?resize=350%2C200&ssl=1 1x, https:\/\/i0.wp.com\/pscg.me\/wp-content\/uploads\/2019\/01\/Logo-Vuk%C5%A1in-memorijal.jpg?resize=525%2C300&ssl=1 1.5x, https:\/\/i0.wp.com\/pscg.me\/wp-content\/uploads\/2019\/01\/Logo-Vuk%C5%A1in-memorijal.jpg?resize=700%2C400&ssl=1 2x"},"classes":[]},{"id":2409,"url":"https:\/\/pscg.me\/en\/3-memorijalni-pohod-na-skijama-i-krpljama-nenad-vukomanovic-vuksin-mars-2020\/","url_meta":{"origin":6134,"position":4},"title":"(Montenegro) 3. MEMORIJALNI POHOD NA SKIJAMA I KRPLJAMA \u201eNENAD VUKOMANOVI\u0106\u201c &#8211; VUK\u0160IN MAR\u0160 2020.","author":"Tatjana Ivanovic","date":"Monday January 13th, 2020","format":false,"excerpt":"Sorry, this entry is only available in Montenegro.","rel":"","context":"In &quot;News&quot;","block_context":{"text":"News","link":"https:\/\/pscg.me\/en\/category\/novosti\/"},"img":{"alt_text":"","src":"https:\/\/i0.wp.com\/pscg.me\/wp-content\/uploads\/2019\/01\/Amblem-Kluba.jpg?resize=350%2C200&ssl=1","width":350,"height":200,"srcset":"https:\/\/i0.wp.com\/pscg.me\/wp-content\/uploads\/2019\/01\/Amblem-Kluba.jpg?resize=350%2C200&ssl=1 1x, https:\/\/i0.wp.com\/pscg.me\/wp-content\/uploads\/2019\/01\/Amblem-Kluba.jpg?resize=525%2C300&ssl=1 1.5x, https:\/\/i0.wp.com\/pscg.me\/wp-content\/uploads\/2019\/01\/Amblem-Kluba.jpg?resize=700%2C400&ssl=1 2x"},"classes":[]},{"id":219,"url":"https:\/\/pscg.me\/en\/memorijalni-pohod-nenad-vukomanovic-vuksin-mars\/","url_meta":{"origin":6134,"position":5},"title":"(Montenegro) Memorijalni pohod \u201eNenad Vukomanovi\u0107 &#8211; Vuk\u0161in mar\u0161\u201c","author":"Tatjana Ivanovic","date":"Wednesday February 21st, 2018","format":false,"excerpt":"Sorry, this entry is only available in Montenegro.","rel":"","context":"In &quot;News&quot;","block_context":{"text":"News","link":"https:\/\/pscg.me\/en\/category\/novosti\/"},"img":{"alt_text":"","src":"https:\/\/i0.wp.com\/pscg.me\/wp-content\/uploads\/2018\/02\/KLUB-VOJNIH-PLANINARA-CG-KAPETAN-150x150.jpg?resize=350%2C200","width":350,"height":200},"classes":[]}],"jetpack_sharing_enabled":true,"jetpack_shortlink":"https:\/\/wp.me\/p9BVX3-1AW","_links":{"self":[{"href":"https:\/\/pscg.me\/en\/wp-json\/wp\/v2\/posts\/6134","targetHints":{"allow":["GET"]}}],"collection":[{"href":"https:\/\/pscg.me\/en\/wp-json\/wp\/v2\/posts"}],"about":[{"href":"https:\/\/pscg.me\/en\/wp-json\/wp\/v2\/types\/post"}],"author":[{"embeddable":true,"href":"https:\/\/pscg.me\/en\/wp-json\/wp\/v2\/users\/3"}],"replies":[{"embeddable":true,"href":"https:\/\/pscg.me\/en\/wp-json\/wp\/v2\/comments?post=6134"}],"version-history":[{"count":0,"href":"https:\/\/pscg.me\/en\/wp-json\/wp\/v2\/posts\/6134\/revisions"}],"wp:featuredmedia":[{"embeddable":true,"href":"https:\/\/pscg.me\/en\/wp-json\/wp\/v2\/media\/6135"}],"wp:attachment":[{"href":"https:\/\/pscg.me\/en\/wp-json\/wp\/v2\/media?parent=6134"}],"wp:term":[{"taxonomy":"category","embeddable":true,"href":"https:\/\/pscg.me\/en\/wp-json\/wp\/v2\/categories?post=6134"},{"taxonomy":"post_tag","embeddable":true,"href":"https:\/\/pscg.me\/en\/wp-json\/wp\/v2\/tags?post=6134"}],"curies":[{"name":"wp","href":"https:\/\/api.w.org\/{rel}","templated":true}]}}