{"id":5136,"date":"2023-12-01T21:46:46","date_gmt":"2023-12-01T20:46:46","guid":{"rendered":"https:\/\/pscg.me\/?p=5136"},"modified":"2023-12-01T22:18:07","modified_gmt":"2023-12-01T21:18:07","slug":"saopstenje-strucne-komisije-planinarskog-saveza-crne-gore-za-markacije-planinske-staze-pjesacke-puteve-i-registar","status":"publish","type":"post","link":"https:\/\/pscg.me\/en\/saopstenje-strucne-komisije-planinarskog-saveza-crne-gore-za-markacije-planinske-staze-pjesacke-puteve-i-registar\/","title":{"rendered":"(Montenegro) Saop\u0161tenje stru\u010dne Komisije Planinarskog saveza Crne Gore za markacije, planinske staze, pje\u0161a\u010dke puteve i Registar"},"content":{"rendered":"<p class=\"qtranxs-available-languages-message qtranxs-available-languages-message-en\">Sorry, this entry is only available in <a href=\"https:\/\/pscg.me\/sr\/wp-json\/wp\/v2\/posts\/5136\" class=\"qtranxs-available-language-link qtranxs-available-language-link-sr\" title=\"Montenegro\">Montenegro<\/a>.<\/p>","protected":false},"excerpt":{"rendered":"<p>Sorry, this entry is only available in Montenegro.<\/p>\n","protected":false},"author":3,"featured_media":2811,"comment_status":"open","ping_status":"open","sticky":false,"template":"","format":"standard","meta":{"jetpack_post_was_ever_published":false,"_jetpack_newsletter_access":"","_jetpack_dont_email_post_to_subs":false,"_jetpack_newsletter_tier_id":0,"_jetpack_memberships_contains_paywalled_content":false,"_jetpack_memberships_contains_paid_content":false,"footnotes":""},"categories":[3],"tags":[],"class_list":["post-5136","post","type-post","status-publish","format-standard","has-post-thumbnail","hentry","category-novosti"],"jetpack_featured_media_url":"https:\/\/pscg.me\/wp-content\/uploads\/2021\/01\/Logo-Komisije-za-pjesacke-puteve-planinarske-staze-i-registar.jpg","jetpack_likes_enabled":true,"jetpack-related-posts":[{"id":6271,"url":"https:\/\/pscg.me\/en\/saopstenje-strucne-komisije-planinarskog-saveza-crne-gore\/","url_meta":{"origin":5136,"position":0},"title":"(Montenegro) Saop\u0161tenje stru\u010dne komisije Planinarskog saveza Crne Gore","author":"Tatjana Ivanovic","date":"Sunday December  1st, 2024","format":false,"excerpt":"Sorry, this entry is only available in Montenegro.","rel":"","context":"In &quot;News&quot;","block_context":{"text":"News","link":"https:\/\/pscg.me\/en\/category\/novosti\/"},"img":{"alt_text":"","src":"https:\/\/i0.wp.com\/pscg.me\/wp-content\/uploads\/2025\/02\/Zatvaranje-staza-e1740327472943.png?resize=350%2C200&ssl=1","width":350,"height":200},"classes":[]},{"id":6276,"url":"https:\/\/pscg.me\/en\/obavjestenje-strucne-komisije-planinarskog-saveza-crne-gore-za-markacije-planinske-staze-pjesacke-puteve-i-registar\/","url_meta":{"origin":5136,"position":1},"title":"(Montenegro) Obavje\u0161tenje stru\u010dne komisije Planinarskog saveza Crne Gore za markacije, planinske staze, pje\u0161a\u010dke puteve i Registar","author":"Tatjana Ivanovic","date":"Monday February 17th, 2025","format":false,"excerpt":"Sorry, this entry is only available in Montenegro.","rel":"","context":"In &quot;News&quot;","block_context":{"text":"News","link":"https:\/\/pscg.me\/en\/category\/novosti\/"},"img":{"alt_text":"","src":"","width":0,"height":0},"classes":[]},{"id":2810,"url":"https:\/\/pscg.me\/en\/saopstenje-obavjestenje-o-zatvaranju-planinarskih-staza\/","url_meta":{"origin":5136,"position":2},"title":"(Montenegro) Saop\u0161tenje-obavje\u0161tenje o zatvaranju planinskih staza","author":"Tatjana Ivanovic","date":"Monday November 16th, 2020","format":false,"excerpt":"Sorry, this entry is only available in Montenegro.","rel":"","context":"In &quot;News&quot;","block_context":{"text":"News","link":"https:\/\/pscg.me\/en\/category\/novosti\/"},"img":{"alt_text":"","src":"https:\/\/i0.wp.com\/pscg.me\/wp-content\/uploads\/2021\/01\/Logo-Komisije-za-pjesacke-puteve-planinarske-staze-i-registar.jpg?resize=350%2C200&ssl=1","width":350,"height":200},"classes":[]},{"id":4242,"url":"https:\/\/pscg.me\/en\/saopstenje-obavjestenje-o-privremenom-zatvaranju-planinarskih-staza\/","url_meta":{"origin":5136,"position":3},"title":"(Montenegro) Saop\u0161tenje-obavje\u0161tenje o privremenom zatvaranju planinarskih staza","author":"Tatjana Ivanovic","date":"Tuesday November 29th, 2022","format":false,"excerpt":"Sorry, this entry is only available in Montenegro.","rel":"","context":"In &quot;News&quot;","block_context":{"text":"News","link":"https:\/\/pscg.me\/en\/category\/novosti\/"},"img":{"alt_text":"","src":"https:\/\/i0.wp.com\/pscg.me\/wp-content\/uploads\/2019\/05\/Logo-komisije-Pavle.png?resize=350%2C200&ssl=1","width":350,"height":200},"classes":[]},{"id":3376,"url":"https:\/\/pscg.me\/en\/saopstenje-o-zatvaranju-planinaskih-staza-u-zimskom-periodu\/","url_meta":{"origin":5136,"position":4},"title":"(Montenegro) Saop\u0161tenje o zatvaranju planinaskih staza u zimskom periodu","author":"Tatjana Ivanovic","date":"Sunday November 28th, 2021","format":false,"excerpt":"Sorry, this entry is only available in Montenegro.","rel":"","context":"In &quot;News&quot;","block_context":{"text":"News","link":"https:\/\/pscg.me\/en\/category\/novosti\/"},"img":{"alt_text":"","src":"https:\/\/i0.wp.com\/pscg.me\/wp-content\/uploads\/2021\/01\/Logo-Komisije-za-pjesacke-puteve-planinarske-staze-i-registar.jpg?resize=350%2C200&ssl=1","width":350,"height":200},"classes":[]},{"id":3688,"url":"https:\/\/pscg.me\/en\/saopstenje-obavjestenje-o-otvaranju-planinarskih-staza\/","url_meta":{"origin":5136,"position":5},"title":"(Montenegro) Saop\u0161tenje &#8211; obavje\u0161tenje o otvaranju planinarskih staza","author":"Tatjana Ivanovic","date":"Friday April 29th, 2022","format":false,"excerpt":"Sorry, this entry is only available in Montenegro.","rel":"","context":"In &quot;News&quot;","block_context":{"text":"News","link":"https:\/\/pscg.me\/en\/category\/novosti\/"},"img":{"alt_text":"","src":"https:\/\/i0.wp.com\/pscg.me\/wp-content\/uploads\/2021\/01\/Logo-Komisije-za-pjesacke-puteve-planinarske-staze-i-registar.jpg?resize=350%2C200","width":350,"height":200},"classes":[]}],"jetpack_sharing_enabled":true,"jetpack_shortlink":"https:\/\/wp.me\/p9BVX3-1kQ","_links":{"self":[{"href":"https:\/\/pscg.me\/en\/wp-json\/wp\/v2\/posts\/5136","targetHints":{"allow":["GET"]}}],"collection":[{"href":"https:\/\/pscg.me\/en\/wp-json\/wp\/v2\/posts"}],"about":[{"href":"https:\/\/pscg.me\/en\/wp-json\/wp\/v2\/types\/post"}],"author":[{"embeddable":true,"href":"https:\/\/pscg.me\/en\/wp-json\/wp\/v2\/users\/3"}],"replies":[{"embeddable":true,"href":"https:\/\/pscg.me\/en\/wp-json\/wp\/v2\/comments?post=5136"}],"version-history":[{"count":0,"href":"https:\/\/pscg.me\/en\/wp-json\/wp\/v2\/posts\/5136\/revisions"}],"wp:featuredmedia":[{"embeddable":true,"href":"https:\/\/pscg.me\/en\/wp-json\/wp\/v2\/media\/2811"}],"wp:attachment":[{"href":"https:\/\/pscg.me\/en\/wp-json\/wp\/v2\/media?parent=5136"}],"wp:term":[{"taxonomy":"category","embeddable":true,"href":"https:\/\/pscg.me\/en\/wp-json\/wp\/v2\/categories?post=5136"},{"taxonomy":"post_tag","embeddable":true,"href":"https:\/\/pscg.me\/en\/wp-json\/wp\/v2\/tags?post=5136"}],"curies":[{"name":"wp","href":"https:\/\/api.w.org\/{rel}","templated":true}]}}