{"id":4941,"date":"2023-08-29T15:59:42","date_gmt":"2023-08-29T14:59:42","guid":{"rendered":"https:\/\/pscg.me\/?p=4941"},"modified":"2023-08-29T15:59:42","modified_gmt":"2023-08-29T14:59:42","slug":"komisija-za-orijentacione-discipline-organizuje-4-kolo-lige-pscg-i-drzavno-prvenstvo","status":"publish","type":"post","link":"https:\/\/pscg.me\/en\/komisija-za-orijentacione-discipline-organizuje-4-kolo-lige-pscg-i-drzavno-prvenstvo\/","title":{"rendered":"(Montenegro) Komisija za orijentacione discipline organizuje 4. Kolo lige PSCG i dr\u017eavno prvenstvo"},"content":{"rendered":"<p class=\"qtranxs-available-languages-message qtranxs-available-languages-message-en\">Sorry, this entry is only available in <a href=\"https:\/\/pscg.me\/sr\/wp-json\/wp\/v2\/posts\/4941\" class=\"qtranxs-available-language-link qtranxs-available-language-link-sr\" title=\"Montenegro\">Montenegro<\/a>.<\/p>","protected":false},"excerpt":{"rendered":"<p>Sorry, this entry is only available in Montenegro.<\/p>\n","protected":false},"author":3,"featured_media":4599,"comment_status":"open","ping_status":"open","sticky":false,"template":"","format":"standard","meta":{"jetpack_post_was_ever_published":false,"_jetpack_newsletter_access":"","_jetpack_dont_email_post_to_subs":false,"_jetpack_newsletter_tier_id":0,"_jetpack_memberships_contains_paywalled_content":false,"_jetpack_memberships_contains_paid_content":false,"footnotes":""},"categories":[3],"tags":[],"class_list":["post-4941","post","type-post","status-publish","format-standard","has-post-thumbnail","hentry","category-novosti"],"jetpack_featured_media_url":"https:\/\/pscg.me\/wp-content\/uploads\/2023\/06\/PSCG-logo.png","jetpack_likes_enabled":true,"jetpack-related-posts":[{"id":5956,"url":"https:\/\/pscg.me\/en\/na-zabljaku-odrzano-3-kolo-lige-pscg-i-drzavno-prvenstvo-u-orijentaciji\/","url_meta":{"origin":4941,"position":0},"title":"(Montenegro) Na \u017dabljaku odr\u017eano 3. kolo lige PSCG i dr\u017eavno prvenstvo u orijentaciji","author":"Tatjana Ivanovic","date":"Sunday November  3rd, 2024","format":false,"excerpt":"Sorry, this entry is only available in Montenegro.","rel":"","context":"In &quot;News&quot;","block_context":{"text":"News","link":"https:\/\/pscg.me\/en\/category\/novosti\/"},"img":{"alt_text":"","src":"https:\/\/i0.wp.com\/pscg.me\/wp-content\/uploads\/2024\/11\/8B484C88-ABEF-490D-B548-69CCE9399951.jpeg?resize=350%2C200&ssl=1","width":350,"height":200,"srcset":"https:\/\/i0.wp.com\/pscg.me\/wp-content\/uploads\/2024\/11\/8B484C88-ABEF-490D-B548-69CCE9399951.jpeg?resize=350%2C200&ssl=1 1x, https:\/\/i0.wp.com\/pscg.me\/wp-content\/uploads\/2024\/11\/8B484C88-ABEF-490D-B548-69CCE9399951.jpeg?resize=525%2C300&ssl=1 1.5x, https:\/\/i0.wp.com\/pscg.me\/wp-content\/uploads\/2024\/11\/8B484C88-ABEF-490D-B548-69CCE9399951.jpeg?resize=700%2C400&ssl=1 2x, https:\/\/i0.wp.com\/pscg.me\/wp-content\/uploads\/2024\/11\/8B484C88-ABEF-490D-B548-69CCE9399951.jpeg?resize=1050%2C600&ssl=1 3x"},"classes":[]},{"id":5000,"url":"https:\/\/pscg.me\/en\/odrzano-drzavno-prvenstvo-u-planinarskoj-orijentaciji\/","url_meta":{"origin":4941,"position":1},"title":"(Montenegro) ODR\u017dANO DR\u017dAVNO PRVENSTVO U PLANINARSKOJ ORIJENTACIJI &#8211; Vu\u010dje 2023","author":"Tatjana Ivanovic","date":"Sunday September 10th, 2023","format":false,"excerpt":"Sorry, this entry is only available in Montenegro.","rel":"","context":"In &quot;News&quot;","block_context":{"text":"News","link":"https:\/\/pscg.me\/en\/category\/novosti\/"},"img":{"alt_text":"","src":"https:\/\/i0.wp.com\/pscg.me\/wp-content\/uploads\/2023\/09\/1-Drzavno-takmicenje.jpg?resize=350%2C200&ssl=1","width":350,"height":200,"srcset":"https:\/\/i0.wp.com\/pscg.me\/wp-content\/uploads\/2023\/09\/1-Drzavno-takmicenje.jpg?resize=350%2C200&ssl=1 1x, https:\/\/i0.wp.com\/pscg.me\/wp-content\/uploads\/2023\/09\/1-Drzavno-takmicenje.jpg?resize=525%2C300&ssl=1 1.5x, https:\/\/i0.wp.com\/pscg.me\/wp-content\/uploads\/2023\/09\/1-Drzavno-takmicenje.jpg?resize=700%2C400&ssl=1 2x, https:\/\/i0.wp.com\/pscg.me\/wp-content\/uploads\/2023\/09\/1-Drzavno-takmicenje.jpg?resize=1050%2C600&ssl=1 3x"},"classes":[]},{"id":4981,"url":"https:\/\/pscg.me\/en\/na-vucju-odrzano-4-kolo-lige-pscg-u-orijentaciji\/","url_meta":{"origin":4941,"position":2},"title":"(Montenegro) Na Vu\u010dju odr\u017eano 4. Kolo lige PSCG u orijentaciji","author":"Tatjana Ivanovic","date":"Sunday September 10th, 2023","format":false,"excerpt":"Sorry, this entry is only available in Montenegro.","rel":"","context":"In &quot;News&quot;","block_context":{"text":"News","link":"https:\/\/pscg.me\/en\/category\/novosti\/"},"img":{"alt_text":"","src":"https:\/\/i0.wp.com\/pscg.me\/wp-content\/uploads\/2023\/09\/381166917_1070297554345068_6129025445140522352_n.jpg?resize=350%2C200&ssl=1","width":350,"height":200,"srcset":"https:\/\/i0.wp.com\/pscg.me\/wp-content\/uploads\/2023\/09\/381166917_1070297554345068_6129025445140522352_n.jpg?resize=350%2C200&ssl=1 1x, https:\/\/i0.wp.com\/pscg.me\/wp-content\/uploads\/2023\/09\/381166917_1070297554345068_6129025445140522352_n.jpg?resize=525%2C300&ssl=1 1.5x, https:\/\/i0.wp.com\/pscg.me\/wp-content\/uploads\/2023\/09\/381166917_1070297554345068_6129025445140522352_n.jpg?resize=700%2C400&ssl=1 2x, https:\/\/i0.wp.com\/pscg.me\/wp-content\/uploads\/2023\/09\/381166917_1070297554345068_6129025445140522352_n.jpg?resize=1050%2C600&ssl=1 3x, https:\/\/i0.wp.com\/pscg.me\/wp-content\/uploads\/2023\/09\/381166917_1070297554345068_6129025445140522352_n.jpg?resize=1400%2C800&ssl=1 4x"},"classes":[]},{"id":4718,"url":"https:\/\/pscg.me\/en\/1-kolo-lige-pscg-u-orijentaciji\/","url_meta":{"origin":4941,"position":3},"title":"(Montenegro) 1. kolo lige PSCG u orijentaciji","author":"Tatjana Ivanovic","date":"Monday June 26th, 2023","format":false,"excerpt":"Sorry, this entry is only available in Montenegro.","rel":"","context":"In &quot;News&quot;","block_context":{"text":"News","link":"https:\/\/pscg.me\/en\/category\/novosti\/"},"img":{"alt_text":"","src":"https:\/\/i0.wp.com\/pscg.me\/wp-content\/uploads\/2023\/06\/PSCG-logo.png?resize=350%2C200&ssl=1","width":350,"height":200},"classes":[]},{"id":5014,"url":"https:\/\/pscg.me\/en\/odrzan-sastanak-povodom-osnivanja-balkanske-lige-za-sportsko-penjanje\/","url_meta":{"origin":4941,"position":4},"title":"(Montenegro) Odr\u017ean sastanak povodom formiranja Balkanske Lige za sportsko penjanje","author":"Tatjana Ivanovic","date":"Tuesday September 19th, 2023","format":false,"excerpt":"Sorry, this entry is only available in Montenegro.","rel":"","context":"In &quot;News&quot;","block_context":{"text":"News","link":"https:\/\/pscg.me\/en\/category\/novosti\/"},"img":{"alt_text":"","src":"https:\/\/i0.wp.com\/pscg.me\/wp-content\/uploads\/2023\/09\/Sportsko-penjanje-Meteori-sastanak-1.jpg?resize=350%2C200&ssl=1","width":350,"height":200,"srcset":"https:\/\/i0.wp.com\/pscg.me\/wp-content\/uploads\/2023\/09\/Sportsko-penjanje-Meteori-sastanak-1.jpg?resize=350%2C200&ssl=1 1x, https:\/\/i0.wp.com\/pscg.me\/wp-content\/uploads\/2023\/09\/Sportsko-penjanje-Meteori-sastanak-1.jpg?resize=525%2C300&ssl=1 1.5x, https:\/\/i0.wp.com\/pscg.me\/wp-content\/uploads\/2023\/09\/Sportsko-penjanje-Meteori-sastanak-1.jpg?resize=700%2C400&ssl=1 2x, https:\/\/i0.wp.com\/pscg.me\/wp-content\/uploads\/2023\/09\/Sportsko-penjanje-Meteori-sastanak-1.jpg?resize=1050%2C600&ssl=1 3x"},"classes":[]},{"id":6021,"url":"https:\/\/pscg.me\/en\/drzavno-prvenstvo-u-planinskom-trcanju\/","url_meta":{"origin":4941,"position":5},"title":"(Montenegro) Dr\u017eavno prvenstvo u planinskom tr\u010danju","author":"Tatjana Ivanovic","date":"Monday November 25th, 2024","format":false,"excerpt":"Sorry, this entry is only available in Montenegro.","rel":"","context":"In &quot;News&quot;","block_context":{"text":"News","link":"https:\/\/pscg.me\/en\/category\/novosti\/"},"img":{"alt_text":"","src":"https:\/\/i0.wp.com\/pscg.me\/wp-content\/uploads\/2024\/11\/59836440-C515-49BB-9499-5F7B46CE3BB5.jpeg?resize=350%2C200&ssl=1","width":350,"height":200,"srcset":"https:\/\/i0.wp.com\/pscg.me\/wp-content\/uploads\/2024\/11\/59836440-C515-49BB-9499-5F7B46CE3BB5.jpeg?resize=350%2C200&ssl=1 1x, https:\/\/i0.wp.com\/pscg.me\/wp-content\/uploads\/2024\/11\/59836440-C515-49BB-9499-5F7B46CE3BB5.jpeg?resize=525%2C300&ssl=1 1.5x, https:\/\/i0.wp.com\/pscg.me\/wp-content\/uploads\/2024\/11\/59836440-C515-49BB-9499-5F7B46CE3BB5.jpeg?resize=700%2C400&ssl=1 2x"},"classes":[]}],"jetpack_sharing_enabled":true,"jetpack_shortlink":"https:\/\/wp.me\/p9BVX3-1hH","_links":{"self":[{"href":"https:\/\/pscg.me\/en\/wp-json\/wp\/v2\/posts\/4941","targetHints":{"allow":["GET"]}}],"collection":[{"href":"https:\/\/pscg.me\/en\/wp-json\/wp\/v2\/posts"}],"about":[{"href":"https:\/\/pscg.me\/en\/wp-json\/wp\/v2\/types\/post"}],"author":[{"embeddable":true,"href":"https:\/\/pscg.me\/en\/wp-json\/wp\/v2\/users\/3"}],"replies":[{"embeddable":true,"href":"https:\/\/pscg.me\/en\/wp-json\/wp\/v2\/comments?post=4941"}],"version-history":[{"count":0,"href":"https:\/\/pscg.me\/en\/wp-json\/wp\/v2\/posts\/4941\/revisions"}],"wp:featuredmedia":[{"embeddable":true,"href":"https:\/\/pscg.me\/en\/wp-json\/wp\/v2\/media\/4599"}],"wp:attachment":[{"href":"https:\/\/pscg.me\/en\/wp-json\/wp\/v2\/media?parent=4941"}],"wp:term":[{"taxonomy":"category","embeddable":true,"href":"https:\/\/pscg.me\/en\/wp-json\/wp\/v2\/categories?post=4941"},{"taxonomy":"post_tag","embeddable":true,"href":"https:\/\/pscg.me\/en\/wp-json\/wp\/v2\/tags?post=4941"}],"curies":[{"name":"wp","href":"https:\/\/api.w.org\/{rel}","templated":true}]}}