{"id":4704,"date":"2023-07-04T12:18:00","date_gmt":"2023-07-04T11:18:00","guid":{"rendered":"https:\/\/pscg.me\/?p=4704"},"modified":"2023-07-04T12:24:03","modified_gmt":"2023-07-04T11:24:03","slug":"pozivamo-vas-na-planinarski-pohod-upoznaj-bjelasicu","status":"publish","type":"post","link":"https:\/\/pscg.me\/en\/pozivamo-vas-na-planinarski-pohod-upoznaj-bjelasicu\/","title":{"rendered":"(Montenegro) Pozivamo Vas na planinarski pohod &#8220;Upoznaj Bjelasicu&#8221;"},"content":{"rendered":"<p class=\"qtranxs-available-languages-message qtranxs-available-languages-message-en\">Sorry, this entry is only available in <a href=\"https:\/\/pscg.me\/sr\/wp-json\/wp\/v2\/posts\/4704\" class=\"qtranxs-available-language-link qtranxs-available-language-link-sr\" title=\"Montenegro\">Montenegro<\/a>.<\/p>","protected":false},"excerpt":{"rendered":"<p>Sorry, this entry is only available in Montenegro.<\/p>\n","protected":false},"author":3,"featured_media":4705,"comment_status":"open","ping_status":"open","sticky":false,"template":"","format":"standard","meta":{"jetpack_post_was_ever_published":false,"_jetpack_newsletter_access":"","_jetpack_dont_email_post_to_subs":false,"_jetpack_newsletter_tier_id":0,"_jetpack_memberships_contains_paywalled_content":false,"_jetpack_memberships_contains_paid_content":false,"footnotes":""},"categories":[3],"tags":[],"class_list":["post-4704","post","type-post","status-publish","format-standard","has-post-thumbnail","hentry","category-novosti"],"jetpack_featured_media_url":"https:\/\/pscg.me\/wp-content\/uploads\/2023\/07\/Upoznaj-Bjelasicu-2023.jpg","jetpack_likes_enabled":true,"jetpack-related-posts":[{"id":6705,"url":"https:\/\/pscg.me\/en\/pozivamo-vas-na-iii-planinarski-pohod-upoznaj-bjelasicu\/","url_meta":{"origin":4704,"position":0},"title":"(Montenegro) Pozivamo Vas na III planinarski pohod \u201eUpoznaj Bjelasicu\u201c","author":"Tatjana Ivanovic","date":"Thursday June 19th, 2025","format":false,"excerpt":"Sorry, this entry is only available in Montenegro.","rel":"","context":"In &quot;News&quot;","block_context":{"text":"News","link":"https:\/\/pscg.me\/en\/category\/novosti\/"},"img":{"alt_text":"","src":"https:\/\/i0.wp.com\/pscg.me\/wp-content\/uploads\/2025\/06\/C3901A9A-DFDA-4183-86F4-44CB3715325F-scaled.jpeg?resize=350%2C200&ssl=1","width":350,"height":200,"srcset":"https:\/\/i0.wp.com\/pscg.me\/wp-content\/uploads\/2025\/06\/C3901A9A-DFDA-4183-86F4-44CB3715325F-scaled.jpeg?resize=350%2C200&ssl=1 1x, https:\/\/i0.wp.com\/pscg.me\/wp-content\/uploads\/2025\/06\/C3901A9A-DFDA-4183-86F4-44CB3715325F-scaled.jpeg?resize=525%2C300&ssl=1 1.5x, https:\/\/i0.wp.com\/pscg.me\/wp-content\/uploads\/2025\/06\/C3901A9A-DFDA-4183-86F4-44CB3715325F-scaled.jpeg?resize=700%2C400&ssl=1 2x, https:\/\/i0.wp.com\/pscg.me\/wp-content\/uploads\/2025\/06\/C3901A9A-DFDA-4183-86F4-44CB3715325F-scaled.jpeg?resize=1050%2C600&ssl=1 3x, https:\/\/i0.wp.com\/pscg.me\/wp-content\/uploads\/2025\/06\/C3901A9A-DFDA-4183-86F4-44CB3715325F-scaled.jpeg?resize=1400%2C800&ssl=1 4x"},"classes":[]},{"id":6776,"url":"https:\/\/pscg.me\/en\/iii-planinarski-pohod-upoznaj-bjelasicu-ursulovacko-jezero\/","url_meta":{"origin":4704,"position":1},"title":"(Montenegro) III Planinarski pohod \u201cUpoznaj Bjelasicu\u201d &#8211; Ursulova\u010dko jezero","author":"Tatjana Ivanovic","date":"Wednesday July 23rd, 2025","format":false,"excerpt":"Sorry, this entry is only available in Montenegro.","rel":"","context":"In &quot;News&quot;","block_context":{"text":"News","link":"https:\/\/pscg.me\/en\/category\/novosti\/"},"img":{"alt_text":"","src":"https:\/\/i0.wp.com\/pscg.me\/wp-content\/uploads\/2025\/07\/IMG_8611.jpeg?resize=350%2C200&ssl=1","width":350,"height":200,"srcset":"https:\/\/i0.wp.com\/pscg.me\/wp-content\/uploads\/2025\/07\/IMG_8611.jpeg?resize=350%2C200&ssl=1 1x, https:\/\/i0.wp.com\/pscg.me\/wp-content\/uploads\/2025\/07\/IMG_8611.jpeg?resize=525%2C300&ssl=1 1.5x, https:\/\/i0.wp.com\/pscg.me\/wp-content\/uploads\/2025\/07\/IMG_8611.jpeg?resize=700%2C400&ssl=1 2x, https:\/\/i0.wp.com\/pscg.me\/wp-content\/uploads\/2025\/07\/IMG_8611.jpeg?resize=1050%2C600&ssl=1 3x"},"classes":[]},{"id":4760,"url":"https:\/\/pscg.me\/en\/uspjesno-je-realizovan-pohod-upoznaj-bjelasicu\/","url_meta":{"origin":4704,"position":2},"title":"(Montenegro) Uspje\u0161no je realizovan pohod &#8220;Upoznaj Bjelasicu&#8221;","author":"Tatjana Ivanovic","date":"Friday July 21st, 2023","format":false,"excerpt":"Sorry, this entry is only available in Montenegro.","rel":"","context":"In &quot;News&quot;","block_context":{"text":"News","link":"https:\/\/pscg.me\/en\/category\/novosti\/"},"img":{"alt_text":"","src":"https:\/\/i0.wp.com\/pscg.me\/wp-content\/uploads\/2023\/07\/66.jpg?resize=350%2C200&ssl=1","width":350,"height":200,"srcset":"https:\/\/i0.wp.com\/pscg.me\/wp-content\/uploads\/2023\/07\/66.jpg?resize=350%2C200&ssl=1 1x, https:\/\/i0.wp.com\/pscg.me\/wp-content\/uploads\/2023\/07\/66.jpg?resize=525%2C300&ssl=1 1.5x, https:\/\/i0.wp.com\/pscg.me\/wp-content\/uploads\/2023\/07\/66.jpg?resize=700%2C400&ssl=1 2x, https:\/\/i0.wp.com\/pscg.me\/wp-content\/uploads\/2023\/07\/66.jpg?resize=1050%2C600&ssl=1 3x"},"classes":[]},{"id":3797,"url":"https:\/\/pscg.me\/en\/22-memorijalni-pohod-dusan-bulatovic-dzambas\/","url_meta":{"origin":4704,"position":3},"title":"(Montenegro) 22. memorijalni pohod Du\u0161an Bulatovi\u0107 D\u017eambas","author":"Tatjana Ivanovic","date":"Friday June 10th, 2022","format":false,"excerpt":"Sorry, this entry is only available in Montenegro.","rel":"","context":"In &quot;News&quot;","block_context":{"text":"News","link":"https:\/\/pscg.me\/en\/category\/novosti\/"},"img":{"alt_text":"","src":"https:\/\/i0.wp.com\/pscg.me\/wp-content\/uploads\/2022\/06\/Dzambas.jpg?resize=350%2C200&ssl=1","width":350,"height":200,"srcset":"https:\/\/i0.wp.com\/pscg.me\/wp-content\/uploads\/2022\/06\/Dzambas.jpg?resize=350%2C200&ssl=1 1x, https:\/\/i0.wp.com\/pscg.me\/wp-content\/uploads\/2022\/06\/Dzambas.jpg?resize=525%2C300&ssl=1 1.5x"},"classes":[]},{"id":6134,"url":"https:\/\/pscg.me\/en\/poziv-na-memorijalni-zimski-pohod-nenad-vukomanovic-vuksin-mars-2025\/","url_meta":{"origin":4704,"position":4},"title":"(Montenegro) POZIV NA MEMORIJALNI ZIMSKI POHOD \u201eNENAD VUKOMANOVI\u0106 &#8211; VUK\u0160IN MAR\u0160 2025\u201d","author":"Tatjana Ivanovic","date":"Wednesday January 15th, 2025","format":false,"excerpt":"Sorry, this entry is only available in Montenegro.","rel":"","context":"In &quot;News&quot;","block_context":{"text":"News","link":"https:\/\/pscg.me\/en\/category\/novosti\/"},"img":{"alt_text":"","src":"https:\/\/i0.wp.com\/pscg.me\/wp-content\/uploads\/2025\/01\/A02449D0-EEFD-486E-B06D-372F2A82F9F3.jpeg?resize=350%2C200&ssl=1","width":350,"height":200,"srcset":"https:\/\/i0.wp.com\/pscg.me\/wp-content\/uploads\/2025\/01\/A02449D0-EEFD-486E-B06D-372F2A82F9F3.jpeg?resize=350%2C200&ssl=1 1x, https:\/\/i0.wp.com\/pscg.me\/wp-content\/uploads\/2025\/01\/A02449D0-EEFD-486E-B06D-372F2A82F9F3.jpeg?resize=525%2C300&ssl=1 1.5x, https:\/\/i0.wp.com\/pscg.me\/wp-content\/uploads\/2025\/01\/A02449D0-EEFD-486E-B06D-372F2A82F9F3.jpeg?resize=700%2C400&ssl=1 2x, https:\/\/i0.wp.com\/pscg.me\/wp-content\/uploads\/2025\/01\/A02449D0-EEFD-486E-B06D-372F2A82F9F3.jpeg?resize=1050%2C600&ssl=1 3x"},"classes":[]},{"id":6152,"url":"https:\/\/pscg.me\/en\/poziv-na-humanitarni-planinarski-uspon-na-bjelasicu-vrh-mucnica-1809-mnv\/","url_meta":{"origin":4704,"position":5},"title":"(Montenegro) Poziv na humanitarni planinarski uspon na Bjelasicu, vrh Mu\u010dnica (1809 mnv)","author":"Tatjana Ivanovic","date":"Monday January 27th, 2025","format":false,"excerpt":"Sorry, this entry is only available in Montenegro.","rel":"","context":"In &quot;News&quot;","block_context":{"text":"News","link":"https:\/\/pscg.me\/en\/category\/novosti\/"},"img":{"alt_text":"","src":"https:\/\/i0.wp.com\/pscg.me\/wp-content\/uploads\/2025\/01\/IMG_5554.jpeg?resize=350%2C200&ssl=1","width":350,"height":200,"srcset":"https:\/\/i0.wp.com\/pscg.me\/wp-content\/uploads\/2025\/01\/IMG_5554.jpeg?resize=350%2C200&ssl=1 1x, https:\/\/i0.wp.com\/pscg.me\/wp-content\/uploads\/2025\/01\/IMG_5554.jpeg?resize=525%2C300&ssl=1 1.5x, https:\/\/i0.wp.com\/pscg.me\/wp-content\/uploads\/2025\/01\/IMG_5554.jpeg?resize=700%2C400&ssl=1 2x, https:\/\/i0.wp.com\/pscg.me\/wp-content\/uploads\/2025\/01\/IMG_5554.jpeg?resize=1050%2C600&ssl=1 3x"},"classes":[]}],"jetpack_sharing_enabled":true,"jetpack_shortlink":"https:\/\/wp.me\/p9BVX3-1dS","_links":{"self":[{"href":"https:\/\/pscg.me\/en\/wp-json\/wp\/v2\/posts\/4704","targetHints":{"allow":["GET"]}}],"collection":[{"href":"https:\/\/pscg.me\/en\/wp-json\/wp\/v2\/posts"}],"about":[{"href":"https:\/\/pscg.me\/en\/wp-json\/wp\/v2\/types\/post"}],"author":[{"embeddable":true,"href":"https:\/\/pscg.me\/en\/wp-json\/wp\/v2\/users\/3"}],"replies":[{"embeddable":true,"href":"https:\/\/pscg.me\/en\/wp-json\/wp\/v2\/comments?post=4704"}],"version-history":[{"count":0,"href":"https:\/\/pscg.me\/en\/wp-json\/wp\/v2\/posts\/4704\/revisions"}],"wp:featuredmedia":[{"embeddable":true,"href":"https:\/\/pscg.me\/en\/wp-json\/wp\/v2\/media\/4705"}],"wp:attachment":[{"href":"https:\/\/pscg.me\/en\/wp-json\/wp\/v2\/media?parent=4704"}],"wp:term":[{"taxonomy":"category","embeddable":true,"href":"https:\/\/pscg.me\/en\/wp-json\/wp\/v2\/categories?post=4704"},{"taxonomy":"post_tag","embeddable":true,"href":"https:\/\/pscg.me\/en\/wp-json\/wp\/v2\/tags?post=4704"}],"curies":[{"name":"wp","href":"https:\/\/api.w.org\/{rel}","templated":true}]}}