{"id":4489,"date":"2023-04-19T10:39:40","date_gmt":"2023-04-19T09:39:40","guid":{"rendered":"https:\/\/pscg.me\/?p=4489"},"modified":"2023-04-27T08:55:50","modified_gmt":"2023-04-27T07:55:50","slug":"odrzana-prezentacija-moj-izbor-kristofa-vilickog","status":"publish","type":"post","link":"https:\/\/pscg.me\/en\/odrzana-prezentacija-moj-izbor-kristofa-vilickog\/","title":{"rendered":"(Montenegro) Odr\u017eana prezentacija Moj izbor &#8211; Kristofa \u00a0Vilickog"},"content":{"rendered":"<p class=\"qtranxs-available-languages-message qtranxs-available-languages-message-en\">Sorry, this entry is only available in <a href=\"https:\/\/pscg.me\/sr\/wp-json\/wp\/v2\/posts\/4489\" class=\"qtranxs-available-language-link qtranxs-available-language-link-sr\" title=\"Montenegro\">Montenegro<\/a>.<\/p>","protected":false},"excerpt":{"rendered":"<p>Sorry, this entry is only available in Montenegro.<\/p>\n","protected":false},"author":3,"featured_media":4507,"comment_status":"open","ping_status":"open","sticky":false,"template":"","format":"standard","meta":{"jetpack_post_was_ever_published":false,"_jetpack_newsletter_access":"","_jetpack_dont_email_post_to_subs":false,"_jetpack_newsletter_tier_id":0,"_jetpack_memberships_contains_paywalled_content":false,"_jetpack_memberships_contains_paid_content":false,"footnotes":""},"categories":[3],"tags":[],"class_list":["post-4489","post","type-post","status-publish","format-standard","has-post-thumbnail","hentry","category-novosti"],"jetpack_featured_media_url":"https:\/\/pscg.me\/wp-content\/uploads\/2023\/04\/Kristof-Wielicki.jpg","jetpack_likes_enabled":true,"jetpack-related-posts":[{"id":4425,"url":"https:\/\/pscg.me\/en\/planinarski-savez-vas-poziva-na-prezentaciju-poljskog-alpiniste-kristofa-vilickog\/","url_meta":{"origin":4489,"position":0},"title":"(Montenegro) Planinarski savez Vas poziva na prezentaciju poljskog alpiniste Kristofa Vilickog","author":"Tatjana Ivanovic","date":"Tuesday March 28th, 2023","format":false,"excerpt":"Sorry, this entry is only available in Montenegro.","rel":"","context":"In &quot;News&quot;","block_context":{"text":"News","link":"https:\/\/pscg.me\/en\/category\/novosti\/"},"img":{"alt_text":"","src":"https:\/\/i0.wp.com\/pscg.me\/wp-content\/uploads\/2023\/03\/2-Moj-izbor-Wielicki.jpg?resize=350%2C200&ssl=1","width":350,"height":200,"srcset":"https:\/\/i0.wp.com\/pscg.me\/wp-content\/uploads\/2023\/03\/2-Moj-izbor-Wielicki.jpg?resize=350%2C200&ssl=1 1x, https:\/\/i0.wp.com\/pscg.me\/wp-content\/uploads\/2023\/03\/2-Moj-izbor-Wielicki.jpg?resize=525%2C300&ssl=1 1.5x, https:\/\/i0.wp.com\/pscg.me\/wp-content\/uploads\/2023\/03\/2-Moj-izbor-Wielicki.jpg?resize=700%2C400&ssl=1 2x, https:\/\/i0.wp.com\/pscg.me\/wp-content\/uploads\/2023\/03\/2-Moj-izbor-Wielicki.jpg?resize=1050%2C600&ssl=1 3x"},"classes":[]},{"id":229,"url":"https:\/\/pscg.me\/en\/sjecanje-na-dragana-gasa-lalovica-1958-2017\/","url_meta":{"origin":4489,"position":1},"title":"(Montenegro) Sje\u0107anje na Dragana Ga\u0161a Lalovi\u0107a 1958-2017.","author":"Dragan Bulatovic","date":"Wednesday January  3rd, 2018","format":false,"excerpt":"Sorry, this entry is only available in Montenegro.","rel":"","context":"In &quot;News&quot;","block_context":{"text":"News","link":"https:\/\/pscg.me\/en\/category\/novosti\/"},"img":{"alt_text":"","src":"https:\/\/i0.wp.com\/pscg.me\/wp-content\/uploads\/2018\/02\/Gaso1-300x300.jpg?resize=350%2C200","width":350,"height":200},"classes":[]},{"id":235,"url":"https:\/\/pscg.me\/en\/promocija-knjige-dragane-rajblovic-moj-everest-san-i-java\/","url_meta":{"origin":4489,"position":2},"title":"(Montenegro) Promocija knjige Dragane Rajblovi\u0107 &#8220;Moj Everest san i java&#8221;","author":"Dragan Bulatovic","date":"Monday December 18th, 2017","format":false,"excerpt":"Sorry, this entry is only available in Montenegro.","rel":"","context":"In &quot;News&quot;","block_context":{"text":"News","link":"https:\/\/pscg.me\/en\/category\/novosti\/"},"img":{"alt_text":"","src":"https:\/\/i0.wp.com\/pscg.me\/wp-content\/uploads\/2018\/02\/Moj-everest.jpg?resize=350%2C200&ssl=1","width":350,"height":200,"srcset":"https:\/\/i0.wp.com\/pscg.me\/wp-content\/uploads\/2018\/02\/Moj-everest.jpg?resize=350%2C200&ssl=1 1x, https:\/\/i0.wp.com\/pscg.me\/wp-content\/uploads\/2018\/02\/Moj-everest.jpg?resize=525%2C300&ssl=1 1.5x"},"classes":[]},{"id":2740,"url":"https:\/\/pscg.me\/en\/4-oktobar-2008-dan-kada-su-pomjerene-granice-crnogorskog-alpinizma-uspon-na-manaslu-8163-m\/","url_meta":{"origin":4489,"position":3},"title":"(Montenegro) 4. oktobar 2008. Dan kada su pomjerene granice crnogorskog alpinizma &#8211; Uspon na MANASLU 8163 m","author":"Dragan Bulatovic","date":"Sunday October  4th, 2020","format":false,"excerpt":"Sorry, this entry is only available in Montenegro.","rel":"","context":"In &quot;News&quot;","block_context":{"text":"News","link":"https:\/\/pscg.me\/en\/category\/novosti\/"},"img":{"alt_text":"","src":"https:\/\/i0.wp.com\/pscg.me\/wp-content\/uploads\/2020\/10\/Manaslu.jpg?resize=350%2C200&ssl=1","width":350,"height":200,"srcset":"https:\/\/i0.wp.com\/pscg.me\/wp-content\/uploads\/2020\/10\/Manaslu.jpg?resize=350%2C200&ssl=1 1x, https:\/\/i0.wp.com\/pscg.me\/wp-content\/uploads\/2020\/10\/Manaslu.jpg?resize=525%2C300&ssl=1 1.5x, https:\/\/i0.wp.com\/pscg.me\/wp-content\/uploads\/2020\/10\/Manaslu.jpg?resize=700%2C400&ssl=1 2x, https:\/\/i0.wp.com\/pscg.me\/wp-content\/uploads\/2020\/10\/Manaslu.jpg?resize=1050%2C600&ssl=1 3x, https:\/\/i0.wp.com\/pscg.me\/wp-content\/uploads\/2020\/10\/Manaslu.jpg?resize=1400%2C800&ssl=1 4x"},"classes":[]},{"id":4071,"url":"https:\/\/pscg.me\/en\/uspjesno-izvedena-medjunarodna-planinarska-ekspedicija-bmu-ararat-2022-expedition\/","url_meta":{"origin":4489,"position":4},"title":"(Montenegro) Bulatovi\u0107 i Popovi\u0107 na vrhu mitske planine &#8211; uspje\u0161no izvedena me\u0111unarodna planinarska ekspedicija \u201eBMU Ararat 2022 Expedition\u201c","author":"Tatjana Ivanovic","date":"Thursday September  1st, 2022","format":false,"excerpt":"Sorry, this entry is only available in Montenegro.","rel":"","context":"In &quot;News&quot;","block_context":{"text":"News","link":"https:\/\/pscg.me\/en\/category\/novosti\/"},"img":{"alt_text":"","src":"https:\/\/i0.wp.com\/pscg.me\/wp-content\/uploads\/2022\/09\/6-Copy-scaled.jpg?resize=350%2C200&ssl=1","width":350,"height":200,"srcset":"https:\/\/i0.wp.com\/pscg.me\/wp-content\/uploads\/2022\/09\/6-Copy-scaled.jpg?resize=350%2C200&ssl=1 1x, https:\/\/i0.wp.com\/pscg.me\/wp-content\/uploads\/2022\/09\/6-Copy-scaled.jpg?resize=525%2C300&ssl=1 1.5x, https:\/\/i0.wp.com\/pscg.me\/wp-content\/uploads\/2022\/09\/6-Copy-scaled.jpg?resize=700%2C400&ssl=1 2x, https:\/\/i0.wp.com\/pscg.me\/wp-content\/uploads\/2022\/09\/6-Copy-scaled.jpg?resize=1050%2C600&ssl=1 3x, https:\/\/i0.wp.com\/pscg.me\/wp-content\/uploads\/2022\/09\/6-Copy-scaled.jpg?resize=1400%2C800&ssl=1 4x"},"classes":[]},{"id":2677,"url":"https:\/\/pscg.me\/en\/sjecanje-na-milana-radovica-godisnjica-od-tragicne-smrti-slavnog-alpiniste\/","url_meta":{"origin":4489,"position":5},"title":"(Montenegro) SJE\u0106ANJE NA MILANA RADOVI\u0106A &#8211; Godi\u0161njica od tragi\u010dne smrti slavnog alpiniste","author":"Dragan Bulatovic","date":"Saturday August  8th, 2020","format":false,"excerpt":"Sorry, this entry is only available in Montenegro.","rel":"","context":"In &quot;News&quot;","block_context":{"text":"News","link":"https:\/\/pscg.me\/en\/category\/novosti\/"},"img":{"alt_text":"","src":"https:\/\/i0.wp.com\/pscg.me\/wp-content\/uploads\/2020\/08\/Untitled-1.png?resize=350%2C200&ssl=1","width":350,"height":200},"classes":[]}],"jetpack_sharing_enabled":true,"jetpack_shortlink":"https:\/\/wp.me\/p9BVX3-1ap","_links":{"self":[{"href":"https:\/\/pscg.me\/en\/wp-json\/wp\/v2\/posts\/4489","targetHints":{"allow":["GET"]}}],"collection":[{"href":"https:\/\/pscg.me\/en\/wp-json\/wp\/v2\/posts"}],"about":[{"href":"https:\/\/pscg.me\/en\/wp-json\/wp\/v2\/types\/post"}],"author":[{"embeddable":true,"href":"https:\/\/pscg.me\/en\/wp-json\/wp\/v2\/users\/3"}],"replies":[{"embeddable":true,"href":"https:\/\/pscg.me\/en\/wp-json\/wp\/v2\/comments?post=4489"}],"version-history":[{"count":0,"href":"https:\/\/pscg.me\/en\/wp-json\/wp\/v2\/posts\/4489\/revisions"}],"wp:featuredmedia":[{"embeddable":true,"href":"https:\/\/pscg.me\/en\/wp-json\/wp\/v2\/media\/4507"}],"wp:attachment":[{"href":"https:\/\/pscg.me\/en\/wp-json\/wp\/v2\/media?parent=4489"}],"wp:term":[{"taxonomy":"category","embeddable":true,"href":"https:\/\/pscg.me\/en\/wp-json\/wp\/v2\/categories?post=4489"},{"taxonomy":"post_tag","embeddable":true,"href":"https:\/\/pscg.me\/en\/wp-json\/wp\/v2\/tags?post=4489"}],"curies":[{"name":"wp","href":"https:\/\/api.w.org\/{rel}","templated":true}]}}