{"id":379,"date":"2018-02-15T20:12:59","date_gmt":"2018-02-15T19:12:59","guid":{"rendered":"http:\/\/pscg.me\/?p=379"},"modified":"2018-03-05T20:31:46","modified_gmt":"2018-03-05T19:31:46","slug":"promocija-pjesacke-staze-tatar-basta-suscepan-ratisevina-mokrine","status":"publish","type":"post","link":"https:\/\/pscg.me\/en\/promocija-pjesacke-staze-tatar-basta-suscepan-ratisevina-mokrine\/","title":{"rendered":"(Montenegro) Promocija pje\u0161a\u010dke staze Tatar ba\u0161ta Su\u0161\u0107epan Rati\u0161evina Mokrine"},"content":{"rendered":"<p class=\"qtranxs-available-languages-message qtranxs-available-languages-message-en\">Sorry, this entry is only available in <a href=\"https:\/\/pscg.me\/sr\/wp-json\/wp\/v2\/posts\/379\" class=\"qtranxs-available-language-link qtranxs-available-language-link-sr\" title=\"Montenegro\">Montenegro<\/a>.<\/p>","protected":false},"excerpt":{"rendered":"<p>Sorry, this entry is only available in Montenegro.<\/p>\n","protected":false},"author":2,"featured_media":381,"comment_status":"open","ping_status":"open","sticky":false,"template":"","format":"standard","meta":{"jetpack_post_was_ever_published":false,"_jetpack_newsletter_access":"","_jetpack_dont_email_post_to_subs":false,"_jetpack_newsletter_tier_id":0,"_jetpack_memberships_contains_paywalled_content":false,"_jetpack_memberships_contains_paid_content":false,"footnotes":""},"categories":[3],"tags":[],"class_list":["post-379","post","type-post","status-publish","format-standard","has-post-thumbnail","hentry","category-novosti"],"jetpack_featured_media_url":"https:\/\/pscg.me\/wp-content\/uploads\/2018\/03\/PK-SUBRA1357150268.jpg","jetpack_likes_enabled":true,"jetpack-related-posts":[{"id":669,"url":"https:\/\/pscg.me\/en\/selo-ubli-zivot-izmedju-mora-i-planine\/","url_meta":{"origin":379,"position":0},"title":"(Montenegro) Selo Ubli \u017eivot izmedju mora i planine","author":"Tatjana Ivanovic","date":"Friday March 16th, 2018","format":false,"excerpt":"Sorry, this entry is only available in Montenegro.","rel":"","context":"In &quot;News&quot;","block_context":{"text":"News","link":"https:\/\/pscg.me\/en\/category\/novosti\/"},"img":{"alt_text":"","src":"https:\/\/i0.wp.com\/pscg.me\/wp-content\/uploads\/2018\/03\/Pozivnica-za-doga%C4%91aj-na-Ublima-01.jpg?resize=350%2C200&ssl=1","width":350,"height":200,"srcset":"https:\/\/i0.wp.com\/pscg.me\/wp-content\/uploads\/2018\/03\/Pozivnica-za-doga%C4%91aj-na-Ublima-01.jpg?resize=350%2C200&ssl=1 1x, https:\/\/i0.wp.com\/pscg.me\/wp-content\/uploads\/2018\/03\/Pozivnica-za-doga%C4%91aj-na-Ublima-01.jpg?resize=525%2C300&ssl=1 1.5x, https:\/\/i0.wp.com\/pscg.me\/wp-content\/uploads\/2018\/03\/Pozivnica-za-doga%C4%91aj-na-Ublima-01.jpg?resize=700%2C400&ssl=1 2x"},"classes":[]},{"id":1556,"url":"https:\/\/pscg.me\/en\/poziv-na-promociju-planinarske-staze-kroz-srediste-masiva-orjena\/","url_meta":{"origin":379,"position":1},"title":"(Montenegro) POZIV NA PROMOCIJU PLANINARSKE STAZE KROZ SREDI\u0160TE MASIVA ORJENA","author":"Dragan Bulatovic","date":"Thursday November 29th, 2018","format":false,"excerpt":"Sorry, this entry is only available in Montenegro.","rel":"","context":"In &quot;News&quot;","block_context":{"text":"News","link":"https:\/\/pscg.me\/en\/category\/novosti\/"},"img":{"alt_text":"","src":"https:\/\/i0.wp.com\/pscg.me\/wp-content\/uploads\/2018\/11\/Staza-Vratlo-Orjen-sedlo.jpg?resize=350%2C200&ssl=1","width":350,"height":200,"srcset":"https:\/\/i0.wp.com\/pscg.me\/wp-content\/uploads\/2018\/11\/Staza-Vratlo-Orjen-sedlo.jpg?resize=350%2C200&ssl=1 1x, https:\/\/i0.wp.com\/pscg.me\/wp-content\/uploads\/2018\/11\/Staza-Vratlo-Orjen-sedlo.jpg?resize=525%2C300&ssl=1 1.5x, https:\/\/i0.wp.com\/pscg.me\/wp-content\/uploads\/2018\/11\/Staza-Vratlo-Orjen-sedlo.jpg?resize=700%2C400&ssl=1 2x"},"classes":[]},{"id":5454,"url":"https:\/\/pscg.me\/en\/poziv-na-planinarsku-turu-traboin-%e1%b8%89emerr-gerzoj\/","url_meta":{"origin":379,"position":2},"title":"(Montenegro) Poziv na planinarsku turu Traboin &#8211; \u1e08emerr \u2013 G\u0115rzoj","author":"Tatjana Ivanovic","date":"Thursday April 11th, 2024","format":false,"excerpt":"Sorry, this entry is only available in Montenegro.","rel":"","context":"In &quot;News&quot;","block_context":{"text":"News","link":"https:\/\/pscg.me\/en\/category\/novosti\/"},"img":{"alt_text":"","src":"https:\/\/i0.wp.com\/pscg.me\/wp-content\/uploads\/2024\/04\/39544636-9FF3-4239-9E3A-4023D790FFBB.jpeg?resize=350%2C200&ssl=1","width":350,"height":200,"srcset":"https:\/\/i0.wp.com\/pscg.me\/wp-content\/uploads\/2024\/04\/39544636-9FF3-4239-9E3A-4023D790FFBB.jpeg?resize=350%2C200&ssl=1 1x, https:\/\/i0.wp.com\/pscg.me\/wp-content\/uploads\/2024\/04\/39544636-9FF3-4239-9E3A-4023D790FFBB.jpeg?resize=525%2C300&ssl=1 1.5x, https:\/\/i0.wp.com\/pscg.me\/wp-content\/uploads\/2024\/04\/39544636-9FF3-4239-9E3A-4023D790FFBB.jpeg?resize=700%2C400&ssl=1 2x, https:\/\/i0.wp.com\/pscg.me\/wp-content\/uploads\/2024\/04\/39544636-9FF3-4239-9E3A-4023D790FFBB.jpeg?resize=1050%2C600&ssl=1 3x"},"classes":[]},{"id":1757,"url":"https:\/\/pscg.me\/en\/edukativna-pjesacka-tura-voda-u-krsu\/","url_meta":{"origin":379,"position":3},"title":"(Montenegro) Edukativna pje\u0161a\u010dka tura &#8220;Voda u kr\u0161u&#8221;","author":"Tatjana Ivanovic","date":"Friday March 22nd, 2019","format":false,"excerpt":"Sorry, this entry is only available in Montenegro.","rel":"","context":"In &quot;News&quot;","block_context":{"text":"News","link":"https:\/\/pscg.me\/en\/category\/novosti\/"},"img":{"alt_text":"","src":"https:\/\/i0.wp.com\/pscg.me\/wp-content\/uploads\/2019\/03\/54522643_561756357667198_1384506068192722944_n.jpg?resize=350%2C200&ssl=1","width":350,"height":200,"srcset":"https:\/\/i0.wp.com\/pscg.me\/wp-content\/uploads\/2019\/03\/54522643_561756357667198_1384506068192722944_n.jpg?resize=350%2C200&ssl=1 1x, https:\/\/i0.wp.com\/pscg.me\/wp-content\/uploads\/2019\/03\/54522643_561756357667198_1384506068192722944_n.jpg?resize=525%2C300&ssl=1 1.5x, https:\/\/i0.wp.com\/pscg.me\/wp-content\/uploads\/2019\/03\/54522643_561756357667198_1384506068192722944_n.jpg?resize=700%2C400&ssl=1 2x"},"classes":[]},{"id":1664,"url":"https:\/\/pscg.me\/en\/2-memorijalni-pohod-na-skijama-i-krpljama-nenad-vukomanovic-vuksin-mars\/","url_meta":{"origin":379,"position":4},"title":"(Montenegro) 2. Memorijalni pohod na skijama i krpljama \u201eNenad Vukomanovi\u0107 &#8211; Vuk\u0161in mar\u0161\u201c","author":"Tatjana Ivanovic","date":"Tuesday January 15th, 2019","format":false,"excerpt":"Sorry, this entry is only available in Montenegro.","rel":"","context":"In &quot;News&quot;","block_context":{"text":"News","link":"https:\/\/pscg.me\/en\/category\/novosti\/"},"img":{"alt_text":"","src":"https:\/\/i0.wp.com\/pscg.me\/wp-content\/uploads\/2019\/01\/Logo-Vuk%C5%A1in-memorijal.jpg?resize=350%2C200&ssl=1","width":350,"height":200,"srcset":"https:\/\/i0.wp.com\/pscg.me\/wp-content\/uploads\/2019\/01\/Logo-Vuk%C5%A1in-memorijal.jpg?resize=350%2C200&ssl=1 1x, https:\/\/i0.wp.com\/pscg.me\/wp-content\/uploads\/2019\/01\/Logo-Vuk%C5%A1in-memorijal.jpg?resize=525%2C300&ssl=1 1.5x, https:\/\/i0.wp.com\/pscg.me\/wp-content\/uploads\/2019\/01\/Logo-Vuk%C5%A1in-memorijal.jpg?resize=700%2C400&ssl=1 2x"},"classes":[]},{"id":2409,"url":"https:\/\/pscg.me\/en\/3-memorijalni-pohod-na-skijama-i-krpljama-nenad-vukomanovic-vuksin-mars-2020\/","url_meta":{"origin":379,"position":5},"title":"(Montenegro) 3. MEMORIJALNI POHOD NA SKIJAMA I KRPLJAMA \u201eNENAD VUKOMANOVI\u0106\u201c &#8211; VUK\u0160IN MAR\u0160 2020.","author":"Tatjana Ivanovic","date":"Monday January 13th, 2020","format":false,"excerpt":"Sorry, this entry is only available in Montenegro.","rel":"","context":"In &quot;News&quot;","block_context":{"text":"News","link":"https:\/\/pscg.me\/en\/category\/novosti\/"},"img":{"alt_text":"","src":"https:\/\/i0.wp.com\/pscg.me\/wp-content\/uploads\/2019\/01\/Amblem-Kluba.jpg?resize=350%2C200&ssl=1","width":350,"height":200,"srcset":"https:\/\/i0.wp.com\/pscg.me\/wp-content\/uploads\/2019\/01\/Amblem-Kluba.jpg?resize=350%2C200&ssl=1 1x, https:\/\/i0.wp.com\/pscg.me\/wp-content\/uploads\/2019\/01\/Amblem-Kluba.jpg?resize=525%2C300&ssl=1 1.5x, https:\/\/i0.wp.com\/pscg.me\/wp-content\/uploads\/2019\/01\/Amblem-Kluba.jpg?resize=700%2C400&ssl=1 2x"},"classes":[]}],"jetpack_sharing_enabled":true,"jetpack_shortlink":"https:\/\/wp.me\/p9BVX3-67","_links":{"self":[{"href":"https:\/\/pscg.me\/en\/wp-json\/wp\/v2\/posts\/379","targetHints":{"allow":["GET"]}}],"collection":[{"href":"https:\/\/pscg.me\/en\/wp-json\/wp\/v2\/posts"}],"about":[{"href":"https:\/\/pscg.me\/en\/wp-json\/wp\/v2\/types\/post"}],"author":[{"embeddable":true,"href":"https:\/\/pscg.me\/en\/wp-json\/wp\/v2\/users\/2"}],"replies":[{"embeddable":true,"href":"https:\/\/pscg.me\/en\/wp-json\/wp\/v2\/comments?post=379"}],"version-history":[{"count":0,"href":"https:\/\/pscg.me\/en\/wp-json\/wp\/v2\/posts\/379\/revisions"}],"wp:featuredmedia":[{"embeddable":true,"href":"https:\/\/pscg.me\/en\/wp-json\/wp\/v2\/media\/381"}],"wp:attachment":[{"href":"https:\/\/pscg.me\/en\/wp-json\/wp\/v2\/media?parent=379"}],"wp:term":[{"taxonomy":"category","embeddable":true,"href":"https:\/\/pscg.me\/en\/wp-json\/wp\/v2\/categories?post=379"},{"taxonomy":"post_tag","embeddable":true,"href":"https:\/\/pscg.me\/en\/wp-json\/wp\/v2\/tags?post=379"}],"curies":[{"name":"wp","href":"https:\/\/api.w.org\/{rel}","templated":true}]}}