{"id":3134,"date":"2021-07-22T10:04:56","date_gmt":"2021-07-22T09:04:56","guid":{"rendered":"http:\/\/pscg.me\/?p=3134"},"modified":"2021-07-22T10:04:56","modified_gmt":"2021-07-22T09:04:56","slug":"poziv-na-19-memorijal-vasojevickog-koma-vera-vincek-i-pavle-milosevic","status":"publish","type":"post","link":"https:\/\/pscg.me\/en\/poziv-na-19-memorijal-vasojevickog-koma-vera-vincek-i-pavle-milosevic\/","title":{"rendered":"(Montenegro) Poziv na 19. Memorijal Vasojevi\u0107kog Koma Vera Vincek i Pavle Milo\u0161evi\u0107"},"content":{"rendered":"<p class=\"qtranxs-available-languages-message qtranxs-available-languages-message-en\">Sorry, this entry is only available in <a href=\"https:\/\/pscg.me\/sr\/wp-json\/wp\/v2\/posts\/3134\" class=\"qtranxs-available-language-link qtranxs-available-language-link-sr\" title=\"Montenegro\">Montenegro<\/a>.<\/p>","protected":false},"excerpt":{"rendered":"<p>Sorry, this entry is only available in Montenegro.<\/p>\n","protected":false},"author":3,"featured_media":3135,"comment_status":"open","ping_status":"open","sticky":false,"template":"","format":"standard","meta":{"jetpack_post_was_ever_published":false,"_jetpack_newsletter_access":"","_jetpack_dont_email_post_to_subs":false,"_jetpack_newsletter_tier_id":0,"_jetpack_memberships_contains_paywalled_content":false,"_jetpack_memberships_contains_paid_content":false,"footnotes":""},"categories":[3],"tags":[],"class_list":["post-3134","post","type-post","status-publish","format-standard","has-post-thumbnail","hentry","category-novosti"],"jetpack_featured_media_url":"https:\/\/pscg.me\/wp-content\/uploads\/2021\/07\/Memorijal-Vasojevicki-kom.jpg","jetpack_likes_enabled":true,"jetpack-related-posts":[{"id":4790,"url":"https:\/\/pscg.me\/en\/dobro-dosli-na-21-memorijal-vasojevickog-koma-vera-vincek-i-pavle-milosevic\/","url_meta":{"origin":3134,"position":0},"title":"(Montenegro) Dobro do\u0161li na 21. Memorijal Vasojevi\u0107kog Koma &#8220;Vera Vincek i Pavle Milo\u0161evi\u0107&#8221;","author":"Tatjana Ivanovic","date":"Tuesday August  1st, 2023","format":false,"excerpt":"Sorry, this entry is only available in Montenegro.","rel":"","context":"In &quot;News&quot;","block_context":{"text":"News","link":"https:\/\/pscg.me\/en\/category\/novosti\/"},"img":{"alt_text":"","src":"https:\/\/i0.wp.com\/pscg.me\/wp-content\/uploads\/2023\/08\/Najava-Memorijal-Vasojevicki-Kom-1.jpg?resize=350%2C200&ssl=1","width":350,"height":200,"srcset":"https:\/\/i0.wp.com\/pscg.me\/wp-content\/uploads\/2023\/08\/Najava-Memorijal-Vasojevicki-Kom-1.jpg?resize=350%2C200&ssl=1 1x, https:\/\/i0.wp.com\/pscg.me\/wp-content\/uploads\/2023\/08\/Najava-Memorijal-Vasojevicki-Kom-1.jpg?resize=525%2C300&ssl=1 1.5x, https:\/\/i0.wp.com\/pscg.me\/wp-content\/uploads\/2023\/08\/Najava-Memorijal-Vasojevicki-Kom-1.jpg?resize=700%2C400&ssl=1 2x"},"classes":[]},{"id":6821,"url":"https:\/\/pscg.me\/en\/pozivamo-sve-ljubitelje-planina-na-23-memorijal-vasojevickog-koma-vera-vincek-i-pavle-milosevic\/","url_meta":{"origin":3134,"position":1},"title":"(Montenegro) Pozivamo sve ljubitelje planina na 23. Memorijal Vasojevi\u0107kog Koma \u201cVera Vincek i Pavle Milo\u0161evi\u0107\u201d","author":"Tatjana Ivanovic","date":"Wednesday July 30th, 2025","format":false,"excerpt":"Sorry, this entry is only available in Montenegro.","rel":"","context":"In &quot;News&quot;","block_context":{"text":"News","link":"https:\/\/pscg.me\/en\/category\/novosti\/"},"img":{"alt_text":"","src":"https:\/\/i0.wp.com\/pscg.me\/wp-content\/uploads\/2025\/07\/73B1909E-A72E-4AAD-8561-4850E3D94050.jpeg?resize=350%2C200&ssl=1","width":350,"height":200,"srcset":"https:\/\/i0.wp.com\/pscg.me\/wp-content\/uploads\/2025\/07\/73B1909E-A72E-4AAD-8561-4850E3D94050.jpeg?resize=350%2C200&ssl=1 1x, https:\/\/i0.wp.com\/pscg.me\/wp-content\/uploads\/2025\/07\/73B1909E-A72E-4AAD-8561-4850E3D94050.jpeg?resize=525%2C300&ssl=1 1.5x, https:\/\/i0.wp.com\/pscg.me\/wp-content\/uploads\/2025\/07\/73B1909E-A72E-4AAD-8561-4850E3D94050.jpeg?resize=700%2C400&ssl=1 2x, https:\/\/i0.wp.com\/pscg.me\/wp-content\/uploads\/2025\/07\/73B1909E-A72E-4AAD-8561-4850E3D94050.jpeg?resize=1050%2C600&ssl=1 3x"},"classes":[]},{"id":3862,"url":"https:\/\/pscg.me\/en\/xx-jubilarni-medjunarodni-memorijal-vasojevickog-koma-vera-vincek-i-pavle-milosevic\/","url_meta":{"origin":3134,"position":2},"title":"(Montenegro) XX Jubilarni me\u0111unarodni memorijal Vasojevi\u0107kog Koma Vera Vincek i Pavle Milo\u0161evi\u0107","author":"Tatjana Ivanovic","date":"Thursday July 21st, 2022","format":false,"excerpt":"Sorry, this entry is only available in Montenegro.","rel":"","context":"In &quot;News&quot;","block_context":{"text":"News","link":"https:\/\/pscg.me\/en\/category\/novosti\/"},"img":{"alt_text":"","src":"https:\/\/i0.wp.com\/pscg.me\/wp-content\/uploads\/2022\/07\/Vasojevicki-Kom.jpg?resize=350%2C200","width":350,"height":200,"srcset":"https:\/\/i0.wp.com\/pscg.me\/wp-content\/uploads\/2022\/07\/Vasojevicki-Kom.jpg?resize=350%2C200 1x, https:\/\/i0.wp.com\/pscg.me\/wp-content\/uploads\/2022\/07\/Vasojevicki-Kom.jpg?resize=525%2C300 1.5x, https:\/\/i0.wp.com\/pscg.me\/wp-content\/uploads\/2022\/07\/Vasojevicki-Kom.jpg?resize=700%2C400 2x"},"classes":[]},{"id":1171,"url":"https:\/\/pscg.me\/en\/15-memorijal-vasojevickog-koma-vera-vincek-pavle-milosevic\/","url_meta":{"origin":3134,"position":3},"title":"(Montenegro) 15. Memorijal Vasojevi\u0107kog Koma &#8220;Vera Vincek &#8211; Pavle Milo\u0161evi\u0107&#8221; &#8211; Poziv","author":"Tatjana Ivanovic","date":"Friday July 20th, 2018","format":false,"excerpt":"Sorry, this entry is only available in Montenegro.","rel":"","context":"In &quot;News&quot;","block_context":{"text":"News","link":"https:\/\/pscg.me\/en\/category\/novosti\/"},"img":{"alt_text":"","src":"https:\/\/i0.wp.com\/pscg.me\/wp-content\/uploads\/2018\/07\/Memorijal-na-Komovima-2018-1024x791.jpg?resize=350%2C200","width":350,"height":200,"srcset":"https:\/\/i0.wp.com\/pscg.me\/wp-content\/uploads\/2018\/07\/Memorijal-na-Komovima-2018-1024x791.jpg?resize=350%2C200 1x, https:\/\/i0.wp.com\/pscg.me\/wp-content\/uploads\/2018\/07\/Memorijal-na-Komovima-2018-1024x791.jpg?resize=525%2C300 1.5x, https:\/\/i0.wp.com\/pscg.me\/wp-content\/uploads\/2018\/07\/Memorijal-na-Komovima-2018-1024x791.jpg?resize=700%2C400 2x"},"classes":[]},{"id":2095,"url":"https:\/\/pscg.me\/en\/poziv-na-16-memorijal-vasojevickog-koma\/","url_meta":{"origin":3134,"position":4},"title":"(Montenegro) Poziv na 16. Memorijal Vasojevi\u0107kog Koma","author":"Tatjana Ivanovic","date":"Friday July 19th, 2019","format":false,"excerpt":"Sorry, this entry is only available in Montenegro.","rel":"","context":"In &quot;News&quot;","block_context":{"text":"News","link":"https:\/\/pscg.me\/en\/category\/novosti\/"},"img":{"alt_text":"","src":"https:\/\/i0.wp.com\/pscg.me\/wp-content\/uploads\/2019\/07\/Vasojevicki-Kom.png?resize=350%2C200&ssl=1","width":350,"height":200,"srcset":"https:\/\/i0.wp.com\/pscg.me\/wp-content\/uploads\/2019\/07\/Vasojevicki-Kom.png?resize=350%2C200&ssl=1 1x, https:\/\/i0.wp.com\/pscg.me\/wp-content\/uploads\/2019\/07\/Vasojevicki-Kom.png?resize=525%2C300&ssl=1 1.5x, https:\/\/i0.wp.com\/pscg.me\/wp-content\/uploads\/2019\/07\/Vasojevicki-Kom.png?resize=700%2C400&ssl=1 2x, https:\/\/i0.wp.com\/pscg.me\/wp-content\/uploads\/2019\/07\/Vasojevicki-Kom.png?resize=1050%2C600&ssl=1 3x, https:\/\/i0.wp.com\/pscg.me\/wp-content\/uploads\/2019\/07\/Vasojevicki-Kom.png?resize=1400%2C800&ssl=1 4x"},"classes":[]},{"id":5777,"url":"https:\/\/pscg.me\/en\/pozivamo-vas-na-memorijalni-pohod-na-vasojevicki-kom-pavle-milosevic-i-vera-vincek\/","url_meta":{"origin":3134,"position":5},"title":"(Montenegro) Pozivamo Vas na memorijalni pohod na Vasojevi\u0107ki Kom \u201cPavle Milo\u0161evi\u0107 i Vera Vincek\u201d","author":"Tatjana Ivanovic","date":"Sunday August  4th, 2024","format":false,"excerpt":"Sorry, this entry is only available in Montenegro.","rel":"","context":"In &quot;News&quot;","block_context":{"text":"News","link":"https:\/\/pscg.me\/en\/category\/novosti\/"},"img":{"alt_text":"","src":"https:\/\/i0.wp.com\/pscg.me\/wp-content\/uploads\/2024\/08\/01B99235-42E3-438A-AECD-FEF26A32F7EA.jpeg?resize=350%2C200&ssl=1","width":350,"height":200,"srcset":"https:\/\/i0.wp.com\/pscg.me\/wp-content\/uploads\/2024\/08\/01B99235-42E3-438A-AECD-FEF26A32F7EA.jpeg?resize=350%2C200&ssl=1 1x, https:\/\/i0.wp.com\/pscg.me\/wp-content\/uploads\/2024\/08\/01B99235-42E3-438A-AECD-FEF26A32F7EA.jpeg?resize=525%2C300&ssl=1 1.5x, https:\/\/i0.wp.com\/pscg.me\/wp-content\/uploads\/2024\/08\/01B99235-42E3-438A-AECD-FEF26A32F7EA.jpeg?resize=700%2C400&ssl=1 2x, https:\/\/i0.wp.com\/pscg.me\/wp-content\/uploads\/2024\/08\/01B99235-42E3-438A-AECD-FEF26A32F7EA.jpeg?resize=1050%2C600&ssl=1 3x"},"classes":[]}],"jetpack_sharing_enabled":true,"jetpack_shortlink":"https:\/\/wp.me\/p9BVX3-Oy","_links":{"self":[{"href":"https:\/\/pscg.me\/en\/wp-json\/wp\/v2\/posts\/3134","targetHints":{"allow":["GET"]}}],"collection":[{"href":"https:\/\/pscg.me\/en\/wp-json\/wp\/v2\/posts"}],"about":[{"href":"https:\/\/pscg.me\/en\/wp-json\/wp\/v2\/types\/post"}],"author":[{"embeddable":true,"href":"https:\/\/pscg.me\/en\/wp-json\/wp\/v2\/users\/3"}],"replies":[{"embeddable":true,"href":"https:\/\/pscg.me\/en\/wp-json\/wp\/v2\/comments?post=3134"}],"version-history":[{"count":0,"href":"https:\/\/pscg.me\/en\/wp-json\/wp\/v2\/posts\/3134\/revisions"}],"wp:featuredmedia":[{"embeddable":true,"href":"https:\/\/pscg.me\/en\/wp-json\/wp\/v2\/media\/3135"}],"wp:attachment":[{"href":"https:\/\/pscg.me\/en\/wp-json\/wp\/v2\/media?parent=3134"}],"wp:term":[{"taxonomy":"category","embeddable":true,"href":"https:\/\/pscg.me\/en\/wp-json\/wp\/v2\/categories?post=3134"},{"taxonomy":"post_tag","embeddable":true,"href":"https:\/\/pscg.me\/en\/wp-json\/wp\/v2\/tags?post=3134"}],"curies":[{"name":"wp","href":"https:\/\/api.w.org\/{rel}","templated":true}]}}