{"id":2740,"date":"2020-10-04T10:25:11","date_gmt":"2020-10-04T09:25:11","guid":{"rendered":"http:\/\/pscg.me\/?p=2740"},"modified":"2020-10-04T16:54:52","modified_gmt":"2020-10-04T15:54:52","slug":"4-oktobar-2008-dan-kada-su-pomjerene-granice-crnogorskog-alpinizma-uspon-na-manaslu-8163-m","status":"publish","type":"post","link":"https:\/\/pscg.me\/en\/4-oktobar-2008-dan-kada-su-pomjerene-granice-crnogorskog-alpinizma-uspon-na-manaslu-8163-m\/","title":{"rendered":"(Montenegro) 4. oktobar 2008. Dan kada su pomjerene granice crnogorskog alpinizma &#8211; Uspon na MANASLU 8163 m"},"content":{"rendered":"<p class=\"qtranxs-available-languages-message qtranxs-available-languages-message-en\">Sorry, this entry is only available in <a href=\"https:\/\/pscg.me\/sr\/wp-json\/wp\/v2\/posts\/2740\" class=\"qtranxs-available-language-link qtranxs-available-language-link-sr\" title=\"Montenegro\">Montenegro<\/a>.<\/p>","protected":false},"excerpt":{"rendered":"<p>Sorry, this entry is only available in Montenegro.<\/p>\n","protected":false},"author":2,"featured_media":2742,"comment_status":"open","ping_status":"open","sticky":false,"template":"","format":"standard","meta":{"jetpack_post_was_ever_published":false,"_jetpack_newsletter_access":"","_jetpack_dont_email_post_to_subs":false,"_jetpack_newsletter_tier_id":0,"_jetpack_memberships_contains_paywalled_content":false,"_jetpack_memberships_contains_paid_content":false,"footnotes":""},"categories":[3],"tags":[],"class_list":["post-2740","post","type-post","status-publish","format-standard","has-post-thumbnail","hentry","category-novosti"],"jetpack_featured_media_url":"https:\/\/pscg.me\/wp-content\/uploads\/2020\/10\/Manaslu.jpg","jetpack_likes_enabled":true,"jetpack-related-posts":[{"id":2164,"url":"https:\/\/pscg.me\/en\/saopstenje\/","url_meta":{"origin":2740,"position":0},"title":"(Montenegro) SAOP\u0160TENJE","author":"spetrov","date":"Saturday August 10th, 2019","format":false,"excerpt":"Sorry, this entry is only available in Montenegro.","rel":"","context":"In &quot;News&quot;","block_context":{"text":"News","link":"https:\/\/pscg.me\/en\/category\/novosti\/"},"img":{"alt_text":"","src":"https:\/\/i0.wp.com\/pscg.me\/wp-content\/uploads\/2019\/08\/milan-1.jpg?resize=350%2C200","width":350,"height":200},"classes":[]},{"id":2677,"url":"https:\/\/pscg.me\/en\/sjecanje-na-milana-radovica-godisnjica-od-tragicne-smrti-slavnog-alpiniste\/","url_meta":{"origin":2740,"position":1},"title":"(Montenegro) SJE\u0106ANJE NA MILANA RADOVI\u0106A &#8211; Godi\u0161njica od tragi\u010dne smrti slavnog alpiniste","author":"Dragan Bulatovic","date":"Saturday August  8th, 2020","format":false,"excerpt":"Sorry, this entry is only available in Montenegro.","rel":"","context":"In &quot;News&quot;","block_context":{"text":"News","link":"https:\/\/pscg.me\/en\/category\/novosti\/"},"img":{"alt_text":"","src":"https:\/\/i0.wp.com\/pscg.me\/wp-content\/uploads\/2020\/08\/Untitled-1.png?resize=350%2C200&ssl=1","width":350,"height":200},"classes":[]},{"id":5578,"url":"https:\/\/pscg.me\/en\/dan-kada-je-aplaudirala-nacija-23-maj-2010\/","url_meta":{"origin":2740,"position":2},"title":"(Montenegro) Dan kada je aplaudirala nacija &#8211; 23. maj 2010.","author":"Tatjana Ivanovic","date":"Thursday May 23rd, 2024","format":false,"excerpt":"Sorry, this entry is only available in Montenegro.","rel":"","context":"In &quot;News&quot;","block_context":{"text":"News","link":"https:\/\/pscg.me\/en\/category\/novosti\/"},"img":{"alt_text":"","src":"https:\/\/i0.wp.com\/pscg.me\/wp-content\/uploads\/2024\/05\/A7A1A822-5CDE-40ED-8D79-E8F56118ABA1.jpeg?resize=350%2C200&ssl=1","width":350,"height":200,"srcset":"https:\/\/i0.wp.com\/pscg.me\/wp-content\/uploads\/2024\/05\/A7A1A822-5CDE-40ED-8D79-E8F56118ABA1.jpeg?resize=350%2C200&ssl=1 1x, https:\/\/i0.wp.com\/pscg.me\/wp-content\/uploads\/2024\/05\/A7A1A822-5CDE-40ED-8D79-E8F56118ABA1.jpeg?resize=525%2C300&ssl=1 1.5x, https:\/\/i0.wp.com\/pscg.me\/wp-content\/uploads\/2024\/05\/A7A1A822-5CDE-40ED-8D79-E8F56118ABA1.jpeg?resize=700%2C400&ssl=1 2x"},"classes":[]},{"id":776,"url":"https:\/\/pscg.me\/en\/crnogorska-zastava-na-mont-everestu\/","url_meta":{"origin":2740,"position":3},"title":"(Montenegro) Crnogorska zastava na Mont Everestu","author":"Dragan Bulatovic","date":"Wednesday May 26th, 2010","format":false,"excerpt":"Sorry, this entry is only available in Montenegro.","rel":"","context":"In &quot;News&quot;","block_context":{"text":"News","link":"https:\/\/pscg.me\/en\/category\/novosti\/"},"img":{"alt_text":"","src":"","width":0,"height":0},"classes":[]},{"id":6305,"url":"https:\/\/pscg.me\/en\/cestitamo-na-izvanrednim-rezultatima-sportskom-alpinistickom-klubu-slobodni-penjaci\/","url_meta":{"origin":2740,"position":4},"title":"(Montenegro) \u010cestitamo na izvanrednim rezultatima Sportskom alpinisti\u010dkom klubu Slobodni penja\u010di","author":"Tatjana Ivanovic","date":"Thursday February 27th, 2025","format":false,"excerpt":"Sorry, this entry is only available in Montenegro.","rel":"","context":"In &quot;News&quot;","block_context":{"text":"News","link":"https:\/\/pscg.me\/en\/category\/novosti\/"},"img":{"alt_text":"","src":"https:\/\/i0.wp.com\/pscg.me\/wp-content\/uploads\/2025\/02\/IMG_6024.jpeg?resize=350%2C200&ssl=1","width":350,"height":200,"srcset":"https:\/\/i0.wp.com\/pscg.me\/wp-content\/uploads\/2025\/02\/IMG_6024.jpeg?resize=350%2C200&ssl=1 1x, https:\/\/i0.wp.com\/pscg.me\/wp-content\/uploads\/2025\/02\/IMG_6024.jpeg?resize=525%2C300&ssl=1 1.5x, https:\/\/i0.wp.com\/pscg.me\/wp-content\/uploads\/2025\/02\/IMG_6024.jpeg?resize=700%2C400&ssl=1 2x, https:\/\/i0.wp.com\/pscg.me\/wp-content\/uploads\/2025\/02\/IMG_6024.jpeg?resize=1050%2C600&ssl=1 3x"},"classes":[]},{"id":4489,"url":"https:\/\/pscg.me\/en\/odrzana-prezentacija-moj-izbor-kristofa-vilickog\/","url_meta":{"origin":2740,"position":5},"title":"(Montenegro) Odr\u017eana prezentacija Moj izbor &#8211; Kristofa \u00a0Vilickog","author":"Tatjana Ivanovic","date":"Wednesday April 19th, 2023","format":false,"excerpt":"Sorry, this entry is only available in Montenegro.","rel":"","context":"In &quot;News&quot;","block_context":{"text":"News","link":"https:\/\/pscg.me\/en\/category\/novosti\/"},"img":{"alt_text":"","src":"https:\/\/i0.wp.com\/pscg.me\/wp-content\/uploads\/2023\/04\/Kristof-Wielicki.jpg?resize=350%2C200&ssl=1","width":350,"height":200,"srcset":"https:\/\/i0.wp.com\/pscg.me\/wp-content\/uploads\/2023\/04\/Kristof-Wielicki.jpg?resize=350%2C200&ssl=1 1x, https:\/\/i0.wp.com\/pscg.me\/wp-content\/uploads\/2023\/04\/Kristof-Wielicki.jpg?resize=525%2C300&ssl=1 1.5x, https:\/\/i0.wp.com\/pscg.me\/wp-content\/uploads\/2023\/04\/Kristof-Wielicki.jpg?resize=700%2C400&ssl=1 2x, https:\/\/i0.wp.com\/pscg.me\/wp-content\/uploads\/2023\/04\/Kristof-Wielicki.jpg?resize=1050%2C600&ssl=1 3x, https:\/\/i0.wp.com\/pscg.me\/wp-content\/uploads\/2023\/04\/Kristof-Wielicki.jpg?resize=1400%2C800&ssl=1 4x"},"classes":[]}],"jetpack_sharing_enabled":true,"jetpack_shortlink":"https:\/\/wp.me\/p9BVX3-Ic","_links":{"self":[{"href":"https:\/\/pscg.me\/en\/wp-json\/wp\/v2\/posts\/2740","targetHints":{"allow":["GET"]}}],"collection":[{"href":"https:\/\/pscg.me\/en\/wp-json\/wp\/v2\/posts"}],"about":[{"href":"https:\/\/pscg.me\/en\/wp-json\/wp\/v2\/types\/post"}],"author":[{"embeddable":true,"href":"https:\/\/pscg.me\/en\/wp-json\/wp\/v2\/users\/2"}],"replies":[{"embeddable":true,"href":"https:\/\/pscg.me\/en\/wp-json\/wp\/v2\/comments?post=2740"}],"version-history":[{"count":0,"href":"https:\/\/pscg.me\/en\/wp-json\/wp\/v2\/posts\/2740\/revisions"}],"wp:featuredmedia":[{"embeddable":true,"href":"https:\/\/pscg.me\/en\/wp-json\/wp\/v2\/media\/2742"}],"wp:attachment":[{"href":"https:\/\/pscg.me\/en\/wp-json\/wp\/v2\/media?parent=2740"}],"wp:term":[{"taxonomy":"category","embeddable":true,"href":"https:\/\/pscg.me\/en\/wp-json\/wp\/v2\/categories?post=2740"},{"taxonomy":"post_tag","embeddable":true,"href":"https:\/\/pscg.me\/en\/wp-json\/wp\/v2\/tags?post=2740"}],"curies":[{"name":"wp","href":"https:\/\/api.w.org\/{rel}","templated":true}]}}