{"id":2319,"date":"2019-07-17T14:15:18","date_gmt":"2019-07-17T13:15:18","guid":{"rendered":"http:\/\/pscg.me\/?p=2319"},"modified":"2019-11-12T14:19:11","modified_gmt":"2019-11-12T13:19:11","slug":"odluka-o-izboru-domacina-za-odrzavanje-planinskih-staza-2019-2020","status":"publish","type":"post","link":"https:\/\/pscg.me\/en\/odluka-o-izboru-domacina-za-odrzavanje-planinskih-staza-2019-2020\/","title":{"rendered":"(Montenegro) Odluka o izboru doma\u0107ina za odr\u017eavanje planinskih staza 2019 &#8211; 2020."},"content":{"rendered":"<p class=\"qtranxs-available-languages-message qtranxs-available-languages-message-en\">Sorry, this entry is only available in <a href=\"https:\/\/pscg.me\/sr\/wp-json\/wp\/v2\/posts\/2319\" class=\"qtranxs-available-language-link qtranxs-available-language-link-sr\" title=\"Montenegro\">Montenegro<\/a>.<\/p>","protected":false},"excerpt":{"rendered":"<p>Sorry, this entry is only available in Montenegro.<\/p>\n","protected":false},"author":1,"featured_media":0,"comment_status":"open","ping_status":"open","sticky":false,"template":"","format":"standard","meta":{"jetpack_post_was_ever_published":false,"_jetpack_newsletter_access":"","_jetpack_dont_email_post_to_subs":false,"_jetpack_newsletter_tier_id":0,"_jetpack_memberships_contains_paywalled_content":false,"_jetpack_memberships_contains_paid_content":false,"footnotes":""},"categories":[3,17],"tags":[],"class_list":["post-2319","post","type-post","status-publish","format-standard","hentry","category-novosti","category-annc"],"jetpack_featured_media_url":"","jetpack_likes_enabled":true,"jetpack-related-posts":[{"id":3293,"url":"https:\/\/pscg.me\/en\/odluka-o-izboru-domacina-za-tekuce-odrzavanje-staza-nacionalne-mreze-u-2021-godini\/","url_meta":{"origin":2319,"position":0},"title":"(Montenegro) Odluka o izboru doma\u0107ina za teku\u0107e odr\u017eavanje staza nacionalne mre\u017ee u 2021. godini","author":"Tatjana Ivanovic","date":"Tuesday October 12th, 2021","format":false,"excerpt":"Sorry, this entry is only available in Montenegro.","rel":"","context":"In &quot;News&quot;","block_context":{"text":"News","link":"https:\/\/pscg.me\/en\/category\/novosti\/"},"img":{"alt_text":"","src":"https:\/\/i0.wp.com\/pscg.me\/wp-content\/uploads\/2021\/10\/1-2.jpg?resize=350%2C200","width":350,"height":200,"srcset":"https:\/\/i0.wp.com\/pscg.me\/wp-content\/uploads\/2021\/10\/1-2.jpg?resize=350%2C200 1x, https:\/\/i0.wp.com\/pscg.me\/wp-content\/uploads\/2021\/10\/1-2.jpg?resize=525%2C300 1.5x"},"classes":[]},{"id":5054,"url":"https:\/\/pscg.me\/en\/odluka-o-izboru-domacina-za-tekuce-odrzavanje-planinskih-staza-nacionalne-mreze-za-2023-godinu\/","url_meta":{"origin":2319,"position":1},"title":"(Montenegro) ODLUKA  O IZBORU DOMA\u0106INA ZA TEKU\u0106E ODR\u017dAVANJE PLANINSKIH STAZA NACIONALNE MRE\u017dE ZA 2023. GODINU","author":"Tatjana Ivanovic","date":"Wednesday October 11th, 2023","format":false,"excerpt":"Sorry, this entry is only available in Montenegro.","rel":"","context":"In &quot;News&quot;","block_context":{"text":"News","link":"https:\/\/pscg.me\/en\/category\/novosti\/"},"img":{"alt_text":"","src":"https:\/\/i0.wp.com\/pscg.me\/wp-content\/uploads\/2023\/06\/PSCG-logo.png?resize=350%2C200&ssl=1","width":350,"height":200},"classes":[]},{"id":5118,"url":"https:\/\/pscg.me\/en\/odluku-o-izboru-domacina-za-tekuce-odrzavanje-planinskih-staza-nacionalne-mreze-za-2023-godinu\/","url_meta":{"origin":2319,"position":2},"title":"(Montenegro) ODLUKU O IZBORU DOMA\u0106INA ZA TEKU\u0106E ODR\u017dAVANJE PLANINSKIH STAZA NACIONALNE MRE\u017dE ZA 2023. GODINU","author":"Tatjana Ivanovic","date":"Friday November 24th, 2023","format":false,"excerpt":"Sorry, this entry is only available in Montenegro.","rel":"","context":"In &quot;News&quot;","block_context":{"text":"News","link":"https:\/\/pscg.me\/en\/category\/novosti\/"},"img":{"alt_text":"","src":"https:\/\/i0.wp.com\/pscg.me\/wp-content\/uploads\/2023\/06\/PSCG-logo.png?resize=350%2C200&ssl=1","width":350,"height":200},"classes":[]},{"id":2133,"url":"https:\/\/pscg.me\/en\/odluka-o-izboru-reizboru-planinarskih-klubova-domacina-za-odrzavanje-staza-nacionalne-mreze-u-sezoni-2019-2020\/","url_meta":{"origin":2319,"position":3},"title":"(Montenegro) Odluka o izboru reizboru  planinarskih  klubova doma\u0107ina  za odr\u017eavanje staza Nacionalne mre\u017ee u sezoni 2019\/ 2020.","author":"Tatjana Ivanovic","date":"Thursday July 25th, 2019","format":false,"excerpt":"Sorry, this entry is only available in Montenegro.","rel":"","context":"In &quot;News&quot;","block_context":{"text":"News","link":"https:\/\/pscg.me\/en\/category\/novosti\/"},"img":{"alt_text":"","src":"https:\/\/i0.wp.com\/pscg.me\/wp-content\/uploads\/2019\/05\/Logo-komisije-Pavle.png?resize=350%2C200&ssl=1","width":350,"height":200},"classes":[]},{"id":3261,"url":"https:\/\/pscg.me\/en\/javni-oglas-za-izbor-domacina-za-odrzavanje-planinarskih-staza\/","url_meta":{"origin":2319,"position":4},"title":"(Montenegro) Javni oglas za izbor doma\u0107ina za odr\u017eavanje planinarskih staza","author":"Tatjana Ivanovic","date":"Monday September 20th, 2021","format":false,"excerpt":"Sorry, this entry is only available in Montenegro.","rel":"","context":"In &quot;News&quot;","block_context":{"text":"News","link":"https:\/\/pscg.me\/en\/category\/novosti\/"},"img":{"alt_text":"","src":"https:\/\/i0.wp.com\/pscg.me\/wp-content\/uploads\/2021\/05\/pscg-logo-png-200px.png?resize=350%2C200&ssl=1","width":350,"height":200},"classes":[]},{"id":1974,"url":"https:\/\/pscg.me\/en\/oglas-za-reizbor-planinarskih-klubova-domacina-za-2019-2020\/","url_meta":{"origin":2319,"position":5},"title":"(Montenegro) Oglas za reizbor planinarskih klubova &#8211; doma\u0107ina za 2019\/2020","author":"Tatjana Ivanovic","date":"Monday June  3rd, 2019","format":false,"excerpt":"Sorry, this entry is only available in Montenegro.","rel":"","context":"In &quot;News&quot;","block_context":{"text":"News","link":"https:\/\/pscg.me\/en\/category\/novosti\/"},"img":{"alt_text":"","src":"","width":0,"height":0},"classes":[]}],"jetpack_sharing_enabled":true,"jetpack_shortlink":"https:\/\/wp.me\/p9BVX3-Bp","_links":{"self":[{"href":"https:\/\/pscg.me\/en\/wp-json\/wp\/v2\/posts\/2319","targetHints":{"allow":["GET"]}}],"collection":[{"href":"https:\/\/pscg.me\/en\/wp-json\/wp\/v2\/posts"}],"about":[{"href":"https:\/\/pscg.me\/en\/wp-json\/wp\/v2\/types\/post"}],"author":[{"embeddable":true,"href":"https:\/\/pscg.me\/en\/wp-json\/wp\/v2\/users\/1"}],"replies":[{"embeddable":true,"href":"https:\/\/pscg.me\/en\/wp-json\/wp\/v2\/comments?post=2319"}],"version-history":[{"count":0,"href":"https:\/\/pscg.me\/en\/wp-json\/wp\/v2\/posts\/2319\/revisions"}],"wp:attachment":[{"href":"https:\/\/pscg.me\/en\/wp-json\/wp\/v2\/media?parent=2319"}],"wp:term":[{"taxonomy":"category","embeddable":true,"href":"https:\/\/pscg.me\/en\/wp-json\/wp\/v2\/categories?post=2319"},{"taxonomy":"post_tag","embeddable":true,"href":"https:\/\/pscg.me\/en\/wp-json\/wp\/v2\/tags?post=2319"}],"curies":[{"name":"wp","href":"https:\/\/api.w.org\/{rel}","templated":true}]}}