{"id":2288,"date":"2019-10-27T22:16:13","date_gmt":"2019-10-27T21:16:13","guid":{"rendered":"http:\/\/pscg.me\/?p=2288"},"modified":"2019-10-27T23:14:55","modified_gmt":"2019-10-27T22:14:55","slug":"odrzan-jubilarni-50-era-sastanak-u-bad-urach-u-u-njemackoj","status":"publish","type":"post","link":"https:\/\/pscg.me\/en\/odrzan-jubilarni-50-era-sastanak-u-bad-urach-u-u-njemackoj\/","title":{"rendered":"(Montenegro) Odr\u017ean jubilarni 50. ERA sastanak u Bad Urach-u u Njema\u010dkoj"},"content":{"rendered":"<p class=\"qtranxs-available-languages-message qtranxs-available-languages-message-en\">Sorry, this entry is only available in <a href=\"https:\/\/pscg.me\/sr\/wp-json\/wp\/v2\/posts\/2288\" class=\"qtranxs-available-language-link qtranxs-available-language-link-sr\" title=\"Montenegro\">Montenegro<\/a>.<\/p>","protected":false},"excerpt":{"rendered":"<p>Sorry, this entry is only available in Montenegro.<\/p>\n","protected":false},"author":2,"featured_media":2286,"comment_status":"open","ping_status":"open","sticky":false,"template":"","format":"standard","meta":{"jetpack_post_was_ever_published":false,"_jetpack_newsletter_access":"","_jetpack_dont_email_post_to_subs":false,"_jetpack_newsletter_tier_id":0,"_jetpack_memberships_contains_paywalled_content":false,"_jetpack_memberships_contains_paid_content":false,"footnotes":""},"categories":[3],"tags":[],"class_list":["post-2288","post","type-post","status-publish","format-standard","has-post-thumbnail","hentry","category-novosti"],"jetpack_featured_media_url":"https:\/\/pscg.me\/wp-content\/uploads\/2019\/10\/ERA-2019.png","jetpack_likes_enabled":true,"jetpack-related-posts":[{"id":768,"url":"https:\/\/pscg.me\/en\/prvi-korak-pscg-ka-mrezi-evropskih-pjesackih-puteva\/","url_meta":{"origin":2288,"position":0},"title":"(Montenegro) Prvi korak PSCG ka mre\u017ei evropskih pje\u0161a\u010dkih puteva","author":"Dragan Bulatovic","date":"Friday April  3rd, 2009","format":false,"excerpt":"Sorry, this entry is only available in Montenegro.","rel":"","context":"In &quot;News&quot;","block_context":{"text":"News","link":"https:\/\/pscg.me\/en\/category\/novosti\/"},"img":{"alt_text":"","src":"","width":0,"height":0},"classes":[]},{"id":1900,"url":"https:\/\/pscg.me\/en\/povezivanje-ekonomija-radi-jaceg-rasta-u-sarajevu-je-od-7-do-9-maja-odrzan-godisnji-sastanak-i-poslovni-forum-ebrd-a-2019\/","url_meta":{"origin":2288,"position":1},"title":"(Montenegro) POVEZIVANJE EKONOMIJA RADI JA\u010cEG RASTA &#8211; u Sarajevu je od 7.do 9. maja  odr\u017ean Godi\u0161nji sastanak i poslovni forum EBRD-a 2019","author":"Dragan Bulatovic","date":"Monday May 13th, 2019","format":false,"excerpt":"Sorry, this entry is only available in Montenegro.","rel":"","context":"In &quot;News&quot;","block_context":{"text":"News","link":"https:\/\/pscg.me\/en\/category\/novosti\/"},"img":{"alt_text":"","src":"https:\/\/i0.wp.com\/pscg.me\/wp-content\/uploads\/2019\/05\/EBRD.jpg?resize=350%2C200&ssl=1","width":350,"height":200,"srcset":"https:\/\/i0.wp.com\/pscg.me\/wp-content\/uploads\/2019\/05\/EBRD.jpg?resize=350%2C200&ssl=1 1x, https:\/\/i0.wp.com\/pscg.me\/wp-content\/uploads\/2019\/05\/EBRD.jpg?resize=525%2C300&ssl=1 1.5x, https:\/\/i0.wp.com\/pscg.me\/wp-content\/uploads\/2019\/05\/EBRD.jpg?resize=700%2C400&ssl=1 2x, https:\/\/i0.wp.com\/pscg.me\/wp-content\/uploads\/2019\/05\/EBRD.jpg?resize=1050%2C600&ssl=1 3x, https:\/\/i0.wp.com\/pscg.me\/wp-content\/uploads\/2019\/05\/EBRD.jpg?resize=1400%2C800&ssl=1 4x"},"classes":[]},{"id":1396,"url":"https:\/\/pscg.me\/en\/u-beranama-odrzan-via-dinarica-regionalni-sastanak\/","url_meta":{"origin":2288,"position":2},"title":"(Montenegro) U Beranama odr\u017ean Via Dinarica regionalni sastanak","author":"Dragan Bulatovic","date":"Monday September 10th, 2018","format":false,"excerpt":"Sorry, this entry is only available in Montenegro.","rel":"","context":"In &quot;News&quot;","block_context":{"text":"News","link":"https:\/\/pscg.me\/en\/category\/novosti\/"},"img":{"alt_text":"","src":"https:\/\/i0.wp.com\/pscg.me\/wp-content\/uploads\/2018\/09\/IMG_8940.jpg?resize=350%2C200&ssl=1","width":350,"height":200,"srcset":"https:\/\/i0.wp.com\/pscg.me\/wp-content\/uploads\/2018\/09\/IMG_8940.jpg?resize=350%2C200&ssl=1 1x, https:\/\/i0.wp.com\/pscg.me\/wp-content\/uploads\/2018\/09\/IMG_8940.jpg?resize=525%2C300&ssl=1 1.5x, https:\/\/i0.wp.com\/pscg.me\/wp-content\/uploads\/2018\/09\/IMG_8940.jpg?resize=700%2C400&ssl=1 2x, https:\/\/i0.wp.com\/pscg.me\/wp-content\/uploads\/2018\/09\/IMG_8940.jpg?resize=1050%2C600&ssl=1 3x, https:\/\/i0.wp.com\/pscg.me\/wp-content\/uploads\/2018\/09\/IMG_8940.jpg?resize=1400%2C800&ssl=1 4x"},"classes":[]},{"id":3613,"url":"https:\/\/pscg.me\/en\/odrzan-sastanak-io-bmu-sa-prezidijumom-euma-e\/","url_meta":{"origin":2288,"position":3},"title":"(Montenegro) Odr\u017ean Sastanak IO BMU sa Prezidijumom EUMA-e","author":"Dragan Bulatovic","date":"Sunday February 27th, 2022","format":false,"excerpt":"Sorry, this entry is only available in Montenegro.","rel":"","context":"In &quot;News&quot;","block_context":{"text":"News","link":"https:\/\/pscg.me\/en\/category\/novosti\/"},"img":{"alt_text":"","src":"https:\/\/i0.wp.com\/pscg.me\/wp-content\/uploads\/2022\/03\/BMU-EUMA.jpg?resize=350%2C200&ssl=1","width":350,"height":200,"srcset":"https:\/\/i0.wp.com\/pscg.me\/wp-content\/uploads\/2022\/03\/BMU-EUMA.jpg?resize=350%2C200&ssl=1 1x, https:\/\/i0.wp.com\/pscg.me\/wp-content\/uploads\/2022\/03\/BMU-EUMA.jpg?resize=525%2C300&ssl=1 1.5x, https:\/\/i0.wp.com\/pscg.me\/wp-content\/uploads\/2022\/03\/BMU-EUMA.jpg?resize=700%2C400&ssl=1 2x, https:\/\/i0.wp.com\/pscg.me\/wp-content\/uploads\/2022\/03\/BMU-EUMA.jpg?resize=1050%2C600&ssl=1 3x, https:\/\/i0.wp.com\/pscg.me\/wp-content\/uploads\/2022\/03\/BMU-EUMA.jpg?resize=1400%2C800&ssl=1 4x"},"classes":[]},{"id":2364,"url":"https:\/\/pscg.me\/en\/generalni-sastanak-euma-2019-odrzan-na-kipru-3-novembra\/","url_meta":{"origin":2288,"position":4},"title":"(Montenegro) Generalni sastanak EUMA 2019 odr\u017ean na Kipru 3.novembra","author":"Dragan Bulatovic","date":"Sunday November 10th, 2019","format":false,"excerpt":"Sorry, this entry is only available in Montenegro.","rel":"","context":"In &quot;News&quot;","block_context":{"text":"News","link":"https:\/\/pscg.me\/en\/category\/novosti\/"},"img":{"alt_text":"","src":"https:\/\/i0.wp.com\/pscg.me\/wp-content\/uploads\/2019\/12\/EUMA-2019.jpg?resize=350%2C200&ssl=1","width":350,"height":200,"srcset":"https:\/\/i0.wp.com\/pscg.me\/wp-content\/uploads\/2019\/12\/EUMA-2019.jpg?resize=350%2C200&ssl=1 1x, https:\/\/i0.wp.com\/pscg.me\/wp-content\/uploads\/2019\/12\/EUMA-2019.jpg?resize=525%2C300&ssl=1 1.5x, https:\/\/i0.wp.com\/pscg.me\/wp-content\/uploads\/2019\/12\/EUMA-2019.jpg?resize=700%2C400&ssl=1 2x"},"classes":[]},{"id":1464,"url":"https:\/\/pscg.me\/en\/u-luksemburgu-odrzana-49-generalna-skupstina-evropske-pjesacke-federacije-era\/","url_meta":{"origin":2288,"position":5},"title":"(Montenegro) U Luksemburgu odr\u017eana 49.Generalna skup\u0161tina Evropske pje\u0161a\u010dke federacije ERA","author":"Dragan Bulatovic","date":"Monday October  1st, 2018","format":false,"excerpt":"Sorry, this entry is only available in Montenegro.","rel":"","context":"In &quot;News&quot;","block_context":{"text":"News","link":"https:\/\/pscg.me\/en\/category\/novosti\/"},"img":{"alt_text":"","src":"https:\/\/i0.wp.com\/pscg.me\/wp-content\/uploads\/2018\/10\/IMG_20180928_112632.jpg?resize=350%2C200&ssl=1","width":350,"height":200,"srcset":"https:\/\/i0.wp.com\/pscg.me\/wp-content\/uploads\/2018\/10\/IMG_20180928_112632.jpg?resize=350%2C200&ssl=1 1x, https:\/\/i0.wp.com\/pscg.me\/wp-content\/uploads\/2018\/10\/IMG_20180928_112632.jpg?resize=525%2C300&ssl=1 1.5x, https:\/\/i0.wp.com\/pscg.me\/wp-content\/uploads\/2018\/10\/IMG_20180928_112632.jpg?resize=700%2C400&ssl=1 2x, https:\/\/i0.wp.com\/pscg.me\/wp-content\/uploads\/2018\/10\/IMG_20180928_112632.jpg?resize=1050%2C600&ssl=1 3x, https:\/\/i0.wp.com\/pscg.me\/wp-content\/uploads\/2018\/10\/IMG_20180928_112632.jpg?resize=1400%2C800&ssl=1 4x"},"classes":[]}],"jetpack_sharing_enabled":true,"jetpack_shortlink":"https:\/\/wp.me\/p9BVX3-AU","_links":{"self":[{"href":"https:\/\/pscg.me\/en\/wp-json\/wp\/v2\/posts\/2288","targetHints":{"allow":["GET"]}}],"collection":[{"href":"https:\/\/pscg.me\/en\/wp-json\/wp\/v2\/posts"}],"about":[{"href":"https:\/\/pscg.me\/en\/wp-json\/wp\/v2\/types\/post"}],"author":[{"embeddable":true,"href":"https:\/\/pscg.me\/en\/wp-json\/wp\/v2\/users\/2"}],"replies":[{"embeddable":true,"href":"https:\/\/pscg.me\/en\/wp-json\/wp\/v2\/comments?post=2288"}],"version-history":[{"count":0,"href":"https:\/\/pscg.me\/en\/wp-json\/wp\/v2\/posts\/2288\/revisions"}],"wp:featuredmedia":[{"embeddable":true,"href":"https:\/\/pscg.me\/en\/wp-json\/wp\/v2\/media\/2286"}],"wp:attachment":[{"href":"https:\/\/pscg.me\/en\/wp-json\/wp\/v2\/media?parent=2288"}],"wp:term":[{"taxonomy":"category","embeddable":true,"href":"https:\/\/pscg.me\/en\/wp-json\/wp\/v2\/categories?post=2288"},{"taxonomy":"post_tag","embeddable":true,"href":"https:\/\/pscg.me\/en\/wp-json\/wp\/v2\/tags?post=2288"}],"curies":[{"name":"wp","href":"https:\/\/api.w.org\/{rel}","templated":true}]}}