{"id":2235,"date":"2019-09-25T22:27:02","date_gmt":"2019-09-25T21:27:02","guid":{"rendered":"http:\/\/pscg.me\/?p=2235"},"modified":"2019-09-25T22:27:02","modified_gmt":"2019-09-25T21:27:02","slug":"izvjestaj-o-ucescu-na-34-kongresu-ifsm","status":"publish","type":"post","link":"https:\/\/pscg.me\/en\/izvjestaj-o-ucescu-na-34-kongresu-ifsm\/","title":{"rendered":"(Montenegro) Izvje\u0161taj o u\u010de\u0161\u0107u na 34 Kongresu IFSM"},"content":{"rendered":"<p class=\"qtranxs-available-languages-message qtranxs-available-languages-message-en\">Sorry, this entry is only available in <a href=\"https:\/\/pscg.me\/sr\/wp-json\/wp\/v2\/posts\/2235\" class=\"qtranxs-available-language-link qtranxs-available-language-link-sr\" title=\"Montenegro\">Montenegro<\/a>.<\/p>","protected":false},"excerpt":{"rendered":"<p>Sorry, this entry is only available in Montenegro.<\/p>\n","protected":false},"author":3,"featured_media":510,"comment_status":"open","ping_status":"open","sticky":false,"template":"","format":"standard","meta":{"jetpack_post_was_ever_published":false,"_jetpack_newsletter_access":"","_jetpack_dont_email_post_to_subs":false,"_jetpack_newsletter_tier_id":0,"_jetpack_memberships_contains_paywalled_content":false,"_jetpack_memberships_contains_paid_content":false,"footnotes":""},"categories":[3],"tags":[],"class_list":["post-2235","post","type-post","status-publish","format-standard","has-post-thumbnail","hentry","category-novosti"],"jetpack_featured_media_url":"https:\/\/pscg.me\/wp-content\/uploads\/2018\/03\/035-klub-vojnih-planinara-CG-kapetan.jpg","jetpack_likes_enabled":true,"jetpack-related-posts":[{"id":4202,"url":"https:\/\/pscg.me\/en\/odrzan-36-kongres-ifms-u-spaniji\/","url_meta":{"origin":2235,"position":0},"title":"(Montenegro) ODR\u017dAN 36. KONGRES IFMS U \u0160PANIJI","author":"Tatjana Ivanovic","date":"Wednesday October  5th, 2022","format":false,"excerpt":"Sorry, this entry is only available in Montenegro.","rel":"","context":"In &quot;News&quot;","block_context":{"text":"News","link":"https:\/\/pscg.me\/en\/category\/novosti\/"},"img":{"alt_text":"","src":"https:\/\/i0.wp.com\/pscg.me\/wp-content\/uploads\/2022\/10\/Kongres-4.jpg?resize=350%2C200&ssl=1","width":350,"height":200,"srcset":"https:\/\/i0.wp.com\/pscg.me\/wp-content\/uploads\/2022\/10\/Kongres-4.jpg?resize=350%2C200&ssl=1 1x, https:\/\/i0.wp.com\/pscg.me\/wp-content\/uploads\/2022\/10\/Kongres-4.jpg?resize=525%2C300&ssl=1 1.5x, https:\/\/i0.wp.com\/pscg.me\/wp-content\/uploads\/2022\/10\/Kongres-4.jpg?resize=700%2C400&ssl=1 2x, https:\/\/i0.wp.com\/pscg.me\/wp-content\/uploads\/2022\/10\/Kongres-4.jpg?resize=1050%2C600&ssl=1 3x"},"classes":[]},{"id":1488,"url":"https:\/\/pscg.me\/en\/trideset-treci-kongres-svjetske-organizacije-vojnih-planinara-verona-italija-25-09-29-09-2018-godine\/","url_meta":{"origin":2235,"position":1},"title":"(Montenegro) TRIDESET TRE\u0106I KONGRES SVJETSKE ORGANIZACIJE VOJNIH PLANINARA Verona, ITALIJA (25.09. \u2013 29.09.2018. godine)","author":"Tatjana Ivanovic","date":"Monday October  8th, 2018","format":false,"excerpt":"Sorry, this entry is only available in Montenegro.","rel":"","context":"In &quot;News&quot;","block_context":{"text":"News","link":"https:\/\/pscg.me\/en\/category\/novosti\/"},"img":{"alt_text":"","src":"https:\/\/i0.wp.com\/pscg.me\/wp-content\/uploads\/2018\/10\/XXXIII-4.jpg?resize=350%2C200&ssl=1","width":350,"height":200,"srcset":"https:\/\/i0.wp.com\/pscg.me\/wp-content\/uploads\/2018\/10\/XXXIII-4.jpg?resize=350%2C200&ssl=1 1x, https:\/\/i0.wp.com\/pscg.me\/wp-content\/uploads\/2018\/10\/XXXIII-4.jpg?resize=525%2C300&ssl=1 1.5x, https:\/\/i0.wp.com\/pscg.me\/wp-content\/uploads\/2018\/10\/XXXIII-4.jpg?resize=700%2C400&ssl=1 2x, https:\/\/i0.wp.com\/pscg.me\/wp-content\/uploads\/2018\/10\/XXXIII-4.jpg?resize=1050%2C600&ssl=1 3x"},"classes":[]},{"id":5884,"url":"https:\/\/pscg.me\/en\/zavrsen-38-kongres-ifms\/","url_meta":{"origin":2235,"position":2},"title":"(Montenegro) ZAVR\u0160EN 38. KONGRES IFMS","author":"Tatjana Ivanovic","date":"Monday September 30th, 2024","format":false,"excerpt":"Sorry, this entry is only available in Montenegro.","rel":"","context":"In &quot;News&quot;","block_context":{"text":"News","link":"https:\/\/pscg.me\/en\/category\/novosti\/"},"img":{"alt_text":"","src":"https:\/\/i0.wp.com\/pscg.me\/wp-content\/uploads\/2024\/09\/53AF865C-E4B0-4CDF-9101-526F48E4E4A4.jpeg?resize=350%2C200&ssl=1","width":350,"height":200,"srcset":"https:\/\/i0.wp.com\/pscg.me\/wp-content\/uploads\/2024\/09\/53AF865C-E4B0-4CDF-9101-526F48E4E4A4.jpeg?resize=350%2C200&ssl=1 1x, https:\/\/i0.wp.com\/pscg.me\/wp-content\/uploads\/2024\/09\/53AF865C-E4B0-4CDF-9101-526F48E4E4A4.jpeg?resize=525%2C300&ssl=1 1.5x, https:\/\/i0.wp.com\/pscg.me\/wp-content\/uploads\/2024\/09\/53AF865C-E4B0-4CDF-9101-526F48E4E4A4.jpeg?resize=700%2C400&ssl=1 2x, https:\/\/i0.wp.com\/pscg.me\/wp-content\/uploads\/2024\/09\/53AF865C-E4B0-4CDF-9101-526F48E4E4A4.jpeg?resize=1050%2C600&ssl=1 3x, https:\/\/i0.wp.com\/pscg.me\/wp-content\/uploads\/2024\/09\/53AF865C-E4B0-4CDF-9101-526F48E4E4A4.jpeg?resize=1400%2C800&ssl=1 4x"},"classes":[]},{"id":1109,"url":"https:\/\/pscg.me\/en\/izvjestaj-sa-memorijalnog-pohoda-dusan-bulatovic-dzambas\/","url_meta":{"origin":2235,"position":3},"title":"(Montenegro) Izvje\u0161taj sa memorijalnog pohoda &#8220;Du\u0161an Bulatovi\u0107 D\u017eambas&#8221;","author":"Tatjana Ivanovic","date":"Tuesday July 10th, 2018","format":false,"excerpt":"Sorry, this entry is only available in Montenegro.","rel":"","context":"In &quot;News&quot;","block_context":{"text":"News","link":"https:\/\/pscg.me\/en\/category\/novosti\/"},"img":{"alt_text":"","src":"https:\/\/i0.wp.com\/pscg.me\/wp-content\/uploads\/2018\/07\/36188536_10216547264664342_5857535312351199232_n-2.jpg?resize=350%2C200&ssl=1","width":350,"height":200,"srcset":"https:\/\/i0.wp.com\/pscg.me\/wp-content\/uploads\/2018\/07\/36188536_10216547264664342_5857535312351199232_n-2.jpg?resize=350%2C200&ssl=1 1x, https:\/\/i0.wp.com\/pscg.me\/wp-content\/uploads\/2018\/07\/36188536_10216547264664342_5857535312351199232_n-2.jpg?resize=525%2C300&ssl=1 1.5x, https:\/\/i0.wp.com\/pscg.me\/wp-content\/uploads\/2018\/07\/36188536_10216547264664342_5857535312351199232_n-2.jpg?resize=700%2C400&ssl=1 2x"},"classes":[]},{"id":2138,"url":"https:\/\/pscg.me\/en\/odrzan-42-memorijalni-uspon-na-bobotov-kuk\/","url_meta":{"origin":2235,"position":4},"title":"(Montenegro) Odr\u017ean 42. Memorijalni uspon na Bobotov kuk","author":"Tatjana Ivanovic","date":"Saturday July 20th, 2019","format":false,"excerpt":"Sorry, this entry is only available in Montenegro.","rel":"","context":"In &quot;News&quot;","block_context":{"text":"News","link":"https:\/\/pscg.me\/en\/category\/novosti\/"},"img":{"alt_text":"","src":"https:\/\/i0.wp.com\/pscg.me\/wp-content\/uploads\/2019\/07\/64860115_10217159403634482_6024993274018660352_n.jpg?resize=350%2C200&ssl=1","width":350,"height":200,"srcset":"https:\/\/i0.wp.com\/pscg.me\/wp-content\/uploads\/2019\/07\/64860115_10217159403634482_6024993274018660352_n.jpg?resize=350%2C200&ssl=1 1x, https:\/\/i0.wp.com\/pscg.me\/wp-content\/uploads\/2019\/07\/64860115_10217159403634482_6024993274018660352_n.jpg?resize=525%2C300&ssl=1 1.5x, https:\/\/i0.wp.com\/pscg.me\/wp-content\/uploads\/2019\/07\/64860115_10217159403634482_6024993274018660352_n.jpg?resize=700%2C400&ssl=1 2x"},"classes":[]},{"id":816,"url":"https:\/\/pscg.me\/en\/odrzan-19-generalni-sastanak-bmu-u-turskoj\/","url_meta":{"origin":2235,"position":5},"title":"(Montenegro) Odr\u017ean 19.  Generalni sastanak BMU u Turskoj","author":"Dragan Bulatovic","date":"Monday May 14th, 2018","format":false,"excerpt":"Sorry, this entry is only available in Montenegro.","rel":"","context":"In &quot;News&quot;","block_context":{"text":"News","link":"https:\/\/pscg.me\/en\/category\/novosti\/"},"img":{"alt_text":"","src":"https:\/\/i0.wp.com\/pscg.me\/wp-content\/uploads\/2018\/05\/IMG_20180512_132147-scaled.jpg?resize=350%2C200&ssl=1","width":350,"height":200,"srcset":"https:\/\/i0.wp.com\/pscg.me\/wp-content\/uploads\/2018\/05\/IMG_20180512_132147-scaled.jpg?resize=350%2C200&ssl=1 1x, https:\/\/i0.wp.com\/pscg.me\/wp-content\/uploads\/2018\/05\/IMG_20180512_132147-scaled.jpg?resize=525%2C300&ssl=1 1.5x, https:\/\/i0.wp.com\/pscg.me\/wp-content\/uploads\/2018\/05\/IMG_20180512_132147-scaled.jpg?resize=700%2C400&ssl=1 2x, https:\/\/i0.wp.com\/pscg.me\/wp-content\/uploads\/2018\/05\/IMG_20180512_132147-scaled.jpg?resize=1050%2C600&ssl=1 3x, https:\/\/i0.wp.com\/pscg.me\/wp-content\/uploads\/2018\/05\/IMG_20180512_132147-scaled.jpg?resize=1400%2C800&ssl=1 4x"},"classes":[]}],"jetpack_sharing_enabled":true,"jetpack_shortlink":"https:\/\/wp.me\/p9BVX3-A3","_links":{"self":[{"href":"https:\/\/pscg.me\/en\/wp-json\/wp\/v2\/posts\/2235","targetHints":{"allow":["GET"]}}],"collection":[{"href":"https:\/\/pscg.me\/en\/wp-json\/wp\/v2\/posts"}],"about":[{"href":"https:\/\/pscg.me\/en\/wp-json\/wp\/v2\/types\/post"}],"author":[{"embeddable":true,"href":"https:\/\/pscg.me\/en\/wp-json\/wp\/v2\/users\/3"}],"replies":[{"embeddable":true,"href":"https:\/\/pscg.me\/en\/wp-json\/wp\/v2\/comments?post=2235"}],"version-history":[{"count":0,"href":"https:\/\/pscg.me\/en\/wp-json\/wp\/v2\/posts\/2235\/revisions"}],"wp:featuredmedia":[{"embeddable":true,"href":"https:\/\/pscg.me\/en\/wp-json\/wp\/v2\/media\/510"}],"wp:attachment":[{"href":"https:\/\/pscg.me\/en\/wp-json\/wp\/v2\/media?parent=2235"}],"wp:term":[{"taxonomy":"category","embeddable":true,"href":"https:\/\/pscg.me\/en\/wp-json\/wp\/v2\/categories?post=2235"},{"taxonomy":"post_tag","embeddable":true,"href":"https:\/\/pscg.me\/en\/wp-json\/wp\/v2\/tags?post=2235"}],"curies":[{"name":"wp","href":"https:\/\/api.w.org\/{rel}","templated":true}]}}