{"id":2064,"date":"2019-07-04T21:24:47","date_gmt":"2019-07-04T20:24:47","guid":{"rendered":"http:\/\/pscg.me\/?p=2064"},"modified":"2019-07-04T21:24:47","modified_gmt":"2019-07-04T20:24:47","slug":"promocija-monografije-san-o-everestu","status":"publish","type":"post","link":"https:\/\/pscg.me\/en\/promocija-monografije-san-o-everestu\/","title":{"rendered":"(Montenegro) Promocija monografije San o Everestu"},"content":{"rendered":"<p class=\"qtranxs-available-languages-message qtranxs-available-languages-message-en\">Sorry, this entry is only available in <a href=\"https:\/\/pscg.me\/sr\/wp-json\/wp\/v2\/posts\/2064\" class=\"qtranxs-available-language-link qtranxs-available-language-link-sr\" title=\"Montenegro\">Montenegro<\/a>.<\/p>","protected":false},"excerpt":{"rendered":"<p>Sorry, this entry is only available in Montenegro.<\/p>\n","protected":false},"author":3,"featured_media":2065,"comment_status":"open","ping_status":"open","sticky":false,"template":"","format":"standard","meta":{"jetpack_post_was_ever_published":false,"_jetpack_newsletter_access":"","_jetpack_dont_email_post_to_subs":false,"_jetpack_newsletter_tier_id":0,"_jetpack_memberships_contains_paywalled_content":false,"_jetpack_memberships_contains_paid_content":false,"footnotes":""},"categories":[3],"tags":[],"class_list":["post-2064","post","type-post","status-publish","format-standard","has-post-thumbnail","hentry","category-novosti"],"jetpack_featured_media_url":"https:\/\/pscg.me\/wp-content\/uploads\/2019\/07\/Promocija.jpg","jetpack_likes_enabled":true,"jetpack-related-posts":[{"id":2118,"url":"https:\/\/pscg.me\/en\/poslije-svega-ostaje-prica-odrzana-promocija-monografije-stipe-bozica-san-o-everestu\/","url_meta":{"origin":2064,"position":0},"title":"(Montenegro) NAKON SVEGA OSTAJE PRI\u010cA &#8211; odr\u017eana promocija monografije Stipe Bo\u017ei\u0107a &#8220;San o Everestu&#8221;","author":"Dragan Bulatovic","date":"Wednesday July 17th, 2019","format":false,"excerpt":"Sorry, this entry is only available in Montenegro.","rel":"","context":"In &quot;News&quot;","block_context":{"text":"News","link":"https:\/\/pscg.me\/en\/category\/novosti\/"},"img":{"alt_text":"","src":"https:\/\/i0.wp.com\/pscg.me\/wp-content\/uploads\/2019\/07\/Stipe-Bozic-1.jpg?resize=350%2C200&ssl=1","width":350,"height":200,"srcset":"https:\/\/i0.wp.com\/pscg.me\/wp-content\/uploads\/2019\/07\/Stipe-Bozic-1.jpg?resize=350%2C200&ssl=1 1x, https:\/\/i0.wp.com\/pscg.me\/wp-content\/uploads\/2019\/07\/Stipe-Bozic-1.jpg?resize=525%2C300&ssl=1 1.5x, https:\/\/i0.wp.com\/pscg.me\/wp-content\/uploads\/2019\/07\/Stipe-Bozic-1.jpg?resize=700%2C400&ssl=1 2x, https:\/\/i0.wp.com\/pscg.me\/wp-content\/uploads\/2019\/07\/Stipe-Bozic-1.jpg?resize=1050%2C600&ssl=1 3x"},"classes":[]},{"id":5200,"url":"https:\/\/pscg.me\/en\/u-kic-u-budo-tomovic-odrzana-promocija-knjige-durmitor-nacionalni-park\/","url_meta":{"origin":2064,"position":1},"title":"(Montenegro) U KIC-u &#8220;Budo Tomovi\u0107&#8221; odr\u017eana promocija knjige &#8220;Durmitor &#8211; Nacionalni park&#8221;","author":"Tatjana Ivanovic","date":"Sunday December 10th, 2023","format":false,"excerpt":"Sorry, this entry is only available in Montenegro.","rel":"","context":"In &quot;News&quot;","block_context":{"text":"News","link":"https:\/\/pscg.me\/en\/category\/novosti\/"},"img":{"alt_text":"","src":"","width":0,"height":0},"classes":[]},{"id":3128,"url":"https:\/\/pscg.me\/en\/poziv-za-saradnju-u-pripremi-monografije-pscg-potrebna-dokumentacija\/","url_meta":{"origin":2064,"position":2},"title":"(Montenegro) Poziv za saradnju u pripremi monografije PSCG &#8211; potrebna dokumentacija","author":"Tatjana Ivanovic","date":"Wednesday July 21st, 2021","format":false,"excerpt":"Sorry, this entry is only available in Montenegro.","rel":"","context":"In &quot;News&quot;","block_context":{"text":"News","link":"https:\/\/pscg.me\/en\/category\/novosti\/"},"img":{"alt_text":"","src":"https:\/\/i0.wp.com\/pscg.me\/wp-content\/uploads\/2021\/04\/logo70godinaslider.png?resize=350%2C200&ssl=1","width":350,"height":200},"classes":[]},{"id":776,"url":"https:\/\/pscg.me\/en\/crnogorska-zastava-na-mont-everestu\/","url_meta":{"origin":2064,"position":3},"title":"(Montenegro) Crnogorska zastava na Mont Everestu","author":"Dragan Bulatovic","date":"Wednesday May 26th, 2010","format":false,"excerpt":"Sorry, this entry is only available in Montenegro.","rel":"","context":"In &quot;News&quot;","block_context":{"text":"News","link":"https:\/\/pscg.me\/en\/category\/novosti\/"},"img":{"alt_text":"","src":"","width":0,"height":0},"classes":[]},{"id":235,"url":"https:\/\/pscg.me\/en\/promocija-knjige-dragane-rajblovic-moj-everest-san-i-java\/","url_meta":{"origin":2064,"position":4},"title":"(Montenegro) Promocija knjige Dragane Rajblovi\u0107 &#8220;Moj Everest san i java&#8221;","author":"Dragan Bulatovic","date":"Monday December 18th, 2017","format":false,"excerpt":"Sorry, this entry is only available in Montenegro.","rel":"","context":"In &quot;News&quot;","block_context":{"text":"News","link":"https:\/\/pscg.me\/en\/category\/novosti\/"},"img":{"alt_text":"","src":"https:\/\/i0.wp.com\/pscg.me\/wp-content\/uploads\/2018\/02\/Moj-everest.jpg?resize=350%2C200&ssl=1","width":350,"height":200,"srcset":"https:\/\/i0.wp.com\/pscg.me\/wp-content\/uploads\/2018\/02\/Moj-everest.jpg?resize=350%2C200&ssl=1 1x, https:\/\/i0.wp.com\/pscg.me\/wp-content\/uploads\/2018\/02\/Moj-everest.jpg?resize=525%2C300&ssl=1 1.5x"},"classes":[]},{"id":578,"url":"https:\/\/pscg.me\/en\/promocija-knjige-alana-caplara-planine-i-planinarstvo\/","url_meta":{"origin":2064,"position":5},"title":"(Montenegro) Promocija knjige  Alana \u010caplara &#8220;Planine i planinarstvo&#8221;","author":"Dragan Bulatovic","date":"Friday October 13th, 2017","format":false,"excerpt":"Sorry, this entry is only available in Montenegro.","rel":"","context":"In &quot;News&quot;","block_context":{"text":"News","link":"https:\/\/pscg.me\/en\/category\/novosti\/"},"img":{"alt_text":"","src":"https:\/\/i0.wp.com\/pscg.me\/wp-content\/uploads\/2018\/03\/Planine-i-planinarstvo-promocija-knjige-dr-Dragan1.jpg?resize=350%2C200","width":350,"height":200,"srcset":"https:\/\/i0.wp.com\/pscg.me\/wp-content\/uploads\/2018\/03\/Planine-i-planinarstvo-promocija-knjige-dr-Dragan1.jpg?resize=350%2C200 1x, https:\/\/i0.wp.com\/pscg.me\/wp-content\/uploads\/2018\/03\/Planine-i-planinarstvo-promocija-knjige-dr-Dragan1.jpg?resize=525%2C300 1.5x"},"classes":[]}],"jetpack_sharing_enabled":true,"jetpack_shortlink":"https:\/\/wp.me\/p9BVX3-xi","_links":{"self":[{"href":"https:\/\/pscg.me\/en\/wp-json\/wp\/v2\/posts\/2064","targetHints":{"allow":["GET"]}}],"collection":[{"href":"https:\/\/pscg.me\/en\/wp-json\/wp\/v2\/posts"}],"about":[{"href":"https:\/\/pscg.me\/en\/wp-json\/wp\/v2\/types\/post"}],"author":[{"embeddable":true,"href":"https:\/\/pscg.me\/en\/wp-json\/wp\/v2\/users\/3"}],"replies":[{"embeddable":true,"href":"https:\/\/pscg.me\/en\/wp-json\/wp\/v2\/comments?post=2064"}],"version-history":[{"count":0,"href":"https:\/\/pscg.me\/en\/wp-json\/wp\/v2\/posts\/2064\/revisions"}],"wp:featuredmedia":[{"embeddable":true,"href":"https:\/\/pscg.me\/en\/wp-json\/wp\/v2\/media\/2065"}],"wp:attachment":[{"href":"https:\/\/pscg.me\/en\/wp-json\/wp\/v2\/media?parent=2064"}],"wp:term":[{"taxonomy":"category","embeddable":true,"href":"https:\/\/pscg.me\/en\/wp-json\/wp\/v2\/categories?post=2064"},{"taxonomy":"post_tag","embeddable":true,"href":"https:\/\/pscg.me\/en\/wp-json\/wp\/v2\/tags?post=2064"}],"curies":[{"name":"wp","href":"https:\/\/api.w.org\/{rel}","templated":true}]}}