{"id":2003,"date":"2019-06-15T07:42:45","date_gmt":"2019-06-15T06:42:45","guid":{"rendered":"http:\/\/pscg.me\/?p=2003"},"modified":"2019-06-15T07:42:45","modified_gmt":"2019-06-15T06:42:45","slug":"nad-bokom-po-mjesecini","status":"publish","type":"post","link":"https:\/\/pscg.me\/en\/nad-bokom-po-mjesecini\/","title":{"rendered":"(Montenegro) Nad Bokom po mjese\u010dini"},"content":{"rendered":"<p class=\"qtranxs-available-languages-message qtranxs-available-languages-message-en\">Sorry, this entry is only available in <a href=\"https:\/\/pscg.me\/sr\/wp-json\/wp\/v2\/posts\/2003\" class=\"qtranxs-available-language-link qtranxs-available-language-link-sr\" title=\"Montenegro\">Montenegro<\/a>.<\/p>","protected":false},"excerpt":{"rendered":"<p>Sorry, this entry is only available in Montenegro.<\/p>\n","protected":false},"author":3,"featured_media":2004,"comment_status":"open","ping_status":"open","sticky":false,"template":"","format":"standard","meta":{"jetpack_post_was_ever_published":false,"_jetpack_newsletter_access":"","_jetpack_dont_email_post_to_subs":false,"_jetpack_newsletter_tier_id":0,"_jetpack_memberships_contains_paywalled_content":false,"_jetpack_memberships_contains_paid_content":false,"footnotes":""},"categories":[3],"tags":[],"class_list":["post-2003","post","type-post","status-publish","format-standard","has-post-thumbnail","hentry","category-novosti"],"jetpack_featured_media_url":"https:\/\/pscg.me\/wp-content\/uploads\/2019\/06\/ssss.jpg","jetpack_likes_enabled":true,"jetpack-related-posts":[{"id":2019,"url":"https:\/\/pscg.me\/en\/pun-mjesec-i-bica-narodnih-prica-zagolicala-mastu\/","url_meta":{"origin":2003,"position":0},"title":"(Montenegro) Pun mjesec i bi\u0107a narodnih pri\u010da zagolicala ma\u0161tu","author":"Tatjana Ivanovic","date":"Tuesday June 18th, 2019","format":false,"excerpt":"Sorry, this entry is only available in Montenegro.","rel":"","context":"In &quot;News&quot;","block_context":{"text":"News","link":"https:\/\/pscg.me\/en\/category\/novosti\/"},"img":{"alt_text":"","src":"https:\/\/i0.wp.com\/pscg.me\/wp-content\/uploads\/2019\/06\/64985812_482825689123996_2385593340650323968_o.jpg?resize=350%2C200&ssl=1","width":350,"height":200,"srcset":"https:\/\/i0.wp.com\/pscg.me\/wp-content\/uploads\/2019\/06\/64985812_482825689123996_2385593340650323968_o.jpg?resize=350%2C200&ssl=1 1x, https:\/\/i0.wp.com\/pscg.me\/wp-content\/uploads\/2019\/06\/64985812_482825689123996_2385593340650323968_o.jpg?resize=525%2C300&ssl=1 1.5x, https:\/\/i0.wp.com\/pscg.me\/wp-content\/uploads\/2019\/06\/64985812_482825689123996_2385593340650323968_o.jpg?resize=700%2C400&ssl=1 2x, https:\/\/i0.wp.com\/pscg.me\/wp-content\/uploads\/2019\/06\/64985812_482825689123996_2385593340650323968_o.jpg?resize=1050%2C600&ssl=1 3x, https:\/\/i0.wp.com\/pscg.me\/wp-content\/uploads\/2019\/06\/64985812_482825689123996_2385593340650323968_o.jpg?resize=1400%2C800&ssl=1 4x"},"classes":[]},{"id":1541,"url":"https:\/\/pscg.me\/en\/planinarski-klub-subra-i-agencija-za-razvoj-i-zastitu-orjena-popravljali-put-prema-vratlu-i-cistili-korito-kotobiljskog-izvora\/","url_meta":{"origin":2003,"position":1},"title":"(Montenegro) Planinarski klub &#8220;Subra&#8221; i Agencija za razvoj i za\u0161titu Orjena \u2013 popravljali put prema Vratlu i \u010distili korito Kotobiljskog izvora","author":"Dragan Bulatovic","date":"Saturday November 24th, 2018","format":false,"excerpt":"Sorry, this entry is only available in Montenegro.","rel":"","context":"In &quot;News&quot;","block_context":{"text":"News","link":"https:\/\/pscg.me\/en\/category\/novosti\/"},"img":{"alt_text":"","src":"https:\/\/i0.wp.com\/pscg.me\/wp-content\/uploads\/2018\/11\/IMG-833711f59cf729672e310510ca7863f1-V.jpg?resize=350%2C200&ssl=1","width":350,"height":200,"srcset":"https:\/\/i0.wp.com\/pscg.me\/wp-content\/uploads\/2018\/11\/IMG-833711f59cf729672e310510ca7863f1-V.jpg?resize=350%2C200&ssl=1 1x, https:\/\/i0.wp.com\/pscg.me\/wp-content\/uploads\/2018\/11\/IMG-833711f59cf729672e310510ca7863f1-V.jpg?resize=525%2C300&ssl=1 1.5x, https:\/\/i0.wp.com\/pscg.me\/wp-content\/uploads\/2018\/11\/IMG-833711f59cf729672e310510ca7863f1-V.jpg?resize=700%2C400&ssl=1 2x, https:\/\/i0.wp.com\/pscg.me\/wp-content\/uploads\/2018\/11\/IMG-833711f59cf729672e310510ca7863f1-V.jpg?resize=1050%2C600&ssl=1 3x"},"classes":[]},{"id":379,"url":"https:\/\/pscg.me\/en\/promocija-pjesacke-staze-tatar-basta-suscepan-ratisevina-mokrine\/","url_meta":{"origin":2003,"position":2},"title":"(Montenegro) Promocija pje\u0161a\u010dke staze Tatar ba\u0161ta Su\u0161\u0107epan Rati\u0161evina Mokrine","author":"Dragan Bulatovic","date":"Thursday February 15th, 2018","format":false,"excerpt":"Sorry, this entry is only available in Montenegro.","rel":"","context":"In &quot;News&quot;","block_context":{"text":"News","link":"https:\/\/pscg.me\/en\/category\/novosti\/"},"img":{"alt_text":"","src":"https:\/\/i0.wp.com\/pscg.me\/wp-content\/uploads\/2018\/03\/Poziv-na-promotivnu-turu.jpg?resize=350%2C200","width":350,"height":200,"srcset":"https:\/\/i0.wp.com\/pscg.me\/wp-content\/uploads\/2018\/03\/Poziv-na-promotivnu-turu.jpg?resize=350%2C200 1x, https:\/\/i0.wp.com\/pscg.me\/wp-content\/uploads\/2018\/03\/Poziv-na-promotivnu-turu.jpg?resize=525%2C300 1.5x"},"classes":[]},{"id":4554,"url":"https:\/\/pscg.me\/en\/23-memorijalni-pohod-dusan-bulatovic-dzambas\/","url_meta":{"origin":2003,"position":3},"title":"(Montenegro) 23. Memorijalni pohod &#8220;Du\u0161an Bulatovi\u0107 D\u017eambas&#8221;","author":"Tatjana Ivanovic","date":"Thursday June  1st, 2023","format":false,"excerpt":"Sorry, this entry is only available in Montenegro.","rel":"","context":"In &quot;News&quot;","block_context":{"text":"News","link":"https:\/\/pscg.me\/en\/category\/novosti\/"},"img":{"alt_text":"","src":"https:\/\/i0.wp.com\/pscg.me\/wp-content\/uploads\/2023\/06\/Najava-Dusan-Bulatovic-Dzambas-2023.jpg?resize=350%2C200&ssl=1","width":350,"height":200,"srcset":"https:\/\/i0.wp.com\/pscg.me\/wp-content\/uploads\/2023\/06\/Najava-Dusan-Bulatovic-Dzambas-2023.jpg?resize=350%2C200&ssl=1 1x, https:\/\/i0.wp.com\/pscg.me\/wp-content\/uploads\/2023\/06\/Najava-Dusan-Bulatovic-Dzambas-2023.jpg?resize=525%2C300&ssl=1 1.5x, https:\/\/i0.wp.com\/pscg.me\/wp-content\/uploads\/2023\/06\/Najava-Dusan-Bulatovic-Dzambas-2023.jpg?resize=700%2C400&ssl=1 2x, https:\/\/i0.wp.com\/pscg.me\/wp-content\/uploads\/2023\/06\/Najava-Dusan-Bulatovic-Dzambas-2023.jpg?resize=1050%2C600&ssl=1 3x, https:\/\/i0.wp.com\/pscg.me\/wp-content\/uploads\/2023\/06\/Najava-Dusan-Bulatovic-Dzambas-2023.jpg?resize=1400%2C800&ssl=1 4x"},"classes":[]},{"id":5832,"url":"https:\/\/pscg.me\/en\/mladi-iz-kvp-kapetan-ucestvovali-na-balkanskim-susretima\/","url_meta":{"origin":2003,"position":4},"title":"(Montenegro) MLADI IZ KVP &#8220;KAPETAN&#8221; U\u010cESTVOVALI NA BALKANSKIM SUSRETIMA","author":"Tatjana Ivanovic","date":"Tuesday August 27th, 2024","format":false,"excerpt":"Sorry, this entry is only available in Montenegro.","rel":"","context":"In &quot;News&quot;","block_context":{"text":"News","link":"https:\/\/pscg.me\/en\/category\/novosti\/"},"img":{"alt_text":"","src":"https:\/\/i0.wp.com\/pscg.me\/wp-content\/uploads\/2024\/08\/D7930C94-99DB-4604-9212-30DC3C8B35DE.jpeg?resize=350%2C200&ssl=1","width":350,"height":200,"srcset":"https:\/\/i0.wp.com\/pscg.me\/wp-content\/uploads\/2024\/08\/D7930C94-99DB-4604-9212-30DC3C8B35DE.jpeg?resize=350%2C200&ssl=1 1x, https:\/\/i0.wp.com\/pscg.me\/wp-content\/uploads\/2024\/08\/D7930C94-99DB-4604-9212-30DC3C8B35DE.jpeg?resize=525%2C300&ssl=1 1.5x, https:\/\/i0.wp.com\/pscg.me\/wp-content\/uploads\/2024\/08\/D7930C94-99DB-4604-9212-30DC3C8B35DE.jpeg?resize=700%2C400&ssl=1 2x, https:\/\/i0.wp.com\/pscg.me\/wp-content\/uploads\/2024\/08\/D7930C94-99DB-4604-9212-30DC3C8B35DE.jpeg?resize=1050%2C600&ssl=1 3x"},"classes":[]},{"id":2605,"url":"https:\/\/pscg.me\/en\/20-jubilarni-memorijalni-skup-dusan-bulatovic-dzambas\/","url_meta":{"origin":2003,"position":5},"title":"(Montenegro) 20. Jubilarni memorijalni skup Du\u0161an Bulatovi\u0107 D\u017eambas","author":"Tatjana Ivanovic","date":"Thursday June 11th, 2020","format":false,"excerpt":"Sorry, this entry is only available in Montenegro.","rel":"","context":"In &quot;News&quot;","block_context":{"text":"News","link":"https:\/\/pscg.me\/en\/category\/novosti\/"},"img":{"alt_text":"","src":"https:\/\/i0.wp.com\/pscg.me\/wp-content\/uploads\/2020\/06\/Dzambas.jpg?resize=350%2C200&ssl=1","width":350,"height":200,"srcset":"https:\/\/i0.wp.com\/pscg.me\/wp-content\/uploads\/2020\/06\/Dzambas.jpg?resize=350%2C200&ssl=1 1x, https:\/\/i0.wp.com\/pscg.me\/wp-content\/uploads\/2020\/06\/Dzambas.jpg?resize=525%2C300&ssl=1 1.5x"},"classes":[]}],"jetpack_sharing_enabled":true,"jetpack_shortlink":"https:\/\/wp.me\/p9BVX3-wj","_links":{"self":[{"href":"https:\/\/pscg.me\/en\/wp-json\/wp\/v2\/posts\/2003","targetHints":{"allow":["GET"]}}],"collection":[{"href":"https:\/\/pscg.me\/en\/wp-json\/wp\/v2\/posts"}],"about":[{"href":"https:\/\/pscg.me\/en\/wp-json\/wp\/v2\/types\/post"}],"author":[{"embeddable":true,"href":"https:\/\/pscg.me\/en\/wp-json\/wp\/v2\/users\/3"}],"replies":[{"embeddable":true,"href":"https:\/\/pscg.me\/en\/wp-json\/wp\/v2\/comments?post=2003"}],"version-history":[{"count":0,"href":"https:\/\/pscg.me\/en\/wp-json\/wp\/v2\/posts\/2003\/revisions"}],"wp:featuredmedia":[{"embeddable":true,"href":"https:\/\/pscg.me\/en\/wp-json\/wp\/v2\/media\/2004"}],"wp:attachment":[{"href":"https:\/\/pscg.me\/en\/wp-json\/wp\/v2\/media?parent=2003"}],"wp:term":[{"taxonomy":"category","embeddable":true,"href":"https:\/\/pscg.me\/en\/wp-json\/wp\/v2\/categories?post=2003"},{"taxonomy":"post_tag","embeddable":true,"href":"https:\/\/pscg.me\/en\/wp-json\/wp\/v2\/tags?post=2003"}],"curies":[{"name":"wp","href":"https:\/\/api.w.org\/{rel}","templated":true}]}}