{"id":188,"date":"2018-02-09T18:29:29","date_gmt":"2018-02-09T17:29:29","guid":{"rendered":"http:\/\/pscg.me\/?p=188"},"modified":"2018-02-19T18:45:53","modified_gmt":"2018-02-19T17:45:53","slug":"druzenje-na-vrbanju-za-najmladje","status":"publish","type":"post","link":"https:\/\/pscg.me\/en\/druzenje-na-vrbanju-za-najmladje\/","title":{"rendered":"(Montenegro) Dru\u017eenje na Vrbanju za najmladje"},"content":{"rendered":"<p class=\"qtranxs-available-languages-message qtranxs-available-languages-message-en\">Sorry, this entry is only available in <a href=\"https:\/\/pscg.me\/sr\/wp-json\/wp\/v2\/posts\/188\" class=\"qtranxs-available-language-link qtranxs-available-language-link-sr\" title=\"Montenegro\">Montenegro<\/a>.<\/p>","protected":false},"excerpt":{"rendered":"<p>Sorry, this entry is only available in Montenegro.<\/p>\n","protected":false},"author":2,"featured_media":189,"comment_status":"open","ping_status":"open","sticky":false,"template":"","format":"standard","meta":{"jetpack_post_was_ever_published":false,"_jetpack_newsletter_access":"","_jetpack_dont_email_post_to_subs":false,"_jetpack_newsletter_tier_id":0,"_jetpack_memberships_contains_paywalled_content":false,"_jetpack_memberships_contains_paid_content":false,"footnotes":""},"categories":[3],"tags":[],"class_list":["post-188","post","type-post","status-publish","format-standard","has-post-thumbnail","hentry","category-novosti"],"jetpack_featured_media_url":"https:\/\/pscg.me\/wp-content\/uploads\/2018\/02\/Novi-sajt.jpg","jetpack_likes_enabled":true,"jetpack-related-posts":[{"id":379,"url":"https:\/\/pscg.me\/en\/promocija-pjesacke-staze-tatar-basta-suscepan-ratisevina-mokrine\/","url_meta":{"origin":188,"position":0},"title":"(Montenegro) Promocija pje\u0161a\u010dke staze Tatar ba\u0161ta Su\u0161\u0107epan Rati\u0161evina Mokrine","author":"Dragan Bulatovic","date":"Thursday February 15th, 2018","format":false,"excerpt":"Sorry, this entry is only available in Montenegro.","rel":"","context":"In &quot;News&quot;","block_context":{"text":"News","link":"https:\/\/pscg.me\/en\/category\/novosti\/"},"img":{"alt_text":"","src":"https:\/\/i0.wp.com\/pscg.me\/wp-content\/uploads\/2018\/03\/Poziv-na-promotivnu-turu.jpg?resize=350%2C200","width":350,"height":200,"srcset":"https:\/\/i0.wp.com\/pscg.me\/wp-content\/uploads\/2018\/03\/Poziv-na-promotivnu-turu.jpg?resize=350%2C200 1x, https:\/\/i0.wp.com\/pscg.me\/wp-content\/uploads\/2018\/03\/Poziv-na-promotivnu-turu.jpg?resize=525%2C300 1.5x"},"classes":[]},{"id":2019,"url":"https:\/\/pscg.me\/en\/pun-mjesec-i-bica-narodnih-prica-zagolicala-mastu\/","url_meta":{"origin":188,"position":1},"title":"(Montenegro) Pun mjesec i bi\u0107a narodnih pri\u010da zagolicala ma\u0161tu","author":"Tatjana Ivanovic","date":"Tuesday June 18th, 2019","format":false,"excerpt":"Sorry, this entry is only available in Montenegro.","rel":"","context":"In &quot;News&quot;","block_context":{"text":"News","link":"https:\/\/pscg.me\/en\/category\/novosti\/"},"img":{"alt_text":"","src":"https:\/\/i0.wp.com\/pscg.me\/wp-content\/uploads\/2019\/06\/64985812_482825689123996_2385593340650323968_o.jpg?resize=350%2C200&ssl=1","width":350,"height":200,"srcset":"https:\/\/i0.wp.com\/pscg.me\/wp-content\/uploads\/2019\/06\/64985812_482825689123996_2385593340650323968_o.jpg?resize=350%2C200&ssl=1 1x, https:\/\/i0.wp.com\/pscg.me\/wp-content\/uploads\/2019\/06\/64985812_482825689123996_2385593340650323968_o.jpg?resize=525%2C300&ssl=1 1.5x, https:\/\/i0.wp.com\/pscg.me\/wp-content\/uploads\/2019\/06\/64985812_482825689123996_2385593340650323968_o.jpg?resize=700%2C400&ssl=1 2x, https:\/\/i0.wp.com\/pscg.me\/wp-content\/uploads\/2019\/06\/64985812_482825689123996_2385593340650323968_o.jpg?resize=1050%2C600&ssl=1 3x, https:\/\/i0.wp.com\/pscg.me\/wp-content\/uploads\/2019\/06\/64985812_482825689123996_2385593340650323968_o.jpg?resize=1400%2C800&ssl=1 4x"},"classes":[]},{"id":3023,"url":"https:\/\/pscg.me\/en\/poziv-na-memorijalni-pohod-u-cast-dusana-bulatovica-dzambasa\/","url_meta":{"origin":188,"position":2},"title":"(Montenegro) Poziv na memorijalni pohod u \u010dast Du\u0161ana Bulatovi\u0107a D\u017eambasa","author":"Tatjana Ivanovic","date":"Tuesday June  1st, 2021","format":false,"excerpt":"Sorry, this entry is only available in Montenegro.","rel":"","context":"In &quot;News&quot;","block_context":{"text":"News","link":"https:\/\/pscg.me\/en\/category\/novosti\/"},"img":{"alt_text":"","src":"https:\/\/i0.wp.com\/pscg.me\/wp-content\/uploads\/2021\/06\/Planinarski-dom-Dzambas.jpg?resize=350%2C200&ssl=1","width":350,"height":200,"srcset":"https:\/\/i0.wp.com\/pscg.me\/wp-content\/uploads\/2021\/06\/Planinarski-dom-Dzambas.jpg?resize=350%2C200&ssl=1 1x, https:\/\/i0.wp.com\/pscg.me\/wp-content\/uploads\/2021\/06\/Planinarski-dom-Dzambas.jpg?resize=525%2C300&ssl=1 1.5x, https:\/\/i0.wp.com\/pscg.me\/wp-content\/uploads\/2021\/06\/Planinarski-dom-Dzambas.jpg?resize=700%2C400&ssl=1 2x"},"classes":[]},{"id":6493,"url":"https:\/\/pscg.me\/en\/vazne-promjene-za-penjace-na-everestu\/","url_meta":{"origin":188,"position":3},"title":"(Montenegro) Va\u017ene promjene za penja\u010de na Everestu","author":"Tatjana Ivanovic","date":"Saturday May  3rd, 2025","format":false,"excerpt":"Sorry, this entry is only available in Montenegro.","rel":"","context":"In &quot;News&quot;","block_context":{"text":"News","link":"https:\/\/pscg.me\/en\/category\/novosti\/"},"img":{"alt_text":"","src":"https:\/\/i0.wp.com\/pscg.me\/wp-content\/uploads\/2025\/05\/IMG_6936.jpeg?resize=350%2C200&ssl=1","width":350,"height":200,"srcset":"https:\/\/i0.wp.com\/pscg.me\/wp-content\/uploads\/2025\/05\/IMG_6936.jpeg?resize=350%2C200&ssl=1 1x, https:\/\/i0.wp.com\/pscg.me\/wp-content\/uploads\/2025\/05\/IMG_6936.jpeg?resize=525%2C300&ssl=1 1.5x, https:\/\/i0.wp.com\/pscg.me\/wp-content\/uploads\/2025\/05\/IMG_6936.jpeg?resize=700%2C400&ssl=1 2x, https:\/\/i0.wp.com\/pscg.me\/wp-content\/uploads\/2025\/05\/IMG_6936.jpeg?resize=1050%2C600&ssl=1 3x"},"classes":[]},{"id":2826,"url":"https:\/\/pscg.me\/en\/saopstenje-za-javnost-kluba-vojnih-planinara-kapetan\/","url_meta":{"origin":188,"position":4},"title":"(Montenegro) SAOP\u0160TENJE ZA JAVNOST KLUBA VOJNIH PLANINARA \u201cKAPETAN\u201d","author":"Tatjana Ivanovic","date":"Saturday January 23rd, 2021","format":false,"excerpt":"Sorry, this entry is only available in Montenegro.","rel":"","context":"In &quot;News&quot;","block_context":{"text":"News","link":"https:\/\/pscg.me\/en\/category\/novosti\/"},"img":{"alt_text":"","src":"https:\/\/i0.wp.com\/pscg.me\/wp-content\/uploads\/2019\/01\/Amblem-Kluba.jpg?resize=350%2C200&ssl=1","width":350,"height":200,"srcset":"https:\/\/i0.wp.com\/pscg.me\/wp-content\/uploads\/2019\/01\/Amblem-Kluba.jpg?resize=350%2C200&ssl=1 1x, https:\/\/i0.wp.com\/pscg.me\/wp-content\/uploads\/2019\/01\/Amblem-Kluba.jpg?resize=525%2C300&ssl=1 1.5x, https:\/\/i0.wp.com\/pscg.me\/wp-content\/uploads\/2019\/01\/Amblem-Kluba.jpg?resize=700%2C400&ssl=1 2x"},"classes":[]},{"id":3531,"url":"https:\/\/pscg.me\/en\/poziv-na-bjelasicki-maraton\/","url_meta":{"origin":188,"position":5},"title":"(Montenegro) Poziv na Bjelasi\u010dki maraton","author":"Tatjana Ivanovic","date":"Wednesday February  9th, 2022","format":false,"excerpt":"Sorry, this entry is only available in Montenegro.","rel":"","context":"In &quot;News&quot;","block_context":{"text":"News","link":"https:\/\/pscg.me\/en\/category\/novosti\/"},"img":{"alt_text":"","src":"","width":0,"height":0},"classes":[]}],"jetpack_sharing_enabled":true,"jetpack_shortlink":"https:\/\/wp.me\/p9BVX3-32","_links":{"self":[{"href":"https:\/\/pscg.me\/en\/wp-json\/wp\/v2\/posts\/188","targetHints":{"allow":["GET"]}}],"collection":[{"href":"https:\/\/pscg.me\/en\/wp-json\/wp\/v2\/posts"}],"about":[{"href":"https:\/\/pscg.me\/en\/wp-json\/wp\/v2\/types\/post"}],"author":[{"embeddable":true,"href":"https:\/\/pscg.me\/en\/wp-json\/wp\/v2\/users\/2"}],"replies":[{"embeddable":true,"href":"https:\/\/pscg.me\/en\/wp-json\/wp\/v2\/comments?post=188"}],"version-history":[{"count":0,"href":"https:\/\/pscg.me\/en\/wp-json\/wp\/v2\/posts\/188\/revisions"}],"wp:featuredmedia":[{"embeddable":true,"href":"https:\/\/pscg.me\/en\/wp-json\/wp\/v2\/media\/189"}],"wp:attachment":[{"href":"https:\/\/pscg.me\/en\/wp-json\/wp\/v2\/media?parent=188"}],"wp:term":[{"taxonomy":"category","embeddable":true,"href":"https:\/\/pscg.me\/en\/wp-json\/wp\/v2\/categories?post=188"},{"taxonomy":"post_tag","embeddable":true,"href":"https:\/\/pscg.me\/en\/wp-json\/wp\/v2\/tags?post=188"}],"curies":[{"name":"wp","href":"https:\/\/api.w.org\/{rel}","templated":true}]}}