{"id":1867,"date":"2019-05-07T10:12:34","date_gmt":"2019-05-07T09:12:34","guid":{"rendered":"http:\/\/pscg.me\/?p=1867"},"modified":"2019-05-07T13:51:07","modified_gmt":"2019-05-07T12:51:07","slug":"uspjesno-realizovana-akcija-via-ferrata-cehotina","status":"publish","type":"post","link":"https:\/\/pscg.me\/en\/uspjesno-realizovana-akcija-via-ferrata-cehotina\/","title":{"rendered":"(Montenegro) Uspje\u0161no realizovana akcija Via Ferrata \u0106ehotina"},"content":{"rendered":"<p class=\"qtranxs-available-languages-message qtranxs-available-languages-message-en\">Sorry, this entry is only available in <a href=\"https:\/\/pscg.me\/sr\/wp-json\/wp\/v2\/posts\/1867\" class=\"qtranxs-available-language-link qtranxs-available-language-link-sr\" title=\"Montenegro\">Montenegro<\/a>.<\/p>","protected":false},"excerpt":{"rendered":"<p>Sorry, this entry is only available in Montenegro.<\/p>\n","protected":false},"author":3,"featured_media":1870,"comment_status":"open","ping_status":"open","sticky":false,"template":"","format":"standard","meta":{"jetpack_post_was_ever_published":false,"_jetpack_newsletter_access":"","_jetpack_dont_email_post_to_subs":false,"_jetpack_newsletter_tier_id":0,"_jetpack_memberships_contains_paywalled_content":false,"_jetpack_memberships_contains_paid_content":false,"footnotes":""},"categories":[3],"tags":[],"class_list":["post-1867","post","type-post","status-publish","format-standard","has-post-thumbnail","hentry","category-novosti"],"jetpack_featured_media_url":"https:\/\/pscg.me\/wp-content\/uploads\/2019\/05\/59554927_413240196134261_2025428554417700864_n.jpg","jetpack_likes_enabled":true,"jetpack-related-posts":[{"id":1676,"url":"https:\/\/pscg.me\/en\/uspjesno-realizovan-vuksin-mars\/","url_meta":{"origin":1867,"position":0},"title":"(Montenegro) Uspje\u0161no realizovan &#8220;Vuk\u0161in mar\u0161&#8221;","author":"Tatjana Ivanovic","date":"Sunday January 27th, 2019","format":false,"excerpt":"Sorry, this entry is only available in Montenegro.","rel":"","context":"In &quot;News&quot;","block_context":{"text":"News","link":"https:\/\/pscg.me\/en\/category\/novosti\/"},"img":{"alt_text":"","src":"https:\/\/i0.wp.com\/pscg.me\/wp-content\/uploads\/2019\/01\/DSC09653.jpg?resize=350%2C200&ssl=1","width":350,"height":200,"srcset":"https:\/\/i0.wp.com\/pscg.me\/wp-content\/uploads\/2019\/01\/DSC09653.jpg?resize=350%2C200&ssl=1 1x, https:\/\/i0.wp.com\/pscg.me\/wp-content\/uploads\/2019\/01\/DSC09653.jpg?resize=525%2C300&ssl=1 1.5x, https:\/\/i0.wp.com\/pscg.me\/wp-content\/uploads\/2019\/01\/DSC09653.jpg?resize=700%2C400&ssl=1 2x"},"classes":[]},{"id":4166,"url":"https:\/\/pscg.me\/en\/na-zevsovom-prestolu-uspjesno-zavrsena-crnogorska-ekspedicija-olimp-2022\/","url_meta":{"origin":1867,"position":1},"title":"(Montenegro) NA ZEVSOVOM PRESTOLU &#8211; uspje\u0161no zavr\u0161ena Crnogorska ekspedicija Olimp 2022","author":"Dragan Bulatovic","date":"Monday September 26th, 2022","format":false,"excerpt":"Sorry, this entry is only available in Montenegro.","rel":"","context":"In &quot;News&quot;","block_context":{"text":"News","link":"https:\/\/pscg.me\/en\/category\/novosti\/"},"img":{"alt_text":"","src":"https:\/\/i0.wp.com\/pscg.me\/wp-content\/uploads\/2022\/09\/1-3.jpg?resize=350%2C200&ssl=1","width":350,"height":200,"srcset":"https:\/\/i0.wp.com\/pscg.me\/wp-content\/uploads\/2022\/09\/1-3.jpg?resize=350%2C200&ssl=1 1x, https:\/\/i0.wp.com\/pscg.me\/wp-content\/uploads\/2022\/09\/1-3.jpg?resize=525%2C300&ssl=1 1.5x, https:\/\/i0.wp.com\/pscg.me\/wp-content\/uploads\/2022\/09\/1-3.jpg?resize=700%2C400&ssl=1 2x, https:\/\/i0.wp.com\/pscg.me\/wp-content\/uploads\/2022\/09\/1-3.jpg?resize=1050%2C600&ssl=1 3x, https:\/\/i0.wp.com\/pscg.me\/wp-content\/uploads\/2022\/09\/1-3.jpg?resize=1400%2C800&ssl=1 4x"},"classes":[]},{"id":5812,"url":"https:\/\/pscg.me\/en\/izvjestaj-sa-crnogorske-ekspedicije-dolomiti-2024\/","url_meta":{"origin":1867,"position":2},"title":"(Montenegro) Izvje\u0161taj sa crnogorske ekspedicije Dolomiti 2024","author":"Tatjana Ivanovic","date":"Thursday August 22nd, 2024","format":false,"excerpt":"Sorry, this entry is only available in Montenegro.","rel":"","context":"In &quot;News&quot;","block_context":{"text":"News","link":"https:\/\/pscg.me\/en\/category\/novosti\/"},"img":{"alt_text":"","src":"https:\/\/i0.wp.com\/pscg.me\/wp-content\/uploads\/2024\/08\/5FF8170F-99B9-4B55-A04B-B6E9A0C34C46.jpeg?resize=350%2C200&ssl=1","width":350,"height":200,"srcset":"https:\/\/i0.wp.com\/pscg.me\/wp-content\/uploads\/2024\/08\/5FF8170F-99B9-4B55-A04B-B6E9A0C34C46.jpeg?resize=350%2C200&ssl=1 1x, https:\/\/i0.wp.com\/pscg.me\/wp-content\/uploads\/2024\/08\/5FF8170F-99B9-4B55-A04B-B6E9A0C34C46.jpeg?resize=525%2C300&ssl=1 1.5x, https:\/\/i0.wp.com\/pscg.me\/wp-content\/uploads\/2024\/08\/5FF8170F-99B9-4B55-A04B-B6E9A0C34C46.jpeg?resize=700%2C400&ssl=1 2x, https:\/\/i0.wp.com\/pscg.me\/wp-content\/uploads\/2024\/08\/5FF8170F-99B9-4B55-A04B-B6E9A0C34C46.jpeg?resize=1050%2C600&ssl=1 3x, https:\/\/i0.wp.com\/pscg.me\/wp-content\/uploads\/2024\/08\/5FF8170F-99B9-4B55-A04B-B6E9A0C34C46.jpeg?resize=1400%2C800&ssl=1 4x"},"classes":[]},{"id":538,"url":"https:\/\/pscg.me\/en\/realizacija-iv-zimskog-uspona-na-ljubisnju\/","url_meta":{"origin":1867,"position":3},"title":"(Montenegro) Realizacija IV zimskog uspona na Ljubi\u0161nju","author":"Tatjana Ivanovic","date":"Thursday March 15th, 2018","format":false,"excerpt":"Sorry, this entry is only available in Montenegro.","rel":"","context":"In &quot;News&quot;","block_context":{"text":"News","link":"https:\/\/pscg.me\/en\/category\/novosti\/"},"img":{"alt_text":"","src":"https:\/\/i0.wp.com\/pscg.me\/wp-content\/uploads\/2018\/03\/IMG-00089406eaf136dff3ed8b3a6d89b5a3-V.jpg?resize=350%2C200&ssl=1","width":350,"height":200,"srcset":"https:\/\/i0.wp.com\/pscg.me\/wp-content\/uploads\/2018\/03\/IMG-00089406eaf136dff3ed8b3a6d89b5a3-V.jpg?resize=350%2C200&ssl=1 1x, https:\/\/i0.wp.com\/pscg.me\/wp-content\/uploads\/2018\/03\/IMG-00089406eaf136dff3ed8b3a6d89b5a3-V.jpg?resize=525%2C300&ssl=1 1.5x, https:\/\/i0.wp.com\/pscg.me\/wp-content\/uploads\/2018\/03\/IMG-00089406eaf136dff3ed8b3a6d89b5a3-V.jpg?resize=700%2C400&ssl=1 2x, https:\/\/i0.wp.com\/pscg.me\/wp-content\/uploads\/2018\/03\/IMG-00089406eaf136dff3ed8b3a6d89b5a3-V.jpg?resize=1050%2C600&ssl=1 3x"},"classes":[]},{"id":4037,"url":"https:\/\/pscg.me\/en\/klub-vojnih-planinara-kapetan-ucestvovao-na-omladinskim-susretima-planinara-balkana\/","url_meta":{"origin":1867,"position":4},"title":"(Montenegro) KLUB VOJNIH PLANINARA &#8220;KAPETAN&#8221; U\u010cESTVOVAO NA OMLADINSKIM SUSRETIMA PLANINARA BALKANA","author":"Tatjana Ivanovic","date":"Tuesday August 23rd, 2022","format":false,"excerpt":"Sorry, this entry is only available in Montenegro.","rel":"","context":"In &quot;News&quot;","block_context":{"text":"News","link":"https:\/\/pscg.me\/en\/category\/novosti\/"},"img":{"alt_text":"","src":"https:\/\/i0.wp.com\/pscg.me\/wp-content\/uploads\/2022\/08\/Rajac-7.jpg?resize=350%2C200&ssl=1","width":350,"height":200,"srcset":"https:\/\/i0.wp.com\/pscg.me\/wp-content\/uploads\/2022\/08\/Rajac-7.jpg?resize=350%2C200&ssl=1 1x, https:\/\/i0.wp.com\/pscg.me\/wp-content\/uploads\/2022\/08\/Rajac-7.jpg?resize=525%2C300&ssl=1 1.5x, https:\/\/i0.wp.com\/pscg.me\/wp-content\/uploads\/2022\/08\/Rajac-7.jpg?resize=700%2C400&ssl=1 2x, https:\/\/i0.wp.com\/pscg.me\/wp-content\/uploads\/2022\/08\/Rajac-7.jpg?resize=1050%2C600&ssl=1 3x, https:\/\/i0.wp.com\/pscg.me\/wp-content\/uploads\/2022\/08\/Rajac-7.jpg?resize=1400%2C800&ssl=1 4x"},"classes":[]},{"id":4097,"url":"https:\/\/pscg.me\/en\/clanovi-kvp-kapetan-na-triglavu\/","url_meta":{"origin":1867,"position":5},"title":"(Montenegro) \u010clanovi KVP Kapetan na Triglavu","author":"Tatjana Ivanovic","date":"Wednesday September  7th, 2022","format":false,"excerpt":"Sorry, this entry is only available in Montenegro.","rel":"","context":"In &quot;News&quot;","block_context":{"text":"News","link":"https:\/\/pscg.me\/en\/category\/novosti\/"},"img":{"alt_text":"","src":"https:\/\/i0.wp.com\/pscg.me\/wp-content\/uploads\/2022\/09\/Kapetan-1.jpg?resize=350%2C200&ssl=1","width":350,"height":200,"srcset":"https:\/\/i0.wp.com\/pscg.me\/wp-content\/uploads\/2022\/09\/Kapetan-1.jpg?resize=350%2C200&ssl=1 1x, https:\/\/i0.wp.com\/pscg.me\/wp-content\/uploads\/2022\/09\/Kapetan-1.jpg?resize=525%2C300&ssl=1 1.5x, https:\/\/i0.wp.com\/pscg.me\/wp-content\/uploads\/2022\/09\/Kapetan-1.jpg?resize=700%2C400&ssl=1 2x"},"classes":[]}],"jetpack_sharing_enabled":true,"jetpack_shortlink":"https:\/\/wp.me\/p9BVX3-u7","_links":{"self":[{"href":"https:\/\/pscg.me\/en\/wp-json\/wp\/v2\/posts\/1867","targetHints":{"allow":["GET"]}}],"collection":[{"href":"https:\/\/pscg.me\/en\/wp-json\/wp\/v2\/posts"}],"about":[{"href":"https:\/\/pscg.me\/en\/wp-json\/wp\/v2\/types\/post"}],"author":[{"embeddable":true,"href":"https:\/\/pscg.me\/en\/wp-json\/wp\/v2\/users\/3"}],"replies":[{"embeddable":true,"href":"https:\/\/pscg.me\/en\/wp-json\/wp\/v2\/comments?post=1867"}],"version-history":[{"count":0,"href":"https:\/\/pscg.me\/en\/wp-json\/wp\/v2\/posts\/1867\/revisions"}],"wp:featuredmedia":[{"embeddable":true,"href":"https:\/\/pscg.me\/en\/wp-json\/wp\/v2\/media\/1870"}],"wp:attachment":[{"href":"https:\/\/pscg.me\/en\/wp-json\/wp\/v2\/media?parent=1867"}],"wp:term":[{"taxonomy":"category","embeddable":true,"href":"https:\/\/pscg.me\/en\/wp-json\/wp\/v2\/categories?post=1867"},{"taxonomy":"post_tag","embeddable":true,"href":"https:\/\/pscg.me\/en\/wp-json\/wp\/v2\/tags?post=1867"}],"curies":[{"name":"wp","href":"https:\/\/api.w.org\/{rel}","templated":true}]}}