{"id":1849,"date":"2019-04-23T22:06:02","date_gmt":"2019-04-23T21:06:02","guid":{"rendered":"http:\/\/pscg.me\/?p=1849"},"modified":"2019-04-30T00:47:44","modified_gmt":"2019-04-29T23:47:44","slug":"obiljezen-22-april-dan-planete-zemlje","status":"publish","type":"post","link":"https:\/\/pscg.me\/en\/obiljezen-22-april-dan-planete-zemlje\/","title":{"rendered":"(Montenegro) Obilje\u017een  22. april Dan planete zemlje"},"content":{"rendered":"<p class=\"qtranxs-available-languages-message qtranxs-available-languages-message-en\">Sorry, this entry is only available in <a href=\"https:\/\/pscg.me\/sr\/wp-json\/wp\/v2\/posts\/1849\" class=\"qtranxs-available-language-link qtranxs-available-language-link-sr\" title=\"Montenegro\">Montenegro<\/a>.<\/p>","protected":false},"excerpt":{"rendered":"<p>Sorry, this entry is only available in Montenegro.<\/p>\n","protected":false},"author":2,"featured_media":1863,"comment_status":"open","ping_status":"open","sticky":false,"template":"","format":"standard","meta":{"jetpack_post_was_ever_published":false,"_jetpack_newsletter_access":"","_jetpack_dont_email_post_to_subs":false,"_jetpack_newsletter_tier_id":0,"_jetpack_memberships_contains_paywalled_content":false,"_jetpack_memberships_contains_paid_content":false,"footnotes":""},"categories":[3],"tags":[],"class_list":["post-1849","post","type-post","status-publish","format-standard","has-post-thumbnail","hentry","category-novosti"],"jetpack_featured_media_url":"https:\/\/pscg.me\/wp-content\/uploads\/2019\/04\/IMG-fec46e69af0c4ce70b8fb77684e95b20-V.jpg","jetpack_likes_enabled":true,"jetpack-related-posts":[{"id":6301,"url":"https:\/\/pscg.me\/en\/izvjestaj-o-pripravnickim-akcijama-planinarskih-vodica-pscg-kategorija-a1\/","url_meta":{"origin":1849,"position":0},"title":"(Montenegro) Izvje\u0161taj o pripravni\u010dkim akcijama planinarskih vodi\u010da PSCG &#8211; Kategorija A1","author":"Tatjana Ivanovic","date":"Monday February 24th, 2025","format":false,"excerpt":"Sorry, this entry is only available in Montenegro.","rel":"","context":"In &quot;News&quot;","block_context":{"text":"News","link":"https:\/\/pscg.me\/en\/category\/novosti\/"},"img":{"alt_text":"","src":"https:\/\/i0.wp.com\/pscg.me\/wp-content\/uploads\/2025\/02\/IMG_5908-scaled.jpeg?resize=350%2C200&ssl=1","width":350,"height":200,"srcset":"https:\/\/i0.wp.com\/pscg.me\/wp-content\/uploads\/2025\/02\/IMG_5908-scaled.jpeg?resize=350%2C200&ssl=1 1x, https:\/\/i0.wp.com\/pscg.me\/wp-content\/uploads\/2025\/02\/IMG_5908-scaled.jpeg?resize=525%2C300&ssl=1 1.5x, https:\/\/i0.wp.com\/pscg.me\/wp-content\/uploads\/2025\/02\/IMG_5908-scaled.jpeg?resize=700%2C400&ssl=1 2x, https:\/\/i0.wp.com\/pscg.me\/wp-content\/uploads\/2025\/02\/IMG_5908-scaled.jpeg?resize=1050%2C600&ssl=1 3x, https:\/\/i0.wp.com\/pscg.me\/wp-content\/uploads\/2025\/02\/IMG_5908-scaled.jpeg?resize=1400%2C800&ssl=1 4x"},"classes":[]},{"id":6667,"url":"https:\/\/pscg.me\/en\/xix-pohod-zijova-staza-karaula-1915-mnv\/","url_meta":{"origin":1849,"position":1},"title":"(Montenegro) XIX pohod \u201eZijova staza\u201c \u2013 Karaula 1915 mnv","author":"Tatjana Ivanovic","date":"Saturday June 14th, 2025","format":false,"excerpt":"Sorry, this entry is only available in Montenegro.","rel":"","context":"In &quot;News&quot;","block_context":{"text":"News","link":"https:\/\/pscg.me\/en\/category\/novosti\/"},"img":{"alt_text":"","src":"https:\/\/i0.wp.com\/pscg.me\/wp-content\/uploads\/2025\/06\/IMG_7731-scaled.jpeg?resize=350%2C200&ssl=1","width":350,"height":200,"srcset":"https:\/\/i0.wp.com\/pscg.me\/wp-content\/uploads\/2025\/06\/IMG_7731-scaled.jpeg?resize=350%2C200&ssl=1 1x, https:\/\/i0.wp.com\/pscg.me\/wp-content\/uploads\/2025\/06\/IMG_7731-scaled.jpeg?resize=525%2C300&ssl=1 1.5x, https:\/\/i0.wp.com\/pscg.me\/wp-content\/uploads\/2025\/06\/IMG_7731-scaled.jpeg?resize=700%2C400&ssl=1 2x, https:\/\/i0.wp.com\/pscg.me\/wp-content\/uploads\/2025\/06\/IMG_7731-scaled.jpeg?resize=1050%2C600&ssl=1 3x, https:\/\/i0.wp.com\/pscg.me\/wp-content\/uploads\/2025\/06\/IMG_7731-scaled.jpeg?resize=1400%2C800&ssl=1 4x"},"classes":[]},{"id":2780,"url":"https:\/\/pscg.me\/en\/planinarski-savez-crne-gore-dobio-licencu-za-osposobljavanje-planinskih-vodica-skolovanje-licenciranih-planinskuh-vodica-u-crnoj-gori-moze-da-pocne\/","url_meta":{"origin":1849,"position":2},"title":"(Montenegro) Planinarski savez Crne Gore  dobio licencu za osposobljavanje planinskih vodi\u010da \u0160KOLOVANJE LICENCIRANIH PLANINSKUH VODI\u010cA U CRNOJ GORI MO\u017dE DA PO\u010cNE","author":"Dragan Bulatovic","date":"Friday September 18th, 2020","format":false,"excerpt":"Sorry, this entry is only available in Montenegro.","rel":"","context":"In &quot;News&quot;","block_context":{"text":"News","link":"https:\/\/pscg.me\/en\/category\/novosti\/"},"img":{"alt_text":"","src":"https:\/\/i0.wp.com\/pscg.me\/wp-content\/uploads\/2019\/07\/66489353_10217159402154445_4001652915520405504_n.jpg?resize=350%2C200&ssl=1","width":350,"height":200,"srcset":"https:\/\/i0.wp.com\/pscg.me\/wp-content\/uploads\/2019\/07\/66489353_10217159402154445_4001652915520405504_n.jpg?resize=350%2C200&ssl=1 1x, https:\/\/i0.wp.com\/pscg.me\/wp-content\/uploads\/2019\/07\/66489353_10217159402154445_4001652915520405504_n.jpg?resize=525%2C300&ssl=1 1.5x, https:\/\/i0.wp.com\/pscg.me\/wp-content\/uploads\/2019\/07\/66489353_10217159402154445_4001652915520405504_n.jpg?resize=700%2C400&ssl=1 2x"},"classes":[]},{"id":6723,"url":"https:\/\/pscg.me\/en\/svecana-akademija-povodom-75-godina-pscg\/","url_meta":{"origin":1849,"position":3},"title":"(Montenegro) Sve\u010dana akademija povodom 75 godina PSCG","author":"Tatjana Ivanovic","date":"Saturday June 28th, 2025","format":false,"excerpt":"Sorry, this entry is only available in Montenegro.","rel":"","context":"In &quot;News&quot;","block_context":{"text":"News","link":"https:\/\/pscg.me\/en\/category\/novosti\/"},"img":{"alt_text":"","src":"https:\/\/i0.wp.com\/pscg.me\/wp-content\/uploads\/2025\/07\/9D364E57-660D-4A6E-BD71-C1CFA05E8341.jpeg?resize=350%2C200&ssl=1","width":350,"height":200,"srcset":"https:\/\/i0.wp.com\/pscg.me\/wp-content\/uploads\/2025\/07\/9D364E57-660D-4A6E-BD71-C1CFA05E8341.jpeg?resize=350%2C200&ssl=1 1x, https:\/\/i0.wp.com\/pscg.me\/wp-content\/uploads\/2025\/07\/9D364E57-660D-4A6E-BD71-C1CFA05E8341.jpeg?resize=525%2C300&ssl=1 1.5x, https:\/\/i0.wp.com\/pscg.me\/wp-content\/uploads\/2025\/07\/9D364E57-660D-4A6E-BD71-C1CFA05E8341.jpeg?resize=700%2C400&ssl=1 2x, https:\/\/i0.wp.com\/pscg.me\/wp-content\/uploads\/2025\/07\/9D364E57-660D-4A6E-BD71-C1CFA05E8341.jpeg?resize=1050%2C600&ssl=1 3x"},"classes":[]},{"id":738,"url":"https:\/\/pscg.me\/en\/odrzana-je-redovna-proljecna-skupstina-planinarskog-saveza-crne-gore\/","url_meta":{"origin":1849,"position":4},"title":"(Montenegro) Odr\u017eana  je redovna\u00a0 prolje\u0107na Skup\u0161tina Planinarskog saveza Crne Gore","author":"Dragan Bulatovic","date":"Sunday April  1st, 2018","format":false,"excerpt":"Sorry, this entry is only available in Montenegro.","rel":"","context":"In &quot;News&quot;","block_context":{"text":"News","link":"https:\/\/pscg.me\/en\/category\/novosti\/"},"img":{"alt_text":"","src":"https:\/\/i0.wp.com\/pscg.me\/wp-content\/uploads\/2018\/04\/03.jpg?resize=350%2C200&ssl=1","width":350,"height":200,"srcset":"https:\/\/i0.wp.com\/pscg.me\/wp-content\/uploads\/2018\/04\/03.jpg?resize=350%2C200&ssl=1 1x, https:\/\/i0.wp.com\/pscg.me\/wp-content\/uploads\/2018\/04\/03.jpg?resize=525%2C300&ssl=1 1.5x"},"classes":[]},{"id":7062,"url":"https:\/\/pscg.me\/en\/na-redovnoj-godisnjoj-sjednici-skupstine-planinarskog-saveza-crne-gore-bozidar-janketic-izabran-za-predsjednika-pscg\/","url_meta":{"origin":1849,"position":5},"title":"(Montenegro) Na Redovnoj godi\u0161njoj sjednici Skup\u0161tine Planinarskog saveza Crne Gore Bo\u017eidar Janketi\u0107 izabran za predsjednika PSCG","author":"Tatjana Ivanovic","date":"Sunday December 28th, 2025","format":false,"excerpt":"Sorry, this entry is only available in Montenegro.","rel":"","context":"In &quot;News&quot;","block_context":{"text":"News","link":"https:\/\/pscg.me\/en\/category\/novosti\/"},"img":{"alt_text":"","src":"https:\/\/i0.wp.com\/pscg.me\/wp-content\/uploads\/2025\/12\/IMG_1540.jpeg?resize=350%2C200&ssl=1","width":350,"height":200,"srcset":"https:\/\/i0.wp.com\/pscg.me\/wp-content\/uploads\/2025\/12\/IMG_1540.jpeg?resize=350%2C200&ssl=1 1x, https:\/\/i0.wp.com\/pscg.me\/wp-content\/uploads\/2025\/12\/IMG_1540.jpeg?resize=525%2C300&ssl=1 1.5x, https:\/\/i0.wp.com\/pscg.me\/wp-content\/uploads\/2025\/12\/IMG_1540.jpeg?resize=700%2C400&ssl=1 2x, https:\/\/i0.wp.com\/pscg.me\/wp-content\/uploads\/2025\/12\/IMG_1540.jpeg?resize=1050%2C600&ssl=1 3x"},"classes":[]}],"jetpack_sharing_enabled":true,"jetpack_shortlink":"https:\/\/wp.me\/p9BVX3-tP","_links":{"self":[{"href":"https:\/\/pscg.me\/en\/wp-json\/wp\/v2\/posts\/1849","targetHints":{"allow":["GET"]}}],"collection":[{"href":"https:\/\/pscg.me\/en\/wp-json\/wp\/v2\/posts"}],"about":[{"href":"https:\/\/pscg.me\/en\/wp-json\/wp\/v2\/types\/post"}],"author":[{"embeddable":true,"href":"https:\/\/pscg.me\/en\/wp-json\/wp\/v2\/users\/2"}],"replies":[{"embeddable":true,"href":"https:\/\/pscg.me\/en\/wp-json\/wp\/v2\/comments?post=1849"}],"version-history":[{"count":0,"href":"https:\/\/pscg.me\/en\/wp-json\/wp\/v2\/posts\/1849\/revisions"}],"wp:featuredmedia":[{"embeddable":true,"href":"https:\/\/pscg.me\/en\/wp-json\/wp\/v2\/media\/1863"}],"wp:attachment":[{"href":"https:\/\/pscg.me\/en\/wp-json\/wp\/v2\/media?parent=1849"}],"wp:term":[{"taxonomy":"category","embeddable":true,"href":"https:\/\/pscg.me\/en\/wp-json\/wp\/v2\/categories?post=1849"},{"taxonomy":"post_tag","embeddable":true,"href":"https:\/\/pscg.me\/en\/wp-json\/wp\/v2\/tags?post=1849"}],"curies":[{"name":"wp","href":"https:\/\/api.w.org\/{rel}","templated":true}]}}