{"id":1757,"date":"2019-03-22T08:49:41","date_gmt":"2019-03-22T07:49:41","guid":{"rendered":"http:\/\/pscg.me\/?p=1757"},"modified":"2019-03-22T08:55:32","modified_gmt":"2019-03-22T07:55:32","slug":"edukativna-pjesacka-tura-voda-u-krsu","status":"publish","type":"post","link":"https:\/\/pscg.me\/en\/edukativna-pjesacka-tura-voda-u-krsu\/","title":{"rendered":"(Montenegro) Edukativna pje\u0161a\u010dka tura &#8220;Voda u kr\u0161u&#8221;"},"content":{"rendered":"<p class=\"qtranxs-available-languages-message qtranxs-available-languages-message-en\">Sorry, this entry is only available in <a href=\"https:\/\/pscg.me\/sr\/wp-json\/wp\/v2\/posts\/1757\" class=\"qtranxs-available-language-link qtranxs-available-language-link-sr\" title=\"Montenegro\">Montenegro<\/a>.<\/p>","protected":false},"excerpt":{"rendered":"<p>Sorry, this entry is only available in Montenegro.<\/p>\n","protected":false},"author":3,"featured_media":1758,"comment_status":"open","ping_status":"open","sticky":false,"template":"","format":"standard","meta":{"jetpack_post_was_ever_published":false,"_jetpack_newsletter_access":"","_jetpack_dont_email_post_to_subs":false,"_jetpack_newsletter_tier_id":0,"_jetpack_memberships_contains_paywalled_content":false,"_jetpack_memberships_contains_paid_content":false,"footnotes":""},"categories":[3],"tags":[],"class_list":["post-1757","post","type-post","status-publish","format-standard","has-post-thumbnail","hentry","category-novosti"],"jetpack_featured_media_url":"https:\/\/pscg.me\/wp-content\/uploads\/2019\/03\/54522643_561756357667198_1384506068192722944_n.jpg","jetpack_likes_enabled":true,"jetpack-related-posts":[{"id":1088,"url":"https:\/\/pscg.me\/en\/poziv-na-manifestaciju-nas-krs\/","url_meta":{"origin":1757,"position":0},"title":"(Montenegro) Poziv na manifestaciju &#8220;Na\u0161 kr\u0161&#8221;","author":"Tatjana Ivanovic","date":"Thursday June 28th, 2018","format":false,"excerpt":"Sorry, this entry is only available in Montenegro.","rel":"","context":"In &quot;News&quot;","block_context":{"text":"News","link":"https:\/\/pscg.me\/en\/category\/novosti\/"},"img":{"alt_text":"","src":"https:\/\/i0.wp.com\/pscg.me\/wp-content\/uploads\/2018\/06\/Poziv-na-III-Prvenstvo-CGfoto.jpg?resize=350%2C200&ssl=1","width":350,"height":200,"srcset":"https:\/\/i0.wp.com\/pscg.me\/wp-content\/uploads\/2018\/06\/Poziv-na-III-Prvenstvo-CGfoto.jpg?resize=350%2C200&ssl=1 1x, https:\/\/i0.wp.com\/pscg.me\/wp-content\/uploads\/2018\/06\/Poziv-na-III-Prvenstvo-CGfoto.jpg?resize=525%2C300&ssl=1 1.5x, https:\/\/i0.wp.com\/pscg.me\/wp-content\/uploads\/2018\/06\/Poziv-na-III-Prvenstvo-CGfoto.jpg?resize=700%2C400&ssl=1 2x, https:\/\/i0.wp.com\/pscg.me\/wp-content\/uploads\/2018\/06\/Poziv-na-III-Prvenstvo-CGfoto.jpg?resize=1050%2C600&ssl=1 3x"},"classes":[]},{"id":2044,"url":"https:\/\/pscg.me\/en\/odrzana-manifestacija-nas-krs-2\/","url_meta":{"origin":1757,"position":1},"title":"(Montenegro) Odr\u017eana manifestacija Na\u0161 kr\u0161","author":"Tatjana Ivanovic","date":"Monday July  1st, 2019","format":false,"excerpt":"Sorry, this entry is only available in Montenegro.","rel":"","context":"In &quot;News&quot;","block_context":{"text":"News","link":"https:\/\/pscg.me\/en\/category\/novosti\/"},"img":{"alt_text":"","src":"https:\/\/i0.wp.com\/pscg.me\/wp-content\/uploads\/2019\/07\/Prvenstvo-CG-ekipa-Ili%C4%87.jpg?resize=350%2C200&ssl=1","width":350,"height":200,"srcset":"https:\/\/i0.wp.com\/pscg.me\/wp-content\/uploads\/2019\/07\/Prvenstvo-CG-ekipa-Ili%C4%87.jpg?resize=350%2C200&ssl=1 1x, https:\/\/i0.wp.com\/pscg.me\/wp-content\/uploads\/2019\/07\/Prvenstvo-CG-ekipa-Ili%C4%87.jpg?resize=525%2C300&ssl=1 1.5x, https:\/\/i0.wp.com\/pscg.me\/wp-content\/uploads\/2019\/07\/Prvenstvo-CG-ekipa-Ili%C4%87.jpg?resize=700%2C400&ssl=1 2x, https:\/\/i0.wp.com\/pscg.me\/wp-content\/uploads\/2019\/07\/Prvenstvo-CG-ekipa-Ili%C4%87.jpg?resize=1050%2C600&ssl=1 3x, https:\/\/i0.wp.com\/pscg.me\/wp-content\/uploads\/2019\/07\/Prvenstvo-CG-ekipa-Ili%C4%87.jpg?resize=1400%2C800&ssl=1 4x"},"classes":[]},{"id":6559,"url":"https:\/\/pscg.me\/en\/orjenska-3-jada-2025\/","url_meta":{"origin":1757,"position":2},"title":"(Montenegro) ORJENSKA 3 JADA 2025","author":"Tatjana Ivanovic","date":"Friday May 16th, 2025","format":false,"excerpt":"Sorry, this entry is only available in Montenegro.","rel":"","context":"In &quot;News&quot;","block_context":{"text":"News","link":"https:\/\/pscg.me\/en\/category\/novosti\/"},"img":{"alt_text":"","src":"https:\/\/i0.wp.com\/pscg.me\/wp-content\/uploads\/2025\/05\/IMG_7099.jpeg?resize=350%2C200&ssl=1","width":350,"height":200,"srcset":"https:\/\/i0.wp.com\/pscg.me\/wp-content\/uploads\/2025\/05\/IMG_7099.jpeg?resize=350%2C200&ssl=1 1x, https:\/\/i0.wp.com\/pscg.me\/wp-content\/uploads\/2025\/05\/IMG_7099.jpeg?resize=525%2C300&ssl=1 1.5x, https:\/\/i0.wp.com\/pscg.me\/wp-content\/uploads\/2025\/05\/IMG_7099.jpeg?resize=700%2C400&ssl=1 2x, https:\/\/i0.wp.com\/pscg.me\/wp-content\/uploads\/2025\/05\/IMG_7099.jpeg?resize=1050%2C600&ssl=1 3x"},"classes":[]},{"id":968,"url":"https:\/\/pscg.me\/en\/memorijal-dusan-bulatovic-dzambas\/","url_meta":{"origin":1757,"position":3},"title":"(Montenegro) Memorijal Du\u0161an Bulatovi\u0107 D\u017eambas &#8211; Poziv","author":"Tatjana Ivanovic","date":"Wednesday June 13th, 2018","format":false,"excerpt":"Sorry, this entry is only available in Montenegro.","rel":"","context":"In &quot;News&quot;","block_context":{"text":"News","link":"https:\/\/pscg.me\/en\/category\/novosti\/"},"img":{"alt_text":"","src":"https:\/\/i0.wp.com\/pscg.me\/wp-content\/uploads\/2018\/06\/Planinarski-dom-Dzambas-300x200.jpg?resize=350%2C200","width":350,"height":200},"classes":[]},{"id":2032,"url":"https:\/\/pscg.me\/en\/poziv-na-manifestaciju-nas-krs-2\/","url_meta":{"origin":1757,"position":4},"title":"(Montenegro) Poziv na manifestaciju Na\u0161 kr\u0161","author":"Tatjana Ivanovic","date":"Sunday June 23rd, 2019","format":false,"excerpt":"Sorry, this entry is only available in Montenegro.","rel":"","context":"In &quot;News&quot;","block_context":{"text":"News","link":"https:\/\/pscg.me\/en\/category\/novosti\/"},"img":{"alt_text":"","src":"https:\/\/i0.wp.com\/pscg.me\/wp-content\/uploads\/2019\/06\/Sedlo-dron.jpg?resize=350%2C200&ssl=1","width":350,"height":200,"srcset":"https:\/\/i0.wp.com\/pscg.me\/wp-content\/uploads\/2019\/06\/Sedlo-dron.jpg?resize=350%2C200&ssl=1 1x, https:\/\/i0.wp.com\/pscg.me\/wp-content\/uploads\/2019\/06\/Sedlo-dron.jpg?resize=525%2C300&ssl=1 1.5x, https:\/\/i0.wp.com\/pscg.me\/wp-content\/uploads\/2019\/06\/Sedlo-dron.jpg?resize=700%2C400&ssl=1 2x"},"classes":[]},{"id":2013,"url":"https:\/\/pscg.me\/en\/poziv-na-memorijal-dusan-bulatovic-dzambas\/","url_meta":{"origin":1757,"position":5},"title":"(Montenegro) Poziv na memorijal Du\u0161an Bulatovi\u0107 D\u017eambas","author":"Tatjana Ivanovic","date":"Monday June 17th, 2019","format":false,"excerpt":"Sorry, this entry is only available in Montenegro.","rel":"","context":"In &quot;News&quot;","block_context":{"text":"News","link":"https:\/\/pscg.me\/en\/category\/novosti\/"},"img":{"alt_text":"","src":"https:\/\/i0.wp.com\/pscg.me\/wp-content\/uploads\/2019\/06\/dzambas.jpg?resize=350%2C200&ssl=1","width":350,"height":200},"classes":[]}],"jetpack_sharing_enabled":true,"jetpack_shortlink":"https:\/\/wp.me\/p9BVX3-sl","_links":{"self":[{"href":"https:\/\/pscg.me\/en\/wp-json\/wp\/v2\/posts\/1757","targetHints":{"allow":["GET"]}}],"collection":[{"href":"https:\/\/pscg.me\/en\/wp-json\/wp\/v2\/posts"}],"about":[{"href":"https:\/\/pscg.me\/en\/wp-json\/wp\/v2\/types\/post"}],"author":[{"embeddable":true,"href":"https:\/\/pscg.me\/en\/wp-json\/wp\/v2\/users\/3"}],"replies":[{"embeddable":true,"href":"https:\/\/pscg.me\/en\/wp-json\/wp\/v2\/comments?post=1757"}],"version-history":[{"count":0,"href":"https:\/\/pscg.me\/en\/wp-json\/wp\/v2\/posts\/1757\/revisions"}],"wp:featuredmedia":[{"embeddable":true,"href":"https:\/\/pscg.me\/en\/wp-json\/wp\/v2\/media\/1758"}],"wp:attachment":[{"href":"https:\/\/pscg.me\/en\/wp-json\/wp\/v2\/media?parent=1757"}],"wp:term":[{"taxonomy":"category","embeddable":true,"href":"https:\/\/pscg.me\/en\/wp-json\/wp\/v2\/categories?post=1757"},{"taxonomy":"post_tag","embeddable":true,"href":"https:\/\/pscg.me\/en\/wp-json\/wp\/v2\/tags?post=1757"}],"curies":[{"name":"wp","href":"https:\/\/api.w.org\/{rel}","templated":true}]}}