{"id":1730,"date":"2019-03-05T21:28:58","date_gmt":"2019-03-05T20:28:58","guid":{"rendered":"http:\/\/pscg.me\/?p=1730"},"modified":"2019-03-08T22:05:15","modified_gmt":"2019-03-08T21:05:15","slug":"5th-grawe-winter-adventure-race-trijumfovao-lazar-badanjac","status":"publish","type":"post","link":"https:\/\/pscg.me\/en\/5th-grawe-winter-adventure-race-trijumfovao-lazar-badanjac\/","title":{"rendered":"(Montenegro) 5th GRAWE Winter Adventure Race &#8211; Trijumfovao Lazar Badanjac"},"content":{"rendered":"<p class=\"qtranxs-available-languages-message qtranxs-available-languages-message-en\">Sorry, this entry is only available in <a href=\"https:\/\/pscg.me\/sr\/wp-json\/wp\/v2\/posts\/1730\" class=\"qtranxs-available-language-link qtranxs-available-language-link-sr\" title=\"Montenegro\">Montenegro<\/a>.<\/p>","protected":false},"excerpt":{"rendered":"<p>Sorry, this entry is only available in Montenegro.<\/p>\n","protected":false},"author":2,"featured_media":1731,"comment_status":"open","ping_status":"open","sticky":false,"template":"","format":"standard","meta":{"jetpack_post_was_ever_published":false,"_jetpack_newsletter_access":"","_jetpack_dont_email_post_to_subs":false,"_jetpack_newsletter_tier_id":0,"_jetpack_memberships_contains_paywalled_content":false,"_jetpack_memberships_contains_paid_content":false,"footnotes":""},"categories":[3],"tags":[],"class_list":["post-1730","post","type-post","status-publish","format-standard","has-post-thumbnail","hentry","category-novosti"],"jetpack_featured_media_url":"https:\/\/pscg.me\/wp-content\/uploads\/2019\/03\/IMG_20190302_093526.jpg","jetpack_likes_enabled":true,"jetpack-related-posts":[{"id":193,"url":"https:\/\/pscg.me\/en\/odrzana-the-4th-winter-adventure-race-na-bjelasici\/","url_meta":{"origin":1730,"position":0},"title":"(Montenegro) Odr\u017eana The 4th Winter Adventure Race na Bjelasici","author":"Dragan Bulatovic","date":"Monday February 19th, 2018","format":false,"excerpt":"Sorry, this entry is only available in Montenegro.","rel":"","context":"In &quot;News&quot;","block_context":{"text":"News","link":"https:\/\/pscg.me\/en\/category\/novosti\/"},"img":{"alt_text":"","src":"https:\/\/i0.wp.com\/pscg.me\/wp-content\/uploads\/2018\/02\/IMG_20180217_085738-1-scaled.jpg?resize=350%2C200&ssl=1","width":350,"height":200,"srcset":"https:\/\/i0.wp.com\/pscg.me\/wp-content\/uploads\/2018\/02\/IMG_20180217_085738-1-scaled.jpg?resize=350%2C200&ssl=1 1x, https:\/\/i0.wp.com\/pscg.me\/wp-content\/uploads\/2018\/02\/IMG_20180217_085738-1-scaled.jpg?resize=525%2C300&ssl=1 1.5x, https:\/\/i0.wp.com\/pscg.me\/wp-content\/uploads\/2018\/02\/IMG_20180217_085738-1-scaled.jpg?resize=700%2C400&ssl=1 2x, https:\/\/i0.wp.com\/pscg.me\/wp-content\/uploads\/2018\/02\/IMG_20180217_085738-1-scaled.jpg?resize=1050%2C600&ssl=1 3x, https:\/\/i0.wp.com\/pscg.me\/wp-content\/uploads\/2018\/02\/IMG_20180217_085738-1-scaled.jpg?resize=1400%2C800&ssl=1 4x"},"classes":[]},{"id":2935,"url":"https:\/\/pscg.me\/en\/izvjestaj-sa-7th-winter-adventure-race-bjelasicki-maraton-2021\/","url_meta":{"origin":1730,"position":1},"title":"(Montenegro) Izvje\u0161taj sa 7th Winter Adventure Race \u2013 Bjelasi\u010dki maraton 2021","author":"Tatjana Ivanovic","date":"Tuesday May 18th, 2021","format":false,"excerpt":"Sorry, this entry is only available in Montenegro.","rel":"","context":"In &quot;News&quot;","block_context":{"text":"News","link":"https:\/\/pscg.me\/en\/category\/novosti\/"},"img":{"alt_text":"","src":"https:\/\/i0.wp.com\/pscg.me\/wp-content\/uploads\/2021\/05\/1.jpg?resize=350%2C200","width":350,"height":200,"srcset":"https:\/\/i0.wp.com\/pscg.me\/wp-content\/uploads\/2021\/05\/1.jpg?resize=350%2C200 1x, https:\/\/i0.wp.com\/pscg.me\/wp-content\/uploads\/2021\/05\/1.jpg?resize=525%2C300 1.5x, https:\/\/i0.wp.com\/pscg.me\/wp-content\/uploads\/2021\/05\/1.jpg?resize=700%2C400 2x"},"classes":[]},{"id":3623,"url":"https:\/\/pscg.me\/en\/gostujuce-predavanje-na-univerzitetu-mediteran-uloga-planinarskog-saveza-crne-gore-u-razvoju-planinskog-turizma\/","url_meta":{"origin":1730,"position":2},"title":"(Montenegro) Gostuju\u0107e predavanje na Univerzitetu Mediteran ULOGA PLANINARSKOG SAVEZA CRNE GORE U RAZVOJU PLANINSKOG TURIZMA","author":"Dragan Bulatovic","date":"Sunday March 13th, 2022","format":false,"excerpt":"Sorry, this entry is only available in Montenegro.","rel":"","context":"In &quot;News&quot;","block_context":{"text":"News","link":"https:\/\/pscg.me\/en\/category\/novosti\/"},"img":{"alt_text":"","src":"https:\/\/i0.wp.com\/pscg.me\/wp-content\/uploads\/2022\/03\/Naslovna.jpg?resize=350%2C200&ssl=1","width":350,"height":200,"srcset":"https:\/\/i0.wp.com\/pscg.me\/wp-content\/uploads\/2022\/03\/Naslovna.jpg?resize=350%2C200&ssl=1 1x, https:\/\/i0.wp.com\/pscg.me\/wp-content\/uploads\/2022\/03\/Naslovna.jpg?resize=525%2C300&ssl=1 1.5x, https:\/\/i0.wp.com\/pscg.me\/wp-content\/uploads\/2022\/03\/Naslovna.jpg?resize=700%2C400&ssl=1 2x"},"classes":[]},{"id":3218,"url":"https:\/\/pscg.me\/en\/posjeta-konzula-rumunije-planinarskom-savezu-crne-gore\/","url_meta":{"origin":1730,"position":3},"title":"(Montenegro) Posjeta Konzula Rumunije  Planinarskom savezu Crne Gore","author":"Dragan Bulatovic","date":"Thursday September  9th, 2021","format":false,"excerpt":"Sorry, this entry is only available in Montenegro.","rel":"","context":"In &quot;News&quot;","block_context":{"text":"News","link":"https:\/\/pscg.me\/en\/category\/novosti\/"},"img":{"alt_text":"","src":"https:\/\/i0.wp.com\/pscg.me\/wp-content\/uploads\/2021\/09\/viber_image_2021-09-09_22-40-18-237.jpg?resize=350%2C200&ssl=1","width":350,"height":200,"srcset":"https:\/\/i0.wp.com\/pscg.me\/wp-content\/uploads\/2021\/09\/viber_image_2021-09-09_22-40-18-237.jpg?resize=350%2C200&ssl=1 1x, https:\/\/i0.wp.com\/pscg.me\/wp-content\/uploads\/2021\/09\/viber_image_2021-09-09_22-40-18-237.jpg?resize=525%2C300&ssl=1 1.5x, https:\/\/i0.wp.com\/pscg.me\/wp-content\/uploads\/2021\/09\/viber_image_2021-09-09_22-40-18-237.jpg?resize=700%2C400&ssl=1 2x, https:\/\/i0.wp.com\/pscg.me\/wp-content\/uploads\/2021\/09\/viber_image_2021-09-09_22-40-18-237.jpg?resize=1050%2C600&ssl=1 3x, https:\/\/i0.wp.com\/pscg.me\/wp-content\/uploads\/2021\/09\/viber_image_2021-09-09_22-40-18-237.jpg?resize=1400%2C800&ssl=1 4x"},"classes":[]},{"id":3560,"url":"https:\/\/pscg.me\/en\/in-memoriam-gojko-vlahovic-1928-2022\/","url_meta":{"origin":1730,"position":4},"title":"(Montenegro) In Memoriam: Gojko Vlahovi\u0107 (1928-2022)","author":"Dragan Bulatovic","date":"Friday March  4th, 2022","format":false,"excerpt":"Sorry, this entry is only available in Montenegro.","rel":"","context":"In &quot;News&quot;","block_context":{"text":"News","link":"https:\/\/pscg.me\/en\/category\/novosti\/"},"img":{"alt_text":"","src":"https:\/\/i0.wp.com\/pscg.me\/wp-content\/uploads\/2022\/03\/iN-mEMORIAM.png1_.png?resize=350%2C200&ssl=1","width":350,"height":200,"srcset":"https:\/\/i0.wp.com\/pscg.me\/wp-content\/uploads\/2022\/03\/iN-mEMORIAM.png1_.png?resize=350%2C200&ssl=1 1x, https:\/\/i0.wp.com\/pscg.me\/wp-content\/uploads\/2022\/03\/iN-mEMORIAM.png1_.png?resize=525%2C300&ssl=1 1.5x, https:\/\/i0.wp.com\/pscg.me\/wp-content\/uploads\/2022\/03\/iN-mEMORIAM.png1_.png?resize=700%2C400&ssl=1 2x, https:\/\/i0.wp.com\/pscg.me\/wp-content\/uploads\/2022\/03\/iN-mEMORIAM.png1_.png?resize=1050%2C600&ssl=1 3x"},"classes":[]},{"id":3949,"url":"https:\/\/pscg.me\/en\/dva-jubileja-a-jedna-prica-izvjestaj-sa-45-memorijalnog-planinarskog-pohoda-general-danilo-jaukovic\/","url_meta":{"origin":1730,"position":5},"title":"(Montenegro) DVA JUBILEJA, A JEDNA PRI\u010cA (izvje\u0161taj sa 45. memorijalnog planinarskog pohoda &#8220;General Danilo Jaukovi\u0107&#8221;)","author":"Tatjana Ivanovic","date":"Wednesday August  3rd, 2022","format":false,"excerpt":"Sorry, this entry is only available in Montenegro.","rel":"","context":"In &quot;News&quot;","block_context":{"text":"News","link":"https:\/\/pscg.me\/en\/category\/novosti\/"},"img":{"alt_text":"","src":"https:\/\/i0.wp.com\/pscg.me\/wp-content\/uploads\/2022\/08\/m7-1.jpg?resize=350%2C200&ssl=1","width":350,"height":200,"srcset":"https:\/\/i0.wp.com\/pscg.me\/wp-content\/uploads\/2022\/08\/m7-1.jpg?resize=350%2C200&ssl=1 1x, https:\/\/i0.wp.com\/pscg.me\/wp-content\/uploads\/2022\/08\/m7-1.jpg?resize=525%2C300&ssl=1 1.5x, https:\/\/i0.wp.com\/pscg.me\/wp-content\/uploads\/2022\/08\/m7-1.jpg?resize=700%2C400&ssl=1 2x, https:\/\/i0.wp.com\/pscg.me\/wp-content\/uploads\/2022\/08\/m7-1.jpg?resize=1050%2C600&ssl=1 3x, https:\/\/i0.wp.com\/pscg.me\/wp-content\/uploads\/2022\/08\/m7-1.jpg?resize=1400%2C800&ssl=1 4x"},"classes":[]}],"jetpack_sharing_enabled":true,"jetpack_shortlink":"https:\/\/wp.me\/p9BVX3-rU","_links":{"self":[{"href":"https:\/\/pscg.me\/en\/wp-json\/wp\/v2\/posts\/1730","targetHints":{"allow":["GET"]}}],"collection":[{"href":"https:\/\/pscg.me\/en\/wp-json\/wp\/v2\/posts"}],"about":[{"href":"https:\/\/pscg.me\/en\/wp-json\/wp\/v2\/types\/post"}],"author":[{"embeddable":true,"href":"https:\/\/pscg.me\/en\/wp-json\/wp\/v2\/users\/2"}],"replies":[{"embeddable":true,"href":"https:\/\/pscg.me\/en\/wp-json\/wp\/v2\/comments?post=1730"}],"version-history":[{"count":0,"href":"https:\/\/pscg.me\/en\/wp-json\/wp\/v2\/posts\/1730\/revisions"}],"wp:featuredmedia":[{"embeddable":true,"href":"https:\/\/pscg.me\/en\/wp-json\/wp\/v2\/media\/1731"}],"wp:attachment":[{"href":"https:\/\/pscg.me\/en\/wp-json\/wp\/v2\/media?parent=1730"}],"wp:term":[{"taxonomy":"category","embeddable":true,"href":"https:\/\/pscg.me\/en\/wp-json\/wp\/v2\/categories?post=1730"},{"taxonomy":"post_tag","embeddable":true,"href":"https:\/\/pscg.me\/en\/wp-json\/wp\/v2\/tags?post=1730"}],"curies":[{"name":"wp","href":"https:\/\/api.w.org\/{rel}","templated":true}]}}