{"id":161,"date":"2018-02-09T21:51:44","date_gmt":"2018-02-09T20:51:44","guid":{"rendered":"http:\/\/pscg.me\/?p=161"},"modified":"2018-02-09T22:53:35","modified_gmt":"2018-02-09T21:53:35","slug":"english-traditional-expedition-on-prekornica","status":"publish","type":"post","link":"https:\/\/pscg.me\/en\/english-traditional-expedition-on-prekornica\/","title":{"rendered":"TRADITIONAL EXPEDITION ON PREKORNICA"},"content":{"rendered":"<p><img loading=\"lazy\" decoding=\"async\" data-attachment-id=\"162\" data-permalink=\"https:\/\/pscg.me\/en\/english-traditional-expedition-on-prekornica\/1425374719_640\/\" data-orig-file=\"https:\/\/pscg.me\/wp-content\/uploads\/2018\/02\/1425374719_640.jpg\" data-orig-size=\"640,392\" data-comments-opened=\"1\" data-image-meta=\"{&quot;aperture&quot;:&quot;0&quot;,&quot;credit&quot;:&quot;&quot;,&quot;camera&quot;:&quot;&quot;,&quot;caption&quot;:&quot;&quot;,&quot;created_timestamp&quot;:&quot;0&quot;,&quot;copyright&quot;:&quot;&quot;,&quot;focal_length&quot;:&quot;0&quot;,&quot;iso&quot;:&quot;0&quot;,&quot;shutter_speed&quot;:&quot;0&quot;,&quot;title&quot;:&quot;&quot;,&quot;orientation&quot;:&quot;0&quot;}\" data-image-title=\"1425374719_640\" data-image-description=\"\" data-image-caption=\"\" data-large-file=\"https:\/\/pscg.me\/wp-content\/uploads\/2018\/02\/1425374719_640.jpg\" class=\"aligncenter size-full wp-image-162\" src=\"http:\/\/pscg.me\/wp-content\/uploads\/2018\/02\/1425374719_640.jpg\" alt=\"\" width=\"640\" height=\"392\" srcset=\"https:\/\/pscg.me\/wp-content\/uploads\/2018\/02\/1425374719_640.jpg 640w, https:\/\/pscg.me\/wp-content\/uploads\/2018\/02\/1425374719_640-300x184.jpg 300w, https:\/\/pscg.me\/wp-content\/uploads\/2018\/02\/1425374719_640-238x146.jpg 238w, https:\/\/pscg.me\/wp-content\/uploads\/2018\/02\/1425374719_640-50x31.jpg 50w, https:\/\/pscg.me\/wp-content\/uploads\/2018\/02\/1425374719_640-122x75.jpg 122w\" sizes=\"auto, (max-width: 640px) 100vw, 640px\" \/><\/p>\n<p>TRADITIONAL EXPEDITION ON PREKORNICA<br \/>\nMountaineering Club &#8220;Prekornica&#8221; &#8211; Danilovgrad organized the traditional expedition to Prekornica in the period from 13th to 15th February, in honor of the birthday of the club. Mountaineers from Montenegro, Serbia, Croatian and Bosnia and Herzegovina participated.<\/p>","protected":false},"excerpt":{"rendered":"<p>TRADITIONAL EXPEDITION ON PREKORNICA Mountaineering Club &#8220;Prekornica&#8221; &#8211; Danilovgrad organized<span class=\"excerpt-hellip\"> [\u2026]<\/span><\/p>\n","protected":false},"author":1,"featured_media":162,"comment_status":"open","ping_status":"open","sticky":false,"template":"","format":"standard","meta":{"jetpack_post_was_ever_published":false,"_jetpack_newsletter_access":"","_jetpack_dont_email_post_to_subs":false,"_jetpack_newsletter_tier_id":0,"_jetpack_memberships_contains_paywalled_content":false,"_jetpack_memberships_contains_paid_content":false,"footnotes":""},"categories":[3],"tags":[25],"class_list":["post-161","post","type-post","status-publish","format-standard","has-post-thumbnail","hentry","category-novosti","tag-prekornica"],"jetpack_featured_media_url":"https:\/\/pscg.me\/wp-content\/uploads\/2018\/02\/1425374719_640.jpg","jetpack_likes_enabled":true,"jetpack-related-posts":[{"id":223,"url":"https:\/\/pscg.me\/en\/x-tradicionalni-zimski-uspon-na-planinu-prekornicu\/","url_meta":{"origin":161,"position":0},"title":"(Montenegro) X Tradicionalni zimski uspon na planinu Prekornicu","author":"Tatjana Ivanovic","date":"Wednesday February 21st, 2018","format":false,"excerpt":"Sorry, this entry is only available in Montenegro.","rel":"","context":"In &quot;News&quot;","block_context":{"text":"News","link":"https:\/\/pscg.me\/en\/category\/novosti\/"},"img":{"alt_text":"","src":"https:\/\/i0.wp.com\/pscg.me\/wp-content\/uploads\/2018\/02\/Prekornica-zimski-uspon.jpg?resize=350%2C200&ssl=1","width":350,"height":200,"srcset":"https:\/\/i0.wp.com\/pscg.me\/wp-content\/uploads\/2018\/02\/Prekornica-zimski-uspon.jpg?resize=350%2C200&ssl=1 1x, https:\/\/i0.wp.com\/pscg.me\/wp-content\/uploads\/2018\/02\/Prekornica-zimski-uspon.jpg?resize=525%2C300&ssl=1 1.5x"},"classes":[]},{"id":1672,"url":"https:\/\/pscg.me\/en\/poziv-na-11-tradicionalni-uspon-na-planinu-prekornicu-vrh-kula-1927-m\/","url_meta":{"origin":161,"position":1},"title":"(Montenegro) Poziv na 11. Tradicionalni uspon na planinu Prekornicu (vrh Kula 1927 m)","author":"Tatjana Ivanovic","date":"Friday January 25th, 2019","format":false,"excerpt":"Sorry, this entry is only available in Montenegro.","rel":"","context":"In &quot;News&quot;","block_context":{"text":"News","link":"https:\/\/pscg.me\/en\/category\/novosti\/"},"img":{"alt_text":"","src":"","width":0,"height":0},"classes":[]},{"id":4598,"url":"https:\/\/pscg.me\/en\/s-a-o-p-s-t-e-n-j-e-o-b-a-v-j-e-s-t-e-nj-e-planinarskog-saveza-crne-gore\/","url_meta":{"origin":161,"position":2},"title":"(Montenegro) S A O P \u0160 T E N J E &#8211; O B A V J E \u0160 T E NJ E Planinarskog saveza Crne Gore","author":"Tatjana Ivanovic","date":"Friday June  2nd, 2023","format":false,"excerpt":"Sorry, this entry is only available in Montenegro.","rel":"","context":"In &quot;News&quot;","block_context":{"text":"News","link":"https:\/\/pscg.me\/en\/category\/novosti\/"},"img":{"alt_text":"","src":"https:\/\/i0.wp.com\/pscg.me\/wp-content\/uploads\/2023\/06\/PSCG-logo.png?resize=350%2C200&ssl=1","width":350,"height":200},"classes":[]},{"id":4071,"url":"https:\/\/pscg.me\/en\/uspjesno-izvedena-medjunarodna-planinarska-ekspedicija-bmu-ararat-2022-expedition\/","url_meta":{"origin":161,"position":3},"title":"(Montenegro) Bulatovi\u0107 i Popovi\u0107 na vrhu mitske planine &#8211; uspje\u0161no izvedena me\u0111unarodna planinarska ekspedicija \u201eBMU Ararat 2022 Expedition\u201c","author":"Tatjana Ivanovic","date":"Thursday September  1st, 2022","format":false,"excerpt":"Sorry, this entry is only available in Montenegro.","rel":"","context":"In &quot;News&quot;","block_context":{"text":"News","link":"https:\/\/pscg.me\/en\/category\/novosti\/"},"img":{"alt_text":"","src":"https:\/\/i0.wp.com\/pscg.me\/wp-content\/uploads\/2022\/09\/6-Copy-scaled.jpg?resize=350%2C200&ssl=1","width":350,"height":200,"srcset":"https:\/\/i0.wp.com\/pscg.me\/wp-content\/uploads\/2022\/09\/6-Copy-scaled.jpg?resize=350%2C200&ssl=1 1x, https:\/\/i0.wp.com\/pscg.me\/wp-content\/uploads\/2022\/09\/6-Copy-scaled.jpg?resize=525%2C300&ssl=1 1.5x, https:\/\/i0.wp.com\/pscg.me\/wp-content\/uploads\/2022\/09\/6-Copy-scaled.jpg?resize=700%2C400&ssl=1 2x, https:\/\/i0.wp.com\/pscg.me\/wp-content\/uploads\/2022\/09\/6-Copy-scaled.jpg?resize=1050%2C600&ssl=1 3x, https:\/\/i0.wp.com\/pscg.me\/wp-content\/uploads\/2022\/09\/6-Copy-scaled.jpg?resize=1400%2C800&ssl=1 4x"},"classes":[]},{"id":2133,"url":"https:\/\/pscg.me\/en\/odluka-o-izboru-reizboru-planinarskih-klubova-domacina-za-odrzavanje-staza-nacionalne-mreze-u-sezoni-2019-2020\/","url_meta":{"origin":161,"position":4},"title":"(Montenegro) Odluka o izboru reizboru  planinarskih  klubova doma\u0107ina  za odr\u017eavanje staza Nacionalne mre\u017ee u sezoni 2019\/ 2020.","author":"Tatjana Ivanovic","date":"Thursday July 25th, 2019","format":false,"excerpt":"Sorry, this entry is only available in Montenegro.","rel":"","context":"In &quot;News&quot;","block_context":{"text":"News","link":"https:\/\/pscg.me\/en\/category\/novosti\/"},"img":{"alt_text":"","src":"https:\/\/i0.wp.com\/pscg.me\/wp-content\/uploads\/2019\/05\/Logo-komisije-Pavle.png?resize=350%2C200&ssl=1","width":350,"height":200},"classes":[]},{"id":2618,"url":"https:\/\/pscg.me\/en\/saopstenje-o-otvaranju-planinarskih-staza-2\/","url_meta":{"origin":161,"position":5},"title":"(Montenegro) Saop\u0161tenje o otvaranju planinarskih staza","author":"Tatjana Ivanovic","date":"Thursday June 25th, 2020","format":false,"excerpt":"Sorry, this entry is only available in Montenegro.","rel":"","context":"In &quot;News&quot;","block_context":{"text":"News","link":"https:\/\/pscg.me\/en\/category\/novosti\/"},"img":{"alt_text":"","src":"https:\/\/i0.wp.com\/pscg.me\/wp-content\/uploads\/2019\/05\/Logo-komisije-Pavle.png?resize=350%2C200&ssl=1","width":350,"height":200},"classes":[]}],"jetpack_sharing_enabled":true,"jetpack_shortlink":"https:\/\/wp.me\/p9BVX3-2B","_links":{"self":[{"href":"https:\/\/pscg.me\/en\/wp-json\/wp\/v2\/posts\/161","targetHints":{"allow":["GET"]}}],"collection":[{"href":"https:\/\/pscg.me\/en\/wp-json\/wp\/v2\/posts"}],"about":[{"href":"https:\/\/pscg.me\/en\/wp-json\/wp\/v2\/types\/post"}],"author":[{"embeddable":true,"href":"https:\/\/pscg.me\/en\/wp-json\/wp\/v2\/users\/1"}],"replies":[{"embeddable":true,"href":"https:\/\/pscg.me\/en\/wp-json\/wp\/v2\/comments?post=161"}],"version-history":[{"count":0,"href":"https:\/\/pscg.me\/en\/wp-json\/wp\/v2\/posts\/161\/revisions"}],"wp:featuredmedia":[{"embeddable":true,"href":"https:\/\/pscg.me\/en\/wp-json\/wp\/v2\/media\/162"}],"wp:attachment":[{"href":"https:\/\/pscg.me\/en\/wp-json\/wp\/v2\/media?parent=161"}],"wp:term":[{"taxonomy":"category","embeddable":true,"href":"https:\/\/pscg.me\/en\/wp-json\/wp\/v2\/categories?post=161"},{"taxonomy":"post_tag","embeddable":true,"href":"https:\/\/pscg.me\/en\/wp-json\/wp\/v2\/tags?post=161"}],"curies":[{"name":"wp","href":"https:\/\/api.w.org\/{rel}","templated":true}]}}