{"id":1509,"date":"2018-08-07T13:19:37","date_gmt":"2018-08-07T12:19:37","guid":{"rendered":"http:\/\/pscg.me\/?p=1509"},"modified":"2018-10-08T13:41:45","modified_gmt":"2018-10-08T12:41:45","slug":"povodom-dana-pk-javorak-odrzano-takmicenje-u-planinarskoj-orijentaciji","status":"publish","type":"post","link":"https:\/\/pscg.me\/en\/povodom-dana-pk-javorak-odrzano-takmicenje-u-planinarskoj-orijentaciji\/","title":{"rendered":"(Montenegro) Povodom dana planinarskog kluba Javorak odr\u017eano takmi\u010denje u planinarskoj orijentaciji"},"content":{"rendered":"<p class=\"qtranxs-available-languages-message qtranxs-available-languages-message-en\">Sorry, this entry is only available in <a href=\"https:\/\/pscg.me\/sr\/wp-json\/wp\/v2\/posts\/1509\" class=\"qtranxs-available-language-link qtranxs-available-language-link-sr\" title=\"Montenegro\">Montenegro<\/a>.<\/p>","protected":false},"excerpt":{"rendered":"<p>Sorry, this entry is only available in Montenegro.<\/p>\n","protected":false},"author":3,"featured_media":0,"comment_status":"open","ping_status":"open","sticky":false,"template":"","format":"standard","meta":{"jetpack_post_was_ever_published":false,"_jetpack_newsletter_access":"","_jetpack_dont_email_post_to_subs":false,"_jetpack_newsletter_tier_id":0,"_jetpack_memberships_contains_paywalled_content":false,"_jetpack_memberships_contains_paid_content":false,"footnotes":""},"categories":[3],"tags":[],"class_list":["post-1509","post","type-post","status-publish","format-standard","hentry","category-novosti"],"jetpack_featured_media_url":"","jetpack_likes_enabled":true,"jetpack-related-posts":[{"id":4747,"url":"https:\/\/pscg.me\/en\/izvjestaj-sa-memorijala-general-danilo-jaukovic\/","url_meta":{"origin":1509,"position":0},"title":"(Montenegro) Izvje\u0161taj sa memorijala general Danilo Jaukovi\u0107","author":"Tatjana Ivanovic","date":"Monday July 17th, 2023","format":false,"excerpt":"Sorry, this entry is only available in Montenegro.","rel":"","context":"In &quot;News&quot;","block_context":{"text":"News","link":"https:\/\/pscg.me\/en\/category\/novosti\/"},"img":{"alt_text":"","src":"https:\/\/i0.wp.com\/pscg.me\/wp-content\/uploads\/2023\/07\/Vrh-2-general-Danilo-Jaukovic.jpg?resize=350%2C200&ssl=1","width":350,"height":200,"srcset":"https:\/\/i0.wp.com\/pscg.me\/wp-content\/uploads\/2023\/07\/Vrh-2-general-Danilo-Jaukovic.jpg?resize=350%2C200&ssl=1 1x, https:\/\/i0.wp.com\/pscg.me\/wp-content\/uploads\/2023\/07\/Vrh-2-general-Danilo-Jaukovic.jpg?resize=525%2C300&ssl=1 1.5x, https:\/\/i0.wp.com\/pscg.me\/wp-content\/uploads\/2023\/07\/Vrh-2-general-Danilo-Jaukovic.jpg?resize=700%2C400&ssl=1 2x, https:\/\/i0.wp.com\/pscg.me\/wp-content\/uploads\/2023\/07\/Vrh-2-general-Danilo-Jaukovic.jpg?resize=1050%2C600&ssl=1 3x, https:\/\/i0.wp.com\/pscg.me\/wp-content\/uploads\/2023\/07\/Vrh-2-general-Danilo-Jaukovic.jpg?resize=1400%2C800&ssl=1 4x"},"classes":[]},{"id":4701,"url":"https:\/\/pscg.me\/en\/zavrseno-1-kolo-lige-u-planinarskoj-orijentaciji\/","url_meta":{"origin":1509,"position":1},"title":"(Montenegro) Zavr\u0161eno 1. kolo lige PSCG u planinarskoj orijentaciji","author":"Tatjana Ivanovic","date":"Monday July  3rd, 2023","format":false,"excerpt":"Sorry, this entry is only available in Montenegro.","rel":"","context":"In &quot;News&quot;","block_context":{"text":"News","link":"https:\/\/pscg.me\/en\/category\/novosti\/"},"img":{"alt_text":"","src":"https:\/\/i0.wp.com\/pscg.me\/wp-content\/uploads\/2023\/07\/Orijentacija-Berane-6.jpg?resize=350%2C200&ssl=1","width":350,"height":200,"srcset":"https:\/\/i0.wp.com\/pscg.me\/wp-content\/uploads\/2023\/07\/Orijentacija-Berane-6.jpg?resize=350%2C200&ssl=1 1x, https:\/\/i0.wp.com\/pscg.me\/wp-content\/uploads\/2023\/07\/Orijentacija-Berane-6.jpg?resize=525%2C300&ssl=1 1.5x, https:\/\/i0.wp.com\/pscg.me\/wp-content\/uploads\/2023\/07\/Orijentacija-Berane-6.jpg?resize=700%2C400&ssl=1 2x, https:\/\/i0.wp.com\/pscg.me\/wp-content\/uploads\/2023\/07\/Orijentacija-Berane-6.jpg?resize=1050%2C600&ssl=1 3x"},"classes":[]},{"id":3269,"url":"https:\/\/pscg.me\/en\/na-vucju-odrzano-balkansko-prvenstvo-u-planinarskoj-orijentaciji\/","url_meta":{"origin":1509,"position":2},"title":"(Montenegro) Na Vu\u010dju odr\u017eano Balkansko prvenstvo u planinarskoj orijentaciji","author":"Tatjana Ivanovic","date":"Sunday September 26th, 2021","format":false,"excerpt":"Sorry, this entry is only available in Montenegro.","rel":"","context":"In &quot;News&quot;","block_context":{"text":"News","link":"https:\/\/pscg.me\/en\/category\/novosti\/"},"img":{"alt_text":"","src":"https:\/\/i0.wp.com\/pscg.me\/wp-content\/uploads\/2021\/09\/Fotografija-BMUMOC-2021.jpg?resize=350%2C200&ssl=1","width":350,"height":200,"srcset":"https:\/\/i0.wp.com\/pscg.me\/wp-content\/uploads\/2021\/09\/Fotografija-BMUMOC-2021.jpg?resize=350%2C200&ssl=1 1x, https:\/\/i0.wp.com\/pscg.me\/wp-content\/uploads\/2021\/09\/Fotografija-BMUMOC-2021.jpg?resize=525%2C300&ssl=1 1.5x, https:\/\/i0.wp.com\/pscg.me\/wp-content\/uploads\/2021\/09\/Fotografija-BMUMOC-2021.jpg?resize=700%2C400&ssl=1 2x, https:\/\/i0.wp.com\/pscg.me\/wp-content\/uploads\/2021\/09\/Fotografija-BMUMOC-2021.jpg?resize=1050%2C600&ssl=1 3x, https:\/\/i0.wp.com\/pscg.me\/wp-content\/uploads\/2021\/09\/Fotografija-BMUMOC-2021.jpg?resize=1400%2C800&ssl=1 4x"},"classes":[]},{"id":3949,"url":"https:\/\/pscg.me\/en\/dva-jubileja-a-jedna-prica-izvjestaj-sa-45-memorijalnog-planinarskog-pohoda-general-danilo-jaukovic\/","url_meta":{"origin":1509,"position":3},"title":"(Montenegro) DVA JUBILEJA, A JEDNA PRI\u010cA (izvje\u0161taj sa 45. memorijalnog planinarskog pohoda &#8220;General Danilo Jaukovi\u0107&#8221;)","author":"Tatjana Ivanovic","date":"Wednesday August  3rd, 2022","format":false,"excerpt":"Sorry, this entry is only available in Montenegro.","rel":"","context":"In &quot;News&quot;","block_context":{"text":"News","link":"https:\/\/pscg.me\/en\/category\/novosti\/"},"img":{"alt_text":"","src":"https:\/\/i0.wp.com\/pscg.me\/wp-content\/uploads\/2022\/08\/m7-1.jpg?resize=350%2C200&ssl=1","width":350,"height":200,"srcset":"https:\/\/i0.wp.com\/pscg.me\/wp-content\/uploads\/2022\/08\/m7-1.jpg?resize=350%2C200&ssl=1 1x, https:\/\/i0.wp.com\/pscg.me\/wp-content\/uploads\/2022\/08\/m7-1.jpg?resize=525%2C300&ssl=1 1.5x, https:\/\/i0.wp.com\/pscg.me\/wp-content\/uploads\/2022\/08\/m7-1.jpg?resize=700%2C400&ssl=1 2x, https:\/\/i0.wp.com\/pscg.me\/wp-content\/uploads\/2022\/08\/m7-1.jpg?resize=1050%2C600&ssl=1 3x, https:\/\/i0.wp.com\/pscg.me\/wp-content\/uploads\/2022\/08\/m7-1.jpg?resize=1400%2C800&ssl=1 4x"},"classes":[]},{"id":3040,"url":"https:\/\/pscg.me\/en\/izvjestaj-sa-takmicenja-u-orijentaciji-gorica-2021\/","url_meta":{"origin":1509,"position":4},"title":"(Montenegro) Izvje\u0161taj sa takmi\u010denja u orijentaciji Gorica 2021","author":"Tatjana Ivanovic","date":"Tuesday June  8th, 2021","format":false,"excerpt":"Sorry, this entry is only available in Montenegro.","rel":"","context":"In &quot;News&quot;","block_context":{"text":"News","link":"https:\/\/pscg.me\/en\/category\/novosti\/"},"img":{"alt_text":"","src":"https:\/\/i0.wp.com\/pscg.me\/wp-content\/uploads\/2021\/06\/9.jpg?resize=350%2C200&ssl=1","width":350,"height":200,"srcset":"https:\/\/i0.wp.com\/pscg.me\/wp-content\/uploads\/2021\/06\/9.jpg?resize=350%2C200&ssl=1 1x, https:\/\/i0.wp.com\/pscg.me\/wp-content\/uploads\/2021\/06\/9.jpg?resize=525%2C300&ssl=1 1.5x, https:\/\/i0.wp.com\/pscg.me\/wp-content\/uploads\/2021\/06\/9.jpg?resize=700%2C400&ssl=1 2x, https:\/\/i0.wp.com\/pscg.me\/wp-content\/uploads\/2021\/06\/9.jpg?resize=1050%2C600&ssl=1 3x, https:\/\/i0.wp.com\/pscg.me\/wp-content\/uploads\/2021\/06\/9.jpg?resize=1400%2C800&ssl=1 4x"},"classes":[]},{"id":5039,"url":"https:\/\/pscg.me\/en\/seniori-crne-gore-zlatni-na-balkanskom-sampionatu-u-planinarskoj-orijentaciji\/","url_meta":{"origin":1509,"position":5},"title":"(Montenegro) SENIORI CRNE GORE ZLATNI NA BALKANSKOM \u0160AMPIONATU U PLANINARSKOJ ORIJENTACIJI","author":"Tatjana Ivanovic","date":"Thursday October  5th, 2023","format":false,"excerpt":"Sorry, this entry is only available in Montenegro.","rel":"","context":"In &quot;News&quot;","block_context":{"text":"News","link":"https:\/\/pscg.me\/en\/category\/novosti\/"},"img":{"alt_text":"","src":"https:\/\/i0.wp.com\/pscg.me\/wp-content\/uploads\/2023\/10\/5.jpg?resize=350%2C200&ssl=1","width":350,"height":200,"srcset":"https:\/\/i0.wp.com\/pscg.me\/wp-content\/uploads\/2023\/10\/5.jpg?resize=350%2C200&ssl=1 1x, https:\/\/i0.wp.com\/pscg.me\/wp-content\/uploads\/2023\/10\/5.jpg?resize=525%2C300&ssl=1 1.5x, https:\/\/i0.wp.com\/pscg.me\/wp-content\/uploads\/2023\/10\/5.jpg?resize=700%2C400&ssl=1 2x, https:\/\/i0.wp.com\/pscg.me\/wp-content\/uploads\/2023\/10\/5.jpg?resize=1050%2C600&ssl=1 3x, https:\/\/i0.wp.com\/pscg.me\/wp-content\/uploads\/2023\/10\/5.jpg?resize=1400%2C800&ssl=1 4x"},"classes":[]}],"jetpack_sharing_enabled":true,"jetpack_shortlink":"https:\/\/wp.me\/p9BVX3-ol","_links":{"self":[{"href":"https:\/\/pscg.me\/en\/wp-json\/wp\/v2\/posts\/1509","targetHints":{"allow":["GET"]}}],"collection":[{"href":"https:\/\/pscg.me\/en\/wp-json\/wp\/v2\/posts"}],"about":[{"href":"https:\/\/pscg.me\/en\/wp-json\/wp\/v2\/types\/post"}],"author":[{"embeddable":true,"href":"https:\/\/pscg.me\/en\/wp-json\/wp\/v2\/users\/3"}],"replies":[{"embeddable":true,"href":"https:\/\/pscg.me\/en\/wp-json\/wp\/v2\/comments?post=1509"}],"version-history":[{"count":0,"href":"https:\/\/pscg.me\/en\/wp-json\/wp\/v2\/posts\/1509\/revisions"}],"wp:attachment":[{"href":"https:\/\/pscg.me\/en\/wp-json\/wp\/v2\/media?parent=1509"}],"wp:term":[{"taxonomy":"category","embeddable":true,"href":"https:\/\/pscg.me\/en\/wp-json\/wp\/v2\/categories?post=1509"},{"taxonomy":"post_tag","embeddable":true,"href":"https:\/\/pscg.me\/en\/wp-json\/wp\/v2\/tags?post=1509"}],"curies":[{"name":"wp","href":"https:\/\/api.w.org\/{rel}","templated":true}]}}