{"id":1436,"date":"2018-09-10T23:38:22","date_gmt":"2018-09-10T22:38:22","guid":{"rendered":"http:\/\/pscg.me\/?p=1436"},"modified":"2018-09-13T22:14:02","modified_gmt":"2018-09-13T21:14:02","slug":"potpredsjednik-plannarskog-saveza-srbije-dragoslav-gogic-posjetio-je-podgoricu","status":"publish","type":"post","link":"https:\/\/pscg.me\/en\/potpredsjednik-plannarskog-saveza-srbije-dragoslav-gogic-posjetio-je-podgoricu\/","title":{"rendered":"(Montenegro) Posjeta potpredsjednika Planinarskog saveza Srbije Dragoslava Gogi\u0107a &#8211; EVROPSKI PE\u0160A\u010cKI KORAK u Podgorici"},"content":{"rendered":"<p class=\"qtranxs-available-languages-message qtranxs-available-languages-message-en\">Sorry, this entry is only available in <a href=\"https:\/\/pscg.me\/sr\/wp-json\/wp\/v2\/posts\/1436\" class=\"qtranxs-available-language-link qtranxs-available-language-link-sr\" title=\"Montenegro\">Montenegro<\/a>.<\/p>","protected":false},"excerpt":{"rendered":"<p>Sorry, this entry is only available in Montenegro.<\/p>\n","protected":false},"author":2,"featured_media":1437,"comment_status":"open","ping_status":"open","sticky":false,"template":"","format":"standard","meta":{"jetpack_post_was_ever_published":false,"_jetpack_newsletter_access":"","_jetpack_dont_email_post_to_subs":false,"_jetpack_newsletter_tier_id":0,"_jetpack_memberships_contains_paywalled_content":false,"_jetpack_memberships_contains_paid_content":false,"footnotes":""},"categories":[3],"tags":[],"class_list":["post-1436","post","type-post","status-publish","format-standard","has-post-thumbnail","hentry","category-novosti"],"jetpack_featured_media_url":"https:\/\/pscg.me\/wp-content\/uploads\/2018\/09\/image-0-02-05-1330185c72f141bf36fe44b7516b9579c107928d6e4b6b0e348f28ee41d282ff-V.jpg","jetpack_likes_enabled":true,"jetpack-related-posts":[{"id":768,"url":"https:\/\/pscg.me\/en\/prvi-korak-pscg-ka-mrezi-evropskih-pjesackih-puteva\/","url_meta":{"origin":1436,"position":0},"title":"(Montenegro) Prvi korak PSCG ka mre\u017ei evropskih pje\u0161a\u010dkih puteva","author":"Dragan Bulatovic","date":"Friday April  3rd, 2009","format":false,"excerpt":"Sorry, this entry is only available in Montenegro.","rel":"","context":"In &quot;News&quot;","block_context":{"text":"News","link":"https:\/\/pscg.me\/en\/category\/novosti\/"},"img":{"alt_text":"","src":"","width":0,"height":0},"classes":[]},{"id":5532,"url":"https:\/\/pscg.me\/en\/predsjednica-planinarskog-saveza-crne-gore-tatjana-ivanovic-izabrana-je-za-potpredsjednicu-evropske-planinarske-asocijacije\/","url_meta":{"origin":1436,"position":1},"title":"(Montenegro) Predsjednica Planinarskog saveza Crne Gore Tatjana Ivanovi\u0107 izabrana je za potpredsjednicu Evropske planinarske asocijacije","author":"Tatjana Ivanovic","date":"Saturday May 11th, 2024","format":false,"excerpt":"Sorry, this entry is only available in Montenegro.","rel":"","context":"In &quot;News&quot;","block_context":{"text":"News","link":"https:\/\/pscg.me\/en\/category\/novosti\/"},"img":{"alt_text":"","src":"https:\/\/i0.wp.com\/pscg.me\/wp-content\/uploads\/2024\/05\/6B5587C0-07C6-4919-BE7C-F091CFABB293.jpeg?resize=350%2C200&ssl=1","width":350,"height":200,"srcset":"https:\/\/i0.wp.com\/pscg.me\/wp-content\/uploads\/2024\/05\/6B5587C0-07C6-4919-BE7C-F091CFABB293.jpeg?resize=350%2C200&ssl=1 1x, https:\/\/i0.wp.com\/pscg.me\/wp-content\/uploads\/2024\/05\/6B5587C0-07C6-4919-BE7C-F091CFABB293.jpeg?resize=525%2C300&ssl=1 1.5x, https:\/\/i0.wp.com\/pscg.me\/wp-content\/uploads\/2024\/05\/6B5587C0-07C6-4919-BE7C-F091CFABB293.jpeg?resize=700%2C400&ssl=1 2x"},"classes":[]},{"id":5139,"url":"https:\/\/pscg.me\/en\/u-multimedijalnoj-sali-kic-budo-tomovic-u-podgorici-sinoc-je-odrzana-promocija-knjige-2-siguran-korak-autora-isa-planica\/","url_meta":{"origin":1436,"position":2},"title":"(Montenegro) U multimedijalnoj sali KIC \u201cBudo Tomovi\u0107\u201d u Podgorici, sino\u0107 je odr\u017eana promocija knjige \u201c2. Siguran korak\u201d autora Isa Plani\u0107a","author":"Tatjana Ivanovic","date":"Friday December  1st, 2023","format":false,"excerpt":"Sorry, this entry is only available in Montenegro.","rel":"","context":"In &quot;News&quot;","block_context":{"text":"News","link":"https:\/\/pscg.me\/en\/category\/novosti\/"},"img":{"alt_text":"","src":"https:\/\/i0.wp.com\/pscg.me\/wp-content\/uploads\/2023\/12\/2222.jpg?resize=350%2C200&ssl=1","width":350,"height":200,"srcset":"https:\/\/i0.wp.com\/pscg.me\/wp-content\/uploads\/2023\/12\/2222.jpg?resize=350%2C200&ssl=1 1x, https:\/\/i0.wp.com\/pscg.me\/wp-content\/uploads\/2023\/12\/2222.jpg?resize=525%2C300&ssl=1 1.5x, https:\/\/i0.wp.com\/pscg.me\/wp-content\/uploads\/2023\/12\/2222.jpg?resize=700%2C400&ssl=1 2x"},"classes":[]},{"id":5125,"url":"https:\/\/pscg.me\/en\/planinarski-savez-crne-gore-vas-poziva-na-promociju-knjige-2-siguran-korak-autora-isa-planica\/","url_meta":{"origin":1436,"position":3},"title":"(Montenegro) Planinarski savez Crne Gore Vas poziva na promociju knjige 2. Siguran korak autora Isa Plani\u0107a","author":"Tatjana Ivanovic","date":"Monday November 27th, 2023","format":false,"excerpt":"Sorry, this entry is only available in Montenegro.","rel":"","context":"In &quot;News&quot;","block_context":{"text":"News","link":"https:\/\/pscg.me\/en\/category\/novosti\/"},"img":{"alt_text":"","src":"https:\/\/i0.wp.com\/pscg.me\/wp-content\/uploads\/2023\/11\/Siguran-korak-1.jpg?resize=350%2C200&ssl=1","width":350,"height":200,"srcset":"https:\/\/i0.wp.com\/pscg.me\/wp-content\/uploads\/2023\/11\/Siguran-korak-1.jpg?resize=350%2C200&ssl=1 1x, https:\/\/i0.wp.com\/pscg.me\/wp-content\/uploads\/2023\/11\/Siguran-korak-1.jpg?resize=525%2C300&ssl=1 1.5x, https:\/\/i0.wp.com\/pscg.me\/wp-content\/uploads\/2023\/11\/Siguran-korak-1.jpg?resize=700%2C400&ssl=1 2x, https:\/\/i0.wp.com\/pscg.me\/wp-content\/uploads\/2023\/11\/Siguran-korak-1.jpg?resize=1050%2C600&ssl=1 3x"},"classes":[]},{"id":1643,"url":"https:\/\/pscg.me\/en\/drugi-dio-ljetnjeg-alpinistickog-tecaja-odrzan-je-na-romaniji-12-14-10-2018\/","url_meta":{"origin":1436,"position":4},"title":"(Montenegro) DRUGI DIO LJETNJEG ALPINISTI\u010cKOG TE\u010cAJA   ODR\u017dAN JE NA ROMANIJI 12-14.10.2018.","author":"Dragan Bulatovic","date":"Friday October 19th, 2018","format":false,"excerpt":"Sorry, this entry is only available in Montenegro.","rel":"","context":"In &quot;News&quot;","block_context":{"text":"News","link":"https:\/\/pscg.me\/en\/category\/novosti\/"},"img":{"alt_text":"","src":"https:\/\/i0.wp.com\/pscg.me\/wp-content\/uploads\/2019\/01\/IMG_20180819_105124.jpg?resize=350%2C200&ssl=1","width":350,"height":200,"srcset":"https:\/\/i0.wp.com\/pscg.me\/wp-content\/uploads\/2019\/01\/IMG_20180819_105124.jpg?resize=350%2C200&ssl=1 1x, https:\/\/i0.wp.com\/pscg.me\/wp-content\/uploads\/2019\/01\/IMG_20180819_105124.jpg?resize=525%2C300&ssl=1 1.5x, https:\/\/i0.wp.com\/pscg.me\/wp-content\/uploads\/2019\/01\/IMG_20180819_105124.jpg?resize=700%2C400&ssl=1 2x, https:\/\/i0.wp.com\/pscg.me\/wp-content\/uploads\/2019\/01\/IMG_20180819_105124.jpg?resize=1050%2C600&ssl=1 3x, https:\/\/i0.wp.com\/pscg.me\/wp-content\/uploads\/2019\/01\/IMG_20180819_105124.jpg?resize=1400%2C800&ssl=1 4x"},"classes":[]},{"id":1406,"url":"https:\/\/pscg.me\/en\/zavrsen-prvi-dio-pocetnog-alpinistickog-tecaja-na-romaniji\/","url_meta":{"origin":1436,"position":5},"title":"(Montenegro) Zavr\u0161en prvi dio po\u010detnog alpinisti\u010dkog te\u010daja na Romaniji","author":"Dragan Bulatovic","date":"Tuesday August 28th, 2018","format":false,"excerpt":"Sorry, this entry is only available in Montenegro.","rel":"","context":"In &quot;News&quot;","block_context":{"text":"News","link":"https:\/\/pscg.me\/en\/category\/novosti\/"},"img":{"alt_text":"","src":"https:\/\/i0.wp.com\/pscg.me\/wp-content\/uploads\/2018\/09\/DSCN3981.jpg?resize=350%2C200&ssl=1","width":350,"height":200,"srcset":"https:\/\/i0.wp.com\/pscg.me\/wp-content\/uploads\/2018\/09\/DSCN3981.jpg?resize=350%2C200&ssl=1 1x, https:\/\/i0.wp.com\/pscg.me\/wp-content\/uploads\/2018\/09\/DSCN3981.jpg?resize=525%2C300&ssl=1 1.5x, https:\/\/i0.wp.com\/pscg.me\/wp-content\/uploads\/2018\/09\/DSCN3981.jpg?resize=700%2C400&ssl=1 2x, https:\/\/i0.wp.com\/pscg.me\/wp-content\/uploads\/2018\/09\/DSCN3981.jpg?resize=1050%2C600&ssl=1 3x, https:\/\/i0.wp.com\/pscg.me\/wp-content\/uploads\/2018\/09\/DSCN3981.jpg?resize=1400%2C800&ssl=1 4x"},"classes":[]}],"jetpack_sharing_enabled":true,"jetpack_shortlink":"https:\/\/wp.me\/p9BVX3-na","_links":{"self":[{"href":"https:\/\/pscg.me\/en\/wp-json\/wp\/v2\/posts\/1436","targetHints":{"allow":["GET"]}}],"collection":[{"href":"https:\/\/pscg.me\/en\/wp-json\/wp\/v2\/posts"}],"about":[{"href":"https:\/\/pscg.me\/en\/wp-json\/wp\/v2\/types\/post"}],"author":[{"embeddable":true,"href":"https:\/\/pscg.me\/en\/wp-json\/wp\/v2\/users\/2"}],"replies":[{"embeddable":true,"href":"https:\/\/pscg.me\/en\/wp-json\/wp\/v2\/comments?post=1436"}],"version-history":[{"count":0,"href":"https:\/\/pscg.me\/en\/wp-json\/wp\/v2\/posts\/1436\/revisions"}],"wp:featuredmedia":[{"embeddable":true,"href":"https:\/\/pscg.me\/en\/wp-json\/wp\/v2\/media\/1437"}],"wp:attachment":[{"href":"https:\/\/pscg.me\/en\/wp-json\/wp\/v2\/media?parent=1436"}],"wp:term":[{"taxonomy":"category","embeddable":true,"href":"https:\/\/pscg.me\/en\/wp-json\/wp\/v2\/categories?post=1436"},{"taxonomy":"post_tag","embeddable":true,"href":"https:\/\/pscg.me\/en\/wp-json\/wp\/v2\/tags?post=1436"}],"curies":[{"name":"wp","href":"https:\/\/api.w.org\/{rel}","templated":true}]}}