{"id":1265,"date":"2018-05-08T22:30:56","date_gmt":"2018-05-08T21:30:56","guid":{"rendered":"http:\/\/pscg.me\/?p=1265"},"modified":"2018-08-01T22:42:16","modified_gmt":"2018-08-01T21:42:16","slug":"1265-2","status":"publish","type":"post","link":"https:\/\/pscg.me\/en\/1265-2\/","title":{"rendered":"(Montenegro) 19. Orjenski\u00a0planinarski maraton 2018 &#8211; Poziv"},"content":{"rendered":"<p class=\"qtranxs-available-languages-message qtranxs-available-languages-message-en\">Sorry, this entry is only available in <a href=\"https:\/\/pscg.me\/sr\/wp-json\/wp\/v2\/posts\/1265\" class=\"qtranxs-available-language-link qtranxs-available-language-link-sr\" title=\"Montenegro\">Montenegro<\/a>.<\/p>","protected":false},"excerpt":{"rendered":"<p>Sorry, this entry is only available in Montenegro.<\/p>\n","protected":false},"author":2,"featured_media":1267,"comment_status":"open","ping_status":"open","sticky":false,"template":"","format":"standard","meta":{"jetpack_post_was_ever_published":false,"_jetpack_newsletter_access":"","_jetpack_dont_email_post_to_subs":false,"_jetpack_newsletter_tier_id":0,"_jetpack_memberships_contains_paywalled_content":false,"_jetpack_memberships_contains_paid_content":false,"footnotes":""},"categories":[3],"tags":[],"class_list":["post-1265","post","type-post","status-publish","format-standard","has-post-thumbnail","hentry","category-novosti"],"jetpack_featured_media_url":"https:\/\/pscg.me\/wp-content\/uploads\/2018\/08\/New-Microsoft-Publisher-Document.jpg","jetpack_likes_enabled":true,"jetpack-related-posts":[{"id":5557,"url":"https:\/\/pscg.me\/en\/odrzana-obuka-za-markirante-u-planinarskom-domu-suvodo-na-bjelasici\/","url_meta":{"origin":1265,"position":0},"title":"(Montenegro) Na planini Bjelasici odr\u017eana obuka za markirante","author":"Tatjana Ivanovic","date":"Monday May 20th, 2024","format":false,"excerpt":"Sorry, this entry is only available in Montenegro.","rel":"","context":"In &quot;News&quot;","block_context":{"text":"News","link":"https:\/\/pscg.me\/en\/category\/novosti\/"},"img":{"alt_text":"","src":"https:\/\/i0.wp.com\/pscg.me\/wp-content\/uploads\/2024\/05\/EA88ABFD-8A3B-4DD9-88AB-8C62B75035CB-scaled.jpeg?resize=350%2C200&ssl=1","width":350,"height":200,"srcset":"https:\/\/i0.wp.com\/pscg.me\/wp-content\/uploads\/2024\/05\/EA88ABFD-8A3B-4DD9-88AB-8C62B75035CB-scaled.jpeg?resize=350%2C200&ssl=1 1x, https:\/\/i0.wp.com\/pscg.me\/wp-content\/uploads\/2024\/05\/EA88ABFD-8A3B-4DD9-88AB-8C62B75035CB-scaled.jpeg?resize=525%2C300&ssl=1 1.5x, https:\/\/i0.wp.com\/pscg.me\/wp-content\/uploads\/2024\/05\/EA88ABFD-8A3B-4DD9-88AB-8C62B75035CB-scaled.jpeg?resize=700%2C400&ssl=1 2x, https:\/\/i0.wp.com\/pscg.me\/wp-content\/uploads\/2024\/05\/EA88ABFD-8A3B-4DD9-88AB-8C62B75035CB-scaled.jpeg?resize=1050%2C600&ssl=1 3x, https:\/\/i0.wp.com\/pscg.me\/wp-content\/uploads\/2024\/05\/EA88ABFD-8A3B-4DD9-88AB-8C62B75035CB-scaled.jpeg?resize=1400%2C800&ssl=1 4x"},"classes":[]},{"id":165,"url":"https:\/\/pscg.me\/en\/english-passability-of-trails\/","url_meta":{"origin":1265,"position":1},"title":"PASSABILITY OF TRAILS","author":"spetrov","date":"Thursday February  9th, 2012","format":false,"excerpt":"We inform mountaineers and all users of the national network of hiking trails that\u00a0 Coastal - mountain transversal PPT Orjen - Lovcen-Rumija \u2018s trails are viable (walkabkle) with increased caution when moving across massive Orjen and Lovcen\u00a0 (Boka hinterland). Trails in the central part of Montenegro are viable for the\u2026","rel":"","context":"In &quot;News&quot;","block_context":{"text":"News","link":"https:\/\/pscg.me\/en\/category\/novosti\/"},"img":{"alt_text":"","src":"","width":0,"height":0},"classes":[]},{"id":4385,"url":"https:\/\/pscg.me\/en\/izvjestaj-sa-planinske-trke-9th-winter-adventure-race-bjelasica-2023\/","url_meta":{"origin":1265,"position":2},"title":"(Montenegro) Izvje\u0161taj sa planinske trke 9th \u201eWinter Adventure Race \u2013 Bjelasica 2023&#8243;","author":"Tatjana Ivanovic","date":"Friday March 10th, 2023","format":false,"excerpt":"Sorry, this entry is only available in Montenegro.","rel":"","context":"In &quot;News&quot;","block_context":{"text":"News","link":"https:\/\/pscg.me\/en\/category\/novosti\/"},"img":{"alt_text":"","src":"https:\/\/i0.wp.com\/pscg.me\/wp-content\/uploads\/2023\/03\/18.jpg?resize=350%2C200&ssl=1","width":350,"height":200,"srcset":"https:\/\/i0.wp.com\/pscg.me\/wp-content\/uploads\/2023\/03\/18.jpg?resize=350%2C200&ssl=1 1x, https:\/\/i0.wp.com\/pscg.me\/wp-content\/uploads\/2023\/03\/18.jpg?resize=525%2C300&ssl=1 1.5x, https:\/\/i0.wp.com\/pscg.me\/wp-content\/uploads\/2023\/03\/18.jpg?resize=700%2C400&ssl=1 2x, https:\/\/i0.wp.com\/pscg.me\/wp-content\/uploads\/2023\/03\/18.jpg?resize=1050%2C600&ssl=1 3x"},"classes":[]},{"id":1849,"url":"https:\/\/pscg.me\/en\/obiljezen-22-april-dan-planete-zemlje\/","url_meta":{"origin":1265,"position":3},"title":"(Montenegro) Obilje\u017een  22. april Dan planete zemlje","author":"Dragan Bulatovic","date":"Tuesday April 23rd, 2019","format":false,"excerpt":"Sorry, this entry is only available in Montenegro.","rel":"","context":"In &quot;News&quot;","block_context":{"text":"News","link":"https:\/\/pscg.me\/en\/category\/novosti\/"},"img":{"alt_text":"","src":"https:\/\/i0.wp.com\/pscg.me\/wp-content\/uploads\/2019\/04\/IMG-fec46e69af0c4ce70b8fb77684e95b20-V.jpg?resize=350%2C200&ssl=1","width":350,"height":200,"srcset":"https:\/\/i0.wp.com\/pscg.me\/wp-content\/uploads\/2019\/04\/IMG-fec46e69af0c4ce70b8fb77684e95b20-V.jpg?resize=350%2C200&ssl=1 1x, https:\/\/i0.wp.com\/pscg.me\/wp-content\/uploads\/2019\/04\/IMG-fec46e69af0c4ce70b8fb77684e95b20-V.jpg?resize=525%2C300&ssl=1 1.5x, https:\/\/i0.wp.com\/pscg.me\/wp-content\/uploads\/2019\/04\/IMG-fec46e69af0c4ce70b8fb77684e95b20-V.jpg?resize=700%2C400&ssl=1 2x, https:\/\/i0.wp.com\/pscg.me\/wp-content\/uploads\/2019\/04\/IMG-fec46e69af0c4ce70b8fb77684e95b20-V.jpg?resize=1050%2C600&ssl=1 3x"},"classes":[]},{"id":5136,"url":"https:\/\/pscg.me\/en\/saopstenje-strucne-komisije-planinarskog-saveza-crne-gore-za-markacije-planinske-staze-pjesacke-puteve-i-registar\/","url_meta":{"origin":1265,"position":4},"title":"(Montenegro) Saop\u0161tenje stru\u010dne Komisije Planinarskog saveza Crne Gore za markacije, planinske staze, pje\u0161a\u010dke puteve i Registar","author":"Tatjana Ivanovic","date":"Friday December  1st, 2023","format":false,"excerpt":"Sorry, this entry is only available in Montenegro.","rel":"","context":"In &quot;News&quot;","block_context":{"text":"News","link":"https:\/\/pscg.me\/en\/category\/novosti\/"},"img":{"alt_text":"","src":"https:\/\/i0.wp.com\/pscg.me\/wp-content\/uploads\/2021\/01\/Logo-Komisije-za-pjesacke-puteve-planinarske-staze-i-registar.jpg?resize=350%2C200&ssl=1","width":350,"height":200},"classes":[]},{"id":4601,"url":"https:\/\/pscg.me\/en\/odrzan-je-24-orjenski-maraton\/","url_meta":{"origin":1265,"position":5},"title":"(Montenegro) Odr\u017ean je 24. Orjenski maraton","author":"Tatjana Ivanovic","date":"Monday June  5th, 2023","format":false,"excerpt":"Sorry, this entry is only available in Montenegro.","rel":"","context":"In &quot;News&quot;","block_context":{"text":"News","link":"https:\/\/pscg.me\/en\/category\/novosti\/"},"img":{"alt_text":"","src":"https:\/\/i0.wp.com\/pscg.me\/wp-content\/uploads\/2023\/06\/Subra-1.jpg?resize=350%2C200&ssl=1","width":350,"height":200,"srcset":"https:\/\/i0.wp.com\/pscg.me\/wp-content\/uploads\/2023\/06\/Subra-1.jpg?resize=350%2C200&ssl=1 1x, https:\/\/i0.wp.com\/pscg.me\/wp-content\/uploads\/2023\/06\/Subra-1.jpg?resize=525%2C300&ssl=1 1.5x, https:\/\/i0.wp.com\/pscg.me\/wp-content\/uploads\/2023\/06\/Subra-1.jpg?resize=700%2C400&ssl=1 2x, https:\/\/i0.wp.com\/pscg.me\/wp-content\/uploads\/2023\/06\/Subra-1.jpg?resize=1050%2C600&ssl=1 3x, https:\/\/i0.wp.com\/pscg.me\/wp-content\/uploads\/2023\/06\/Subra-1.jpg?resize=1400%2C800&ssl=1 4x"},"classes":[]}],"jetpack_sharing_enabled":true,"jetpack_shortlink":"https:\/\/wp.me\/p9BVX3-kp","_links":{"self":[{"href":"https:\/\/pscg.me\/en\/wp-json\/wp\/v2\/posts\/1265","targetHints":{"allow":["GET"]}}],"collection":[{"href":"https:\/\/pscg.me\/en\/wp-json\/wp\/v2\/posts"}],"about":[{"href":"https:\/\/pscg.me\/en\/wp-json\/wp\/v2\/types\/post"}],"author":[{"embeddable":true,"href":"https:\/\/pscg.me\/en\/wp-json\/wp\/v2\/users\/2"}],"replies":[{"embeddable":true,"href":"https:\/\/pscg.me\/en\/wp-json\/wp\/v2\/comments?post=1265"}],"version-history":[{"count":0,"href":"https:\/\/pscg.me\/en\/wp-json\/wp\/v2\/posts\/1265\/revisions"}],"wp:featuredmedia":[{"embeddable":true,"href":"https:\/\/pscg.me\/en\/wp-json\/wp\/v2\/media\/1267"}],"wp:attachment":[{"href":"https:\/\/pscg.me\/en\/wp-json\/wp\/v2\/media?parent=1265"}],"wp:term":[{"taxonomy":"category","embeddable":true,"href":"https:\/\/pscg.me\/en\/wp-json\/wp\/v2\/categories?post=1265"},{"taxonomy":"post_tag","embeddable":true,"href":"https:\/\/pscg.me\/en\/wp-json\/wp\/v2\/tags?post=1265"}],"curies":[{"name":"wp","href":"https:\/\/api.w.org\/{rel}","templated":true}]}}