{"id":116,"date":"2018-01-24T20:42:29","date_gmt":"2018-01-24T19:42:29","guid":{"rendered":"http:\/\/pscg.me\/?p=116"},"modified":"2018-02-19T23:07:43","modified_gmt":"2018-02-19T22:07:43","slug":"bjelasicki-maraton-2018","status":"publish","type":"post","link":"https:\/\/pscg.me\/en\/bjelasicki-maraton-2018\/","title":{"rendered":"(Montenegro) Bjelasi\u010dki maraton 2018"},"content":{"rendered":"<p class=\"qtranxs-available-languages-message qtranxs-available-languages-message-en\">Sorry, this entry is only available in <a href=\"https:\/\/pscg.me\/sr\/wp-json\/wp\/v2\/posts\/116\" class=\"qtranxs-available-language-link qtranxs-available-language-link-sr\" title=\"Montenegro\">Montenegro<\/a>.<\/p>","protected":false},"excerpt":{"rendered":"<p>Sorry, this entry is only available in Montenegro.<\/p>\n","protected":false},"author":1,"featured_media":119,"comment_status":"open","ping_status":"open","sticky":false,"template":"","format":"standard","meta":{"jetpack_post_was_ever_published":false,"_jetpack_newsletter_access":"","_jetpack_dont_email_post_to_subs":false,"_jetpack_newsletter_tier_id":0,"_jetpack_memberships_contains_paywalled_content":false,"_jetpack_memberships_contains_paid_content":false,"footnotes":""},"categories":[3],"tags":[13,15],"class_list":["post-116","post","type-post","status-publish","format-standard","has-post-thumbnail","hentry","category-novosti","tag-bjelasicki-maraton","tag-visokogorci"],"jetpack_featured_media_url":"https:\/\/pscg.me\/wp-content\/uploads\/2018\/01\/DSC_0202.jpg","jetpack_likes_enabled":true,"jetpack-related-posts":[{"id":2855,"url":"https:\/\/pscg.me\/en\/odlozen-bjelasicki-maraton\/","url_meta":{"origin":116,"position":0},"title":"(Montenegro) Odlo\u017een Bjelasi\u010dki maraton","author":"Tatjana Ivanovic","date":"Friday February 26th, 2021","format":false,"excerpt":"Sorry, this entry is only available in Montenegro.","rel":"","context":"In &quot;News&quot;","block_context":{"text":"News","link":"https:\/\/pscg.me\/en\/category\/novosti\/"},"img":{"alt_text":"","src":"","width":0,"height":0},"classes":[]},{"id":3531,"url":"https:\/\/pscg.me\/en\/poziv-na-bjelasicki-maraton\/","url_meta":{"origin":116,"position":1},"title":"(Montenegro) Poziv na Bjelasi\u010dki maraton","author":"Tatjana Ivanovic","date":"Wednesday February  9th, 2022","format":false,"excerpt":"Sorry, this entry is only available in Montenegro.","rel":"","context":"In &quot;News&quot;","block_context":{"text":"News","link":"https:\/\/pscg.me\/en\/category\/novosti\/"},"img":{"alt_text":"","src":"","width":0,"height":0},"classes":[]},{"id":3567,"url":"https:\/\/pscg.me\/en\/odrzana-zimska-avanturisticka-trka-na-bjelasici-bjelasicki-maraton-2022\/","url_meta":{"origin":116,"position":2},"title":"(Montenegro) Odr\u017eana zimska avanturisti\u010dka trka na Bjelasici-Bjelasi\u010dki maraton 2022","author":"Dragan Bulatovic","date":"Monday March  7th, 2022","format":false,"excerpt":"Sorry, this entry is only available in Montenegro.","rel":"","context":"In &quot;News&quot;","block_context":{"text":"News","link":"https:\/\/pscg.me\/en\/category\/novosti\/"},"img":{"alt_text":"","src":"https:\/\/i0.wp.com\/pscg.me\/wp-content\/uploads\/2022\/03\/Bjelasicki-2.jpg?resize=350%2C200&ssl=1","width":350,"height":200,"srcset":"https:\/\/i0.wp.com\/pscg.me\/wp-content\/uploads\/2022\/03\/Bjelasicki-2.jpg?resize=350%2C200&ssl=1 1x, https:\/\/i0.wp.com\/pscg.me\/wp-content\/uploads\/2022\/03\/Bjelasicki-2.jpg?resize=525%2C300&ssl=1 1.5x, https:\/\/i0.wp.com\/pscg.me\/wp-content\/uploads\/2022\/03\/Bjelasicki-2.jpg?resize=700%2C400&ssl=1 2x"},"classes":[]},{"id":2904,"url":"https:\/\/pscg.me\/en\/poziv-na-7-winter-adventure-race-bjelasicki-maraton-2021\/","url_meta":{"origin":116,"position":3},"title":"Poz","author":"Tatjana Ivanovic","date":"Wednesday May  5th, 2021","format":false,"excerpt":"Sorry, this entry is only available in Montenegro.","rel":"","context":"In &quot;News&quot;","block_context":{"text":"News","link":"https:\/\/pscg.me\/en\/category\/novosti\/"},"img":{"alt_text":"","src":"https:\/\/i0.wp.com\/pscg.me\/wp-content\/uploads\/2021\/05\/Bjelasicki-maraton.jpg?resize=350%2C200&ssl=1","width":350,"height":200,"srcset":"https:\/\/i0.wp.com\/pscg.me\/wp-content\/uploads\/2021\/05\/Bjelasicki-maraton.jpg?resize=350%2C200&ssl=1 1x, https:\/\/i0.wp.com\/pscg.me\/wp-content\/uploads\/2021\/05\/Bjelasicki-maraton.jpg?resize=525%2C300&ssl=1 1.5x"},"classes":[]},{"id":6248,"url":"https:\/\/pscg.me\/en\/poziv-za-prijavu-za-ucesce-na-jedanaestom-bjelasickom-maratonu\/","url_meta":{"origin":116,"position":4},"title":"(Montenegro) POZIV ZA PRIJAVU ZA U\u010cE\u0160\u0106E NA JEDANAESTOM BJELASI\u010cKOM MARATONU","author":"Tatjana Ivanovic","date":"Wednesday February 12th, 2025","format":false,"excerpt":"Sorry, this entry is only available in Montenegro.","rel":"","context":"In &quot;News&quot;","block_context":{"text":"News","link":"https:\/\/pscg.me\/en\/category\/novosti\/"},"img":{"alt_text":"","src":"https:\/\/i0.wp.com\/pscg.me\/wp-content\/uploads\/2025\/02\/IMG_5731.jpeg?resize=350%2C200&ssl=1","width":350,"height":200,"srcset":"https:\/\/i0.wp.com\/pscg.me\/wp-content\/uploads\/2025\/02\/IMG_5731.jpeg?resize=350%2C200&ssl=1 1x, https:\/\/i0.wp.com\/pscg.me\/wp-content\/uploads\/2025\/02\/IMG_5731.jpeg?resize=525%2C300&ssl=1 1.5x, https:\/\/i0.wp.com\/pscg.me\/wp-content\/uploads\/2025\/02\/IMG_5731.jpeg?resize=700%2C400&ssl=1 2x, https:\/\/i0.wp.com\/pscg.me\/wp-content\/uploads\/2025\/02\/IMG_5731.jpeg?resize=1050%2C600&ssl=1 3x"},"classes":[]},{"id":4373,"url":"https:\/\/pscg.me\/en\/prijavite-se-i-ucestvujte-na-zimskoj-trci-bjelasica-winter-adventure-race\/","url_meta":{"origin":116,"position":5},"title":"(Montenegro) Prijavite se i u\u010destvujte na zimskoj trci Bjelasica Winter Adventure Race","author":"Tatjana Ivanovic","date":"Tuesday February 21st, 2023","format":false,"excerpt":"Sorry, this entry is only available in Montenegro.","rel":"","context":"In &quot;News&quot;","block_context":{"text":"News","link":"https:\/\/pscg.me\/en\/category\/novosti\/"},"img":{"alt_text":"","src":"https:\/\/i0.wp.com\/pscg.me\/wp-content\/uploads\/2023\/02\/Bjelasicki-maraton-2023-poster.jpg?resize=350%2C200&ssl=1","width":350,"height":200,"srcset":"https:\/\/i0.wp.com\/pscg.me\/wp-content\/uploads\/2023\/02\/Bjelasicki-maraton-2023-poster.jpg?resize=350%2C200&ssl=1 1x, https:\/\/i0.wp.com\/pscg.me\/wp-content\/uploads\/2023\/02\/Bjelasicki-maraton-2023-poster.jpg?resize=525%2C300&ssl=1 1.5x, https:\/\/i0.wp.com\/pscg.me\/wp-content\/uploads\/2023\/02\/Bjelasicki-maraton-2023-poster.jpg?resize=700%2C400&ssl=1 2x"},"classes":[]}],"jetpack_sharing_enabled":true,"jetpack_shortlink":"https:\/\/wp.me\/p9BVX3-1S","_links":{"self":[{"href":"https:\/\/pscg.me\/en\/wp-json\/wp\/v2\/posts\/116","targetHints":{"allow":["GET"]}}],"collection":[{"href":"https:\/\/pscg.me\/en\/wp-json\/wp\/v2\/posts"}],"about":[{"href":"https:\/\/pscg.me\/en\/wp-json\/wp\/v2\/types\/post"}],"author":[{"embeddable":true,"href":"https:\/\/pscg.me\/en\/wp-json\/wp\/v2\/users\/1"}],"replies":[{"embeddable":true,"href":"https:\/\/pscg.me\/en\/wp-json\/wp\/v2\/comments?post=116"}],"version-history":[{"count":0,"href":"https:\/\/pscg.me\/en\/wp-json\/wp\/v2\/posts\/116\/revisions"}],"wp:featuredmedia":[{"embeddable":true,"href":"https:\/\/pscg.me\/en\/wp-json\/wp\/v2\/media\/119"}],"wp:attachment":[{"href":"https:\/\/pscg.me\/en\/wp-json\/wp\/v2\/media?parent=116"}],"wp:term":[{"taxonomy":"category","embeddable":true,"href":"https:\/\/pscg.me\/en\/wp-json\/wp\/v2\/categories?post=116"},{"taxonomy":"post_tag","embeddable":true,"href":"https:\/\/pscg.me\/en\/wp-json\/wp\/v2\/tags?post=116"}],"curies":[{"name":"wp","href":"https:\/\/api.w.org\/{rel}","templated":true}]}}